{"id":235,"date":"2020-12-08T12:00:00","date_gmt":"2020-12-08T11:00:00","guid":{"rendered":"https:\/\/instytutpm.eu\/?p=235"},"modified":"2023-05-29T21:27:24","modified_gmt":"2023-05-29T19:27:24","slug":"za-co-mozna-deportowac-czlowieka","status":"publish","type":"post","link":"https:\/\/instytutpm.eu\/uk\/za-co-mozna-deportowac-czlowieka\/","title":{"rendered":"Za co mo\u017cna deportowa\u0107 cz\u0142owieka"},"content":{"rendered":"\n<p>Deportation does not exist. This radical statement is, and is not, true at the same time. The current law on foreigners does not provide for the formulation of deportations. Therefore, the use of this wording can be used in theoretical or oral considerations, but it is a mistake if we use this wording based on legal matters.<\/p>\n\n\n\n<h2 class=\"wp-block-heading advgb-dyn-2d5c2626\"><strong>Deportacja nie istnieje.<\/strong><\/h2>\n\n\n\n<p>To radykalne stwierdzenie jednocze\u015bnie jest i nie jest prawdziwe. W obecnie obowi\u0105zuj\u0105cej ustawie o cudzoziemcach nie pada sformu\u0142owanie deportacja. W zwi\u0105zku z tym u\u017cywanie tego sformu\u0142owania mo\u017ce pos\u0142u\u017cy\u0107 w rozwa\u017caniach teoretycznych czy w mowie potocznej, natomiast jest to b\u0142\u0119dem je\u017celi pos\u0142ugujemy si\u0119 tym sformu\u0142owaniem, dotykaj\u0105c materii ustawowej. Jakim sformu\u0142owaniem pos\u0142uguje si\u0119 zatem ustawa?&nbsp;<\/p>\n\n\n\n<h3 class=\"wp-block-heading advgb-dyn-a4a5d42b\">WYCHODZ\u0104C NAPRZECIW AKTOM PRAWNYM UE W USTAWIE O CUDZOZIEMCACH, POLSKA ZASTOSOWA\u0141A DWUSTOPNIOWY MODEL WYDALENIA CUDZOZIEMCA Z KRAJU. S\u0141OWO&nbsp;<em>DEPORTACJA&nbsp;<\/em>ZAST\u0104PI\u0141O SFORMU\u0141OWANIE \u201e<em>ZOBOWI\u0104ZANIE CUDZOZIEMCA DO POWROTU<\/em>\u201d.&nbsp;&nbsp;<\/h3>\n\n\n\n<p>Pierwszym stopniem tego modelu wydarzenia z kraju jest zobowi\u0105zanie&nbsp; do dobrowolnego powrotu do kraju pochodzenia. Oczywi\u015bcie decyzja taka jest po\u0142\u0105czona zakazem ponownego wjazdu na terytorium Rzeczypospolitej Polskiej i innych kraj\u00f3w&nbsp; strefy Schengen.&nbsp; Natomiast na jej wykonanie cudzoziemiec najcz\u0119\u015bciej ma 30 dni. Drugim stopniem jest zobowi\u0105zanie do powrotu wykonane poprzez doprowadzenie cudzoziemca do granicy. Jest ona przymusowa, a w zwi\u0105zku z tym to ono przypomina bardziej t\u0105 zakorzeniona w zbiorowej pami\u0119ci procedur\u0119 dekoracyjn\u0105.<\/p>\n\n\n\n<figure class=\"wp-block-image size-large\"><img loading=\"lazy\" decoding=\"async\" width=\"1440\" height=\"961\" src=\"https:\/\/instytutpm.eu\/wp-content\/uploads\/2020\/12\/write-1440x961.jpeg\" alt=\"write\" class=\"wp-image-1765\"\/><\/figure>\n\n\n\n<h2 class=\"wp-block-heading advgb-dyn-ebb39e3a\"><strong>Trzy grupy przes\u0142anek wydania decyzji zobowi\u0105zania do powrotu<\/strong><\/h2>\n\n\n\n<p>Zastan\u00f3wmy si\u0119 jednak, za co mo\u017cna wyda\u0107 decyzj\u0119 o zobowi\u0105zaniu do powrotu. Reguluje to dok\u0142adnie&nbsp;art. 302 Ustawy o Cudzoziemcach,&nbsp; jednak\u017ce w kilkunastu uj\u0119tych tam powod\u00f3w do wydania takiej decyzji najwa\u017cniejszych jest 10 podstaw. W tych podstaw wyodr\u0119bni\u0142bym 3 grupy.&nbsp;<\/p>\n\n\n\n<p><strong>I&nbsp;<\/strong>grup\u0105 jest grupa dotycz\u0105ca legalnego przebywania na terytorium Rzeczypospolitej Polskiej:<\/p>\n\n\n\n<ul class=\"wp-block-list\">\n<li>Brak legalnego dokumentu w trakcie pobytu na terytorium Polski, czyli brak wizy brak karty pobytu, czy brak innego potwierdzenia legalnego pobytu.<\/li>\n\n\n\n<li>Up\u0142yni\u0119cie wa\u017cno\u015bci dokumentu potwierdzaj\u0105cego legalny pobytu. No czyli, innymi s\u0142owy, przebywanie w okresie legalno\u015bci wizy czy te\u017c innego dokumentu.<\/li>\n\n\n\n<li>Przekroczenie lub usi\u0142owanie przekroczenia granicy Rzeczypospolitej Polskiej wbrew przepisom.&nbsp;<\/li>\n<\/ul>\n\n\n\n<p>Jest to zbi\u00f3r stosunkowo zrozumia\u0142y intuicyjny, dlatego tutaj nie ma wi\u0119kszego sensu rozwodzenia si\u0119 nad tymi przes\u0142ankami.<\/p>\n\n\n\n<p><strong>II&nbsp;<\/strong>grupa przes\u0142anek zwi\u0105zana jest bardziej z aktywno\u015bci\u0105 w trakcie pobytu na terytorium Polski:<\/p>\n\n\n\n<ul class=\"wp-block-list\">\n<li>\u015awiadczenie pracy w Polsce bez wa\u017cnego zezwolenia lub o\u015bwiadczenia, lub niezgodnie z tymi zezwoleniami b\u0105d\u017a o\u015bwiadczeniami.&nbsp; W zwi\u0105zku z tym ka\u017cdy cudzoziemiec powinien pami\u0119ta\u0107, \u017ce podejmuj\u0105c prac\u0119 w Polsce jeden egzemplarz zezwolenia b\u0105d\u017a o\u015bwiadczenia zawsze powinien by\u0107 u niego, i umowa, kt\u00f3r\u0105 podpisuje, powinna by\u0107 zgodna z warunkami w tym, \u017ce zezwoleniu b\u0105d\u017a o\u015bwiadczeniu. Poniewa\u017c to jest gwarancja tego, \u017ce nie pope\u0142nia tego wykroczenie i \u017ce mo\u017ce legalnie wykonywa\u0107 t\u0119 prac\u0119.&nbsp;<\/li>\n\n\n\n<li>Podejmowanie dzia\u0142alno\u015bci gospodarczej w Polsce niezgodnie z przepisami prawa.&nbsp; Tutaj, chocia\u017cby nale\u017ca\u0142oby poda\u0107 przyk\u0142ady formy dzia\u0142alno\u015bci gospodarczej, kt\u00f3re s\u0105 ograniczone wobec niekt\u00f3rych grup cudzoziemc\u00f3w czy te\u017c prowadzenie jakiej\u015b dzia\u0142alno\u015bci regulowanej bez wymaganych kwalifikacji i licencji.&nbsp;<\/li>\n\n\n\n<li>I ostatnio w tej grupie jest przes\u0142anka niezgodno\u015bci celu i warunk\u00f3w pobytu cudzoziemca z deklarowanymi.&nbsp; Chodzi tu o sytuacj\u0119, w kt\u00f3rej osoba na przyk\u0142ad wyrobi\u0142a sobie jedynie legitymacj\u0119 danej szko\u0142y uczelni, ale nie ucz\u0119szcza tam na zaj\u0119cia, korzystaj\u0105c ze wszelkich przywilej\u00f3w dotycz\u0105cych w\u0142a\u015bnie uczni\u00f3w b\u0105d\u017a student\u00f3w. Takie osoby jak najbardziej mog\u0105 zosta\u0107 zobowi\u0105zane do powrotu.<\/li>\n<\/ul>\n\n\n\n<p><strong>III&nbsp;<\/strong>grup\u0105 jest tutaj brak mo\u017cliwo\u015bci przebywania w Polsce poprzez niezgodnych z przepisami prawa. Ta grupa odnosi si\u0119 do sytuacji, w kt\u00f3rej pomimo tego, \u017ce mamy podstaw\u0119 pobytowa podstaw\u0119 pobytow\u0105 kt\u00f3ra jest nawet zgodna z tym co aktualnie jest naszym celem, to inne okoliczno\u015bci powoduj\u0105, \u017ce mo\u017cemy zosta\u0107 zobowi\u0105zani do powrotu.&nbsp;<\/p>\n\n\n\n<ul class=\"wp-block-list\">\n<li>Brak \u015brodk\u00f3w finansowych niezb\u0119dnych do pokrycia koszt\u00f3w pobytu na terytorium RP.&nbsp; S\u0105 one okre\u015blone w aktach prawnych i cudzoziemcy powinni stosowa\u0107 si\u0119 do tych\u017ce przepis\u00f3w.&nbsp;<\/li>\n\n\n\n<li>Pobyt danej osoby na terytorium Rzeczypospolitej Polskiej jest niepo\u017c\u0105dany,&nbsp; \u017ce osoba taka mo\u017ce stanowi\u0107 zagro\u017cenie dla bezpiecze\u0144stwa i obronno\u015bci Rzeczypospolitej Polskiej.&nbsp;<\/li>\n\n\n\n<li>Dane cudzoziemca znajduj\u0105 si\u0119 w systemie informacji Schengen do cel\u00f3w odmowy wjazdu.&nbsp;&nbsp;<\/li>\n<\/ul>\n\n\n\n<p>Jak widzimy, ta grupa jest troszeczk\u0119 inna, poniewa\u017c cudzoziemiec ma wp\u0142yw na podleganie b\u0105d\u017a niepodleganie tym przes\u0142ank\u0105. Jednak wola ustawodawcy jest o wiele mocniejsza ni\u017c w dw\u00f3ch poprzednich grupach, gdzie to cudzoziemiec jasno m\u00f3g\u0142 dostrzec ramy legalno\u015bci b\u0105d\u017a nielegalno\u015bci swojego pobytu.<\/p>\n\n\n\n<p><em>Reasumuj\u0105c, zobowi\u0105zanie do powrotu jest nowoczesn\u0105 form\u0105 procedury&nbsp; deportacyjnej, nie ma ono zwi\u0105zku z drobnymi wykroczeniami karnymi, a przes\u0142anki s\u0105 \u015bci\u015ble okre\u015blone w ustawie o cudzoziemcach. Jednak\u017ce sam katalog jest dosy\u0107 d\u0142ugi i szeroki w zwi\u0105zku z czym na cudzoziemcu ci\u0105\u017cy obowi\u0105zek dba\u0142o\u015bci o to, \u017ceby nie wype\u0142nia\u0107 \u017cadnej z przes\u0142anek umo\u017cliwiaj\u0105cych wszcz\u0119cie procedury powrotnej.&nbsp;<\/em><\/p>\n","protected":false},"excerpt":{"rendered":"<p>Deportation does not exist. This radical statement is, and is not, true at the same time. The current law on foreigners does not provide for the formulation of deportations. Therefore, the use of this wording can be used in theoretical or oral considerations, but it is a mistake if we use this wording based on&#8230;<\/p>\n","protected":false},"author":2,"featured_media":1765,"comment_status":"closed","ping_status":"closed","sticky":false,"template":"","format":"standard","meta":{"inline_featured_image":false,"advgb_blocks_editor_width":"","advgb_blocks_columns_visual_guide":"","footnotes":""},"categories":[5,1],"tags":[],"class_list":["post-235","post","type-post","status-publish","format-standard","has-post-thumbnail","hentry","category-ciekawostka","category-instytut-praw-migrantow"],"yoast_head":"<!-- This site is optimized with the Yoast SEO plugin v27.5 - https:\/\/yoast.com\/product\/yoast-seo-wordpress\/ -->\n<title>Za co mo\u017cna deportowa\u0107 cz\u0142owieka - \u0406\u043d\u0441\u0442\u0438\u0442\u0443\u0442 \u041f\u0440\u0430\u0432 \u041c\u0456\u0433\u0440\u0430\u043d\u0442\u0456\u0432<\/title>\n<meta name=\"description\" content=\"Naszyme celem jest kszta\u0142cenie spo\u0142ecze\u0144stwa r\u00f3wnych szans \u015bwiadomego swoich praw, poprzez prowadzenie dzia\u0142alno\u015bci konsultacyjnej i szkoleniowej.\" \/>\n<meta name=\"robots\" content=\"index, follow, max-snippet:-1, max-image-preview:large, max-video-preview:-1\" \/>\n<link rel=\"canonical\" href=\"https:\/\/instytutpm.eu\/za-co-mozna-deportowac-czlowieka\/\" \/>\n<meta property=\"og:locale\" content=\"en_US\" \/>\n<meta property=\"og:type\" content=\"article\" \/>\n<meta property=\"og:title\" content=\"Za co mo\u017cna deportowa\u0107 cz\u0142owieka - \u0406\u043d\u0441\u0442\u0438\u0442\u0443\u0442 \u041f\u0440\u0430\u0432 \u041c\u0456\u0433\u0440\u0430\u043d\u0442\u0456\u0432\" \/>\n<meta property=\"og:description\" content=\"Naszyme celem jest kszta\u0142cenie spo\u0142ecze\u0144stwa r\u00f3wnych szans \u015bwiadomego swoich praw, poprzez prowadzenie dzia\u0142alno\u015bci konsultacyjnej i szkoleniowej.\" \/>\n<meta property=\"og:url\" content=\"https:\/\/instytutpm.eu\/za-co-mozna-deportowac-czlowieka\/\" \/>\n<meta property=\"og:site_name\" content=\"\u0406\u043d\u0441\u0442\u0438\u0442\u0443\u0442 \u041f\u0440\u0430\u0432 \u041c\u0456\u0433\u0440\u0430\u043d\u0442\u0456\u0432\" \/>\n<meta property=\"article:publisher\" content=\"https:\/\/www.facebook.com\/Instytutpm\" \/>\n<meta property=\"article:published_time\" content=\"2020-12-08T11:00:00+00:00\" \/>\n<meta property=\"article:modified_time\" content=\"2023-05-29T19:27:24+00:00\" \/>\n<meta property=\"og:image\" content=\"https:\/\/instytutpm.eu\/wp-content\/uploads\/2020\/12\/write.jpeg\" \/>\n\t<meta property=\"og:image:width\" content=\"1600\" \/>\n\t<meta property=\"og:image:height\" content=\"1068\" \/>\n\t<meta property=\"og:image:type\" content=\"image\/jpeg\" \/>\n<meta name=\"author\" content=\"Instytut Praw Migrant\u00f3w\" \/>\n<meta name=\"twitter:card\" content=\"summary_large_image\" \/>\n<meta name=\"twitter:creator\" content=\"@Instytutipm\" \/>\n<meta name=\"twitter:site\" content=\"@Instytutipm\" \/>\n<meta name=\"twitter:label1\" content=\"Written by\" \/>\n\t<meta name=\"twitter:data1\" content=\"Instytut Praw Migrant\u00f3w\" \/>\n\t<meta name=\"twitter:label2\" content=\"Est. reading time\" \/>\n\t<meta name=\"twitter:data2\" content=\"4 minutes\" \/>\n<script type=\"application\/ld+json\" class=\"yoast-schema-graph\">{\"@context\":\"https:\\\/\\\/schema.org\",\"@graph\":[{\"@type\":\"Article\",\"@id\":\"https:\\\/\\\/instytutpm.eu\\\/za-co-mozna-deportowac-czlowieka\\\/#article\",\"isPartOf\":{\"@id\":\"https:\\\/\\\/instytutpm.eu\\\/za-co-mozna-deportowac-czlowieka\\\/\"},\"author\":{\"name\":\"Instytut Praw Migrant\u00f3w\",\"@id\":\"https:\\\/\\\/instytutpm.eu\\\/#\\\/schema\\\/person\\\/786e05d0f6f22e29b93c5ded632d8bd2\"},\"headline\":\"Za co mo\u017cna deportowa\u0107 cz\u0142owieka\",\"datePublished\":\"2020-12-08T11:00:00+00:00\",\"dateModified\":\"2023-05-29T19:27:24+00:00\",\"mainEntityOfPage\":{\"@id\":\"https:\\\/\\\/instytutpm.eu\\\/za-co-mozna-deportowac-czlowieka\\\/\"},\"wordCount\":899,\"publisher\":{\"@id\":\"https:\\\/\\\/instytutpm.eu\\\/#organization\"},\"image\":{\"@id\":\"https:\\\/\\\/instytutpm.eu\\\/za-co-mozna-deportowac-czlowieka\\\/#primaryimage\"},\"thumbnailUrl\":\"https:\\\/\\\/instytutpm.eu\\\/wp-content\\\/uploads\\\/2020\\\/12\\\/write.jpeg\",\"articleSection\":[\"Ciekawostka\",\"IPM\"],\"inLanguage\":\"ua\"},{\"@type\":\"WebPage\",\"@id\":\"https:\\\/\\\/instytutpm.eu\\\/za-co-mozna-deportowac-czlowieka\\\/\",\"url\":\"https:\\\/\\\/instytutpm.eu\\\/za-co-mozna-deportowac-czlowieka\\\/\",\"name\":\"Za co mo\u017cna deportowa\u0107 cz\u0142owieka - \u0406\u043d\u0441\u0442\u0438\u0442\u0443\u0442 \u041f\u0440\u0430\u0432 \u041c\u0456\u0433\u0440\u0430\u043d\u0442\u0456\u0432\",\"isPartOf\":{\"@id\":\"https:\\\/\\\/instytutpm.eu\\\/#website\"},\"primaryImageOfPage\":{\"@id\":\"https:\\\/\\\/instytutpm.eu\\\/za-co-mozna-deportowac-czlowieka\\\/#primaryimage\"},\"image\":{\"@id\":\"https:\\\/\\\/instytutpm.eu\\\/za-co-mozna-deportowac-czlowieka\\\/#primaryimage\"},\"thumbnailUrl\":\"https:\\\/\\\/instytutpm.eu\\\/wp-content\\\/uploads\\\/2020\\\/12\\\/write.jpeg\",\"datePublished\":\"2020-12-08T11:00:00+00:00\",\"dateModified\":\"2023-05-29T19:27:24+00:00\",\"description\":\"Naszyme celem jest kszta\u0142cenie spo\u0142ecze\u0144stwa r\u00f3wnych szans \u015bwiadomego swoich praw, poprzez prowadzenie dzia\u0142alno\u015bci konsultacyjnej i szkoleniowej.\",\"breadcrumb\":{\"@id\":\"https:\\\/\\\/instytutpm.eu\\\/za-co-mozna-deportowac-czlowieka\\\/#breadcrumb\"},\"inLanguage\":\"ua\",\"potentialAction\":[{\"@type\":\"ReadAction\",\"target\":[\"https:\\\/\\\/instytutpm.eu\\\/za-co-mozna-deportowac-czlowieka\\\/\"]}]},{\"@type\":\"ImageObject\",\"inLanguage\":\"ua\",\"@id\":\"https:\\\/\\\/instytutpm.eu\\\/za-co-mozna-deportowac-czlowieka\\\/#primaryimage\",\"url\":\"https:\\\/\\\/instytutpm.eu\\\/wp-content\\\/uploads\\\/2020\\\/12\\\/write.jpeg\",\"contentUrl\":\"https:\\\/\\\/instytutpm.eu\\\/wp-content\\\/uploads\\\/2020\\\/12\\\/write.jpeg\",\"width\":1600,\"height\":1068,\"caption\":\"write\"},{\"@type\":\"BreadcrumbList\",\"@id\":\"https:\\\/\\\/instytutpm.eu\\\/za-co-mozna-deportowac-czlowieka\\\/#breadcrumb\",\"itemListElement\":[{\"@type\":\"ListItem\",\"position\":1,\"name\":\"Home\",\"item\":\"https:\\\/\\\/instytutpm.eu\\\/uk\\\/\"},{\"@type\":\"ListItem\",\"position\":2,\"name\":\"Za co mo\u017cna deportowa\u0107 cz\u0142owieka\"}]},{\"@type\":\"WebSite\",\"@id\":\"https:\\\/\\\/instytutpm.eu\\\/#website\",\"url\":\"https:\\\/\\\/instytutpm.eu\\\/\",\"name\":\"Instytut Praw Migrant\u00f3w\",\"description\":\"\u041d\u0430\u0434\u0430\u0454\u043c\u043e \u0431\u0435\u0437\u043a\u043e\u0448\u0442\u043e\u0432\u043d\u0443 \u0456\u043d\u0444\u043e\u0440\u043c\u0430\u0446\u0456\u0439\u043d\u0443 \u043f\u0456\u0434\u0442\u0440\u0438\u043c\u043a\u0443 \u0434\u043b\u044f \u043c\u0456\u0433\u0440\u0430\u043d\u0442\u0456\u0432\",\"publisher\":{\"@id\":\"https:\\\/\\\/instytutpm.eu\\\/#organization\"},\"alternateName\":\"IPM\",\"potentialAction\":[{\"@type\":\"SearchAction\",\"target\":{\"@type\":\"EntryPoint\",\"urlTemplate\":\"https:\\\/\\\/instytutpm.eu\\\/?s={search_term_string}\"},\"query-input\":{\"@type\":\"PropertyValueSpecification\",\"valueRequired\":true,\"valueName\":\"search_term_string\"}}],\"inLanguage\":\"ua\"},{\"@type\":\"Organization\",\"@id\":\"https:\\\/\\\/instytutpm.eu\\\/#organization\",\"name\":\"Instytut Praw Migrant\u00f3w\",\"alternateName\":\"IPM\",\"url\":\"https:\\\/\\\/instytutpm.eu\\\/\",\"logo\":{\"@type\":\"ImageObject\",\"inLanguage\":\"ua\",\"@id\":\"https:\\\/\\\/instytutpm.eu\\\/#\\\/schema\\\/logo\\\/image\\\/\",\"url\":\"https:\\\/\\\/instytutpm.eu\\\/wp-content\\\/uploads\\\/2023\\\/05\\\/ipm-logo.jpg\",\"contentUrl\":\"https:\\\/\\\/instytutpm.eu\\\/wp-content\\\/uploads\\\/2023\\\/05\\\/ipm-logo.jpg\",\"width\":238,\"height\":238,\"caption\":\"Instytut Praw Migrant\u00f3w\"},\"image\":{\"@id\":\"https:\\\/\\\/instytutpm.eu\\\/#\\\/schema\\\/logo\\\/image\\\/\"},\"sameAs\":[\"https:\\\/\\\/www.facebook.com\\\/Instytutpm\",\"https:\\\/\\\/x.com\\\/Instytutipm\"]},{\"@type\":\"Person\",\"@id\":\"https:\\\/\\\/instytutpm.eu\\\/#\\\/schema\\\/person\\\/786e05d0f6f22e29b93c5ded632d8bd2\",\"name\":\"Instytut Praw Migrant\u00f3w\",\"image\":{\"@type\":\"ImageObject\",\"inLanguage\":\"ua\",\"@id\":\"https:\\\/\\\/instytutpm.eu\\\/wp-content\\\/uploads\\\/2023\\\/05\\\/instytut-praw-migrantow_avatar-96x96.jpg\",\"url\":\"https:\\\/\\\/instytutpm.eu\\\/wp-content\\\/uploads\\\/2023\\\/05\\\/instytut-praw-migrantow_avatar-96x96.jpg\",\"contentUrl\":\"https:\\\/\\\/instytutpm.eu\\\/wp-content\\\/uploads\\\/2023\\\/05\\\/instytut-praw-migrantow_avatar-96x96.jpg\",\"caption\":\"Instytut Praw Migrant\u00f3w\"},\"description\":\"Naszym celem jest kszta\u0142cenie spo\u0142ecze\u0144stwa r\u00f3wnych szans \u015bwiadomego swoich praw, poprzez prowadzenie dzia\u0142alno\u015bci konsultacyjnej i szkoleniowej.\",\"url\":\"https:\\\/\\\/instytutpm.eu\\\/uk\\\/author\\\/bp-admin\\\/\"}]}<\/script>\n<!-- \/ Yoast SEO plugin. -->","yoast_head_json":{"title":"Za co mo\u017cna deportowa\u0107 cz\u0142owieka - \u0406\u043d\u0441\u0442\u0438\u0442\u0443\u0442 \u041f\u0440\u0430\u0432 \u041c\u0456\u0433\u0440\u0430\u043d\u0442\u0456\u0432","description":"Naszyme celem jest kszta\u0142cenie spo\u0142ecze\u0144stwa r\u00f3wnych szans \u015bwiadomego swoich praw, poprzez prowadzenie dzia\u0142alno\u015bci konsultacyjnej i szkoleniowej.","robots":{"index":"index","follow":"follow","max-snippet":"max-snippet:-1","max-image-preview":"max-image-preview:large","max-video-preview":"max-video-preview:-1"},"canonical":"https:\/\/instytutpm.eu\/za-co-mozna-deportowac-czlowieka\/","og_locale":"en_US","og_type":"article","og_title":"Za co mo\u017cna deportowa\u0107 cz\u0142owieka - \u0406\u043d\u0441\u0442\u0438\u0442\u0443\u0442 \u041f\u0440\u0430\u0432 \u041c\u0456\u0433\u0440\u0430\u043d\u0442\u0456\u0432","og_description":"Naszyme celem jest kszta\u0142cenie spo\u0142ecze\u0144stwa r\u00f3wnych szans \u015bwiadomego swoich praw, poprzez prowadzenie dzia\u0142alno\u015bci konsultacyjnej i szkoleniowej.","og_url":"https:\/\/instytutpm.eu\/za-co-mozna-deportowac-czlowieka\/","og_site_name":"\u0406\u043d\u0441\u0442\u0438\u0442\u0443\u0442 \u041f\u0440\u0430\u0432 \u041c\u0456\u0433\u0440\u0430\u043d\u0442\u0456\u0432","article_publisher":"https:\/\/www.facebook.com\/Instytutpm","article_published_time":"2020-12-08T11:00:00+00:00","article_modified_time":"2023-05-29T19:27:24+00:00","og_image":[{"width":1600,"height":1068,"url":"https:\/\/instytutpm.eu\/wp-content\/uploads\/2020\/12\/write.jpeg","type":"image\/jpeg"}],"author":"Instytut Praw Migrant\u00f3w","twitter_card":"summary_large_image","twitter_creator":"@Instytutipm","twitter_site":"@Instytutipm","twitter_misc":{"Written by":"Instytut Praw Migrant\u00f3w","Est. reading time":"4 minutes"},"schema":{"@context":"https:\/\/schema.org","@graph":[{"@type":"Article","@id":"https:\/\/instytutpm.eu\/za-co-mozna-deportowac-czlowieka\/#article","isPartOf":{"@id":"https:\/\/instytutpm.eu\/za-co-mozna-deportowac-czlowieka\/"},"author":{"name":"Instytut Praw Migrant\u00f3w","@id":"https:\/\/instytutpm.eu\/#\/schema\/person\/786e05d0f6f22e29b93c5ded632d8bd2"},"headline":"Za co mo\u017cna deportowa\u0107 cz\u0142owieka","datePublished":"2020-12-08T11:00:00+00:00","dateModified":"2023-05-29T19:27:24+00:00","mainEntityOfPage":{"@id":"https:\/\/instytutpm.eu\/za-co-mozna-deportowac-czlowieka\/"},"wordCount":899,"publisher":{"@id":"https:\/\/instytutpm.eu\/#organization"},"image":{"@id":"https:\/\/instytutpm.eu\/za-co-mozna-deportowac-czlowieka\/#primaryimage"},"thumbnailUrl":"https:\/\/instytutpm.eu\/wp-content\/uploads\/2020\/12\/write.jpeg","articleSection":["Ciekawostka","IPM"],"inLanguage":"ua"},{"@type":"WebPage","@id":"https:\/\/instytutpm.eu\/za-co-mozna-deportowac-czlowieka\/","url":"https:\/\/instytutpm.eu\/za-co-mozna-deportowac-czlowieka\/","name":"Za co mo\u017cna deportowa\u0107 cz\u0142owieka - \u0406\u043d\u0441\u0442\u0438\u0442\u0443\u0442 \u041f\u0440\u0430\u0432 \u041c\u0456\u0433\u0440\u0430\u043d\u0442\u0456\u0432","isPartOf":{"@id":"https:\/\/instytutpm.eu\/#website"},"primaryImageOfPage":{"@id":"https:\/\/instytutpm.eu\/za-co-mozna-deportowac-czlowieka\/#primaryimage"},"image":{"@id":"https:\/\/instytutpm.eu\/za-co-mozna-deportowac-czlowieka\/#primaryimage"},"thumbnailUrl":"https:\/\/instytutpm.eu\/wp-content\/uploads\/2020\/12\/write.jpeg","datePublished":"2020-12-08T11:00:00+00:00","dateModified":"2023-05-29T19:27:24+00:00","description":"Naszyme celem jest kszta\u0142cenie spo\u0142ecze\u0144stwa r\u00f3wnych szans \u015bwiadomego swoich praw, poprzez prowadzenie dzia\u0142alno\u015bci konsultacyjnej i szkoleniowej.","breadcrumb":{"@id":"https:\/\/instytutpm.eu\/za-co-mozna-deportowac-czlowieka\/#breadcrumb"},"inLanguage":"ua","potentialAction":[{"@type":"ReadAction","target":["https:\/\/instytutpm.eu\/za-co-mozna-deportowac-czlowieka\/"]}]},{"@type":"ImageObject","inLanguage":"ua","@id":"https:\/\/instytutpm.eu\/za-co-mozna-deportowac-czlowieka\/#primaryimage","url":"https:\/\/instytutpm.eu\/wp-content\/uploads\/2020\/12\/write.jpeg","contentUrl":"https:\/\/instytutpm.eu\/wp-content\/uploads\/2020\/12\/write.jpeg","width":1600,"height":1068,"caption":"write"},{"@type":"BreadcrumbList","@id":"https:\/\/instytutpm.eu\/za-co-mozna-deportowac-czlowieka\/#breadcrumb","itemListElement":[{"@type":"ListItem","position":1,"name":"Home","item":"https:\/\/instytutpm.eu\/uk\/"},{"@type":"ListItem","position":2,"name":"Za co mo\u017cna deportowa\u0107 cz\u0142owieka"}]},{"@type":"WebSite","@id":"https:\/\/instytutpm.eu\/#website","url":"https:\/\/instytutpm.eu\/","name":"Instytut Praw Migrant\u00f3w","description":"\u041d\u0430\u0434\u0430\u0454\u043c\u043e \u0431\u0435\u0437\u043a\u043e\u0448\u0442\u043e\u0432\u043d\u0443 \u0456\u043d\u0444\u043e\u0440\u043c\u0430\u0446\u0456\u0439\u043d\u0443 \u043f\u0456\u0434\u0442\u0440\u0438\u043c\u043a\u0443 \u0434\u043b\u044f \u043c\u0456\u0433\u0440\u0430\u043d\u0442\u0456\u0432","publisher":{"@id":"https:\/\/instytutpm.eu\/#organization"},"alternateName":"IPM","potentialAction":[{"@type":"SearchAction","target":{"@type":"EntryPoint","urlTemplate":"https:\/\/instytutpm.eu\/?s={search_term_string}"},"query-input":{"@type":"PropertyValueSpecification","valueRequired":true,"valueName":"search_term_string"}}],"inLanguage":"ua"},{"@type":"Organization","@id":"https:\/\/instytutpm.eu\/#organization","name":"Instytut Praw Migrant\u00f3w","alternateName":"IPM","url":"https:\/\/instytutpm.eu\/","logo":{"@type":"ImageObject","inLanguage":"ua","@id":"https:\/\/instytutpm.eu\/#\/schema\/logo\/image\/","url":"https:\/\/instytutpm.eu\/wp-content\/uploads\/2023\/05\/ipm-logo.jpg","contentUrl":"https:\/\/instytutpm.eu\/wp-content\/uploads\/2023\/05\/ipm-logo.jpg","width":238,"height":238,"caption":"Instytut Praw Migrant\u00f3w"},"image":{"@id":"https:\/\/instytutpm.eu\/#\/schema\/logo\/image\/"},"sameAs":["https:\/\/www.facebook.com\/Instytutpm","https:\/\/x.com\/Instytutipm"]},{"@type":"Person","@id":"https:\/\/instytutpm.eu\/#\/schema\/person\/786e05d0f6f22e29b93c5ded632d8bd2","name":"Instytut Praw Migrant\u00f3w","image":{"@type":"ImageObject","inLanguage":"ua","@id":"https:\/\/instytutpm.eu\/wp-content\/uploads\/2023\/05\/instytut-praw-migrantow_avatar-96x96.jpg","url":"https:\/\/instytutpm.eu\/wp-content\/uploads\/2023\/05\/instytut-praw-migrantow_avatar-96x96.jpg","contentUrl":"https:\/\/instytutpm.eu\/wp-content\/uploads\/2023\/05\/instytut-praw-migrantow_avatar-96x96.jpg","caption":"Instytut Praw Migrant\u00f3w"},"description":"Naszym celem jest kszta\u0142cenie spo\u0142ecze\u0144stwa r\u00f3wnych szans \u015bwiadomego swoich praw, poprzez prowadzenie dzia\u0142alno\u015bci konsultacyjnej i szkoleniowej.","url":"https:\/\/instytutpm.eu\/uk\/author\/bp-admin\/"}]}},"author_meta":{"display_name":"Instytut Praw Migrant\u00f3w","author_link":"https:\/\/instytutpm.eu\/uk\/author\/bp-admin\/"},"featured_img":"https:\/\/instytutpm.eu\/wp-content\/uploads\/2020\/12\/write-600x401.jpeg","coauthors":[],"tax_additional":{"categories":{"linked":["<a href=\"https:\/\/instytutpm.eu\/uk\/category\/ciekawostka\/\" class=\"advgb-post-tax-term\">Ciekawostka<\/a>","<a href=\"https:\/\/instytutpm.eu\/uk\/category\/instytut-praw-migrantow\/\" class=\"advgb-post-tax-term\">IPM<\/a>"],"unlinked":["<span class=\"advgb-post-tax-term\">Ciekawostka<\/span>","<span class=\"advgb-post-tax-term\">IPM<\/span>"]}},"comment_count":"0","relative_dates":{"created":"Posted 5 years ago","modified":"Updated 3 years ago"},"absolute_dates":{"created":"Posted on 2020-12-08","modified":"Updated on 2023-05-29"},"absolute_dates_time":{"created":"Posted on 2020-12-08 12:00","modified":"Updated on 2023-05-29 21:27"},"featured_img_caption":"","series_order":"","_links":{"self":[{"href":"https:\/\/instytutpm.eu\/uk\/wp-json\/wp\/v2\/posts\/235","targetHints":{"allow":["GET"]}}],"collection":[{"href":"https:\/\/instytutpm.eu\/uk\/wp-json\/wp\/v2\/posts"}],"about":[{"href":"https:\/\/instytutpm.eu\/uk\/wp-json\/wp\/v2\/types\/post"}],"author":[{"embeddable":true,"href":"https:\/\/instytutpm.eu\/uk\/wp-json\/wp\/v2\/users\/2"}],"replies":[{"embeddable":true,"href":"https:\/\/instytutpm.eu\/uk\/wp-json\/wp\/v2\/comments?post=235"}],"version-history":[{"count":2,"href":"https:\/\/instytutpm.eu\/uk\/wp-json\/wp\/v2\/posts\/235\/revisions"}],"predecessor-version":[{"id":1768,"href":"https:\/\/instytutpm.eu\/uk\/wp-json\/wp\/v2\/posts\/235\/revisions\/1768"}],"wp:featuredmedia":[{"embeddable":true,"href":"https:\/\/instytutpm.eu\/uk\/wp-json\/wp\/v2\/media\/1765"}],"wp:attachment":[{"href":"https:\/\/instytutpm.eu\/uk\/wp-json\/wp\/v2\/media?parent=235"}],"wp:term":[{"taxonomy":"category","embeddable":true,"href":"https:\/\/instytutpm.eu\/uk\/wp-json\/wp\/v2\/categories?post=235"},{"taxonomy":"post_tag","embeddable":true,"href":"https:\/\/instytutpm.eu\/uk\/wp-json\/wp\/v2\/tags?post=235"}],"curies":[{"name":"wp","href":"https:\/\/api.w.org\/{rel}","templated":true}]}}