{"id":2223,"date":"2023-08-08T12:50:03","date_gmt":"2023-08-08T10:50:03","guid":{"rendered":"https:\/\/instytutpm.eu\/?p=2223"},"modified":"2023-08-08T14:19:27","modified_gmt":"2023-08-08T12:19:27","slug":"procesy-integracji-w-ujeciu-europejskim","status":"publish","type":"post","link":"https:\/\/instytutpm.eu\/uk\/procesy-integracji-w-ujeciu-europejskim\/","title":{"rendered":"Procesy integracji w uj\u0119ciu europejskim"},"content":{"rendered":"\n<p>Janina Ochojska, pos\u0142anka do Parlamentu Europejskiego, profesor Patrycja Matusz, deputowany do landtagu Nadrenii P\u00f3\u0142nocnej-Westfalii Joseph Neumann wraz z moderatorem dyskusji dyrektorem Biura Parlamentu Europejskiego we Wroc\u0142awiu Leszkiem Gasiem odbyli ciekaw\u0105 dyskusj\u0119 na temat tego, jak wygl\u0105da proces integracji migrant\u00f3w i uchod\u017ac\u00f3w w Europie. Por\u00f3wnane zosta\u0142y do\u015bwiadczenia polskie i niemieckie, a w\u015br\u00f3d om\u00f3wionych kwestii znalaz\u0142y si\u0119 tak\u017ce obawy dotycz\u0105ce przysz\u0142o\u015bci europejskiej polityki azylowej. Najwa\u017cniejsze w\u0105tki i poruszone podczas panelu kwestie zosta\u0142y spisane w formie pyta\u0144 i odpowiedzi, by zachowa\u0107 dynamik\u0119 spotkania, kt\u00f3re odby\u0142o si\u0119 w Biurze Parlamentu Europejskiego podczas \u015arodkowoeuropejskiego Forum Integracyjnego 5 czerwca 2023 roku.\u00a0<\/p>\n\n\n\n<figure class=\"wp-block-image size-large\"><img loading=\"lazy\" decoding=\"async\" width=\"1440\" height=\"859\" src=\"https:\/\/instytutpm.eu\/wp-content\/uploads\/2023\/08\/post-08.08.23-1440x859.webp\" alt=\"Procesy integracji w uj\u0119ciu europejskim\" class=\"wp-image-2225\"\/><\/figure>\n\n\n\n<h3 class=\"wp-block-heading\"><strong>Jak obecnie wygl\u0105daj\u0105 prace Parlamentu Europejskiego i Unii Europejskiej w zakresie integracji migrant\u00f3w?&nbsp;<\/strong><\/h3>\n\n\n\n<p>Pos\u0142anka Janina Ochojska podkre\u015bli\u0142a, \u017ce aktualnie Unia Europejska pracuje nad paktem o migracjach. Prace te id\u0105 bardzo wolno, co oznacza, \u017ce w czasie tej kadencji ten pakt mo\u017ce si\u0119 nie ukaza\u0107. Jest to dobre ze wzgl\u0119du na to, \u017ce w nast\u0119pnej kadencji b\u0119dzie mo\u017cna jeszcze dokona\u0107 wielu zmian. W toku dyskusji istotne by\u0142o om\u00f3wienie drogi, jak\u0105 przebywa uchod\u017aca po przekroczeniu granicy. Zostaje on obj\u0119ty konkretn\u0105 procedur\u0105: mo\u017ce zamieszka\u0107 w o\u015brodku dla uchod\u017ac\u00f3w lub poza nim, je\u015bli ma \u015brodki finansowe i nie zagra\u017ca bezpiecze\u0144stwu pa\u0144stwa. Je\u015bli mieszka w o\u015brodku &#8211; pocz\u0105tek jego integracji ze spo\u0142eczno\u015bci\u0105 przyjmuj\u0105c\u0105 zostaje op\u00f3\u017aniony o wiele miesi\u0119cy. Nie powinno to mie\u0107 miejsca, gdy\u017c proces integracji powinien si\u0119 zaczyna\u0107 od momentu kiedy uchod\u017aca przekracza granic\u0119 UE. Unia z kolei proponuje, aby proces przyznawania azylu wynie\u015b\u0107 poza granice Schengen, np. do Tunezji czy Libii. Nale\u017cy zdawa\u0107 sobie spraw\u0119 z tego, \u017ce to rozwi\u0105zanie spowoduje jeszcze wi\u0119ksze op\u00f3\u017anienie procesu integracji azylanta. Oznacza to zupe\u0142nie inn\u0105 polityk\u0119 integracyjn\u0105, ni\u017c ta do kt\u00f3rej d\u0105\u017cymy. Kolejn\u0105 poruszon\u0105 przez pos\u0142ank\u0119 kwesti\u0105 by\u0142y deportacje, z kt\u00f3rymi\u00a0 UE nie potrafi sobie poradzi\u0107. Osoby kt\u00f3re maj\u0105 by\u0107 deportowane nie s\u0105 deportowane. Wbrew pozorom jest to wa\u017cne pod k\u0105tem integracji uchod\u017ac\u00f3w, gdy\u017c nale\u017ca\u0142oby skupi\u0107 si\u0119 na integracji os\u00f3b, kt\u00f3rych status jest ju\u017c uregulowany, a nie tych, kt\u00f3rzy maj\u0105 by\u0107 poddani procesowi deportacji.\u00a0<\/p>\n\n\n\n<h3 class=\"wp-block-heading\"><strong>Jak obecnie i jak w przesz\u0142o\u015bci by\u0142a rozumiana integracja? Jak definiujemy integracj\u0119 i czym si\u0119 r\u00f3\u017cni od asymilacji?<\/strong><\/h3>\n\n\n\n<p>Profesor Matusz, kt\u00f3ra od lat zajmuje si\u0119 kwestiami migracyjnymi, zwr\u00f3ci\u0142a uwag\u0119 na to, i\u017c w debacie publicznej najtrudniejsze do przyj\u0119cia i najcz\u0119stsze jest mieszanie poj\u0119\u0107, gdy\u017c r\u00f3\u017cnica mi\u0119dzy integracj\u0105 a asymilacj\u0105 jest diametralna. W procesie integracji zak\u0142adamy, \u017ce wszyscy ludzie si\u0119 od siebie r\u00f3\u017cni\u0105, ale \u017cyj\u0105 harmonijnie w jednym spo\u0142ecze\u0144stwie nie odcinaj\u0105c si\u0119 od swoich rodzimych kultur i tradycji. Asymilacja polega na stworzeniu homogenicznego spo\u0142ecze\u0144stwa w kt\u00f3rym nie b\u0119dzie r\u00f3\u017cnic. Odr\u00f3\u017cnienie tych dw\u00f3ch fundamentalnych poj\u0119\u0107 jest istotne w kontek\u015bcie rozwa\u017ca\u0144 nad integracj\u0105 migrant\u00f3w i uchod\u017ac\u00f3w. Wed\u0142ug prof. Matusz integracja jest procesem, kt\u00f3ry zaczyna tu\u017c po przyje\u017adzie i jest d\u0142ugotrwa\u0142y.&nbsp;<\/p>\n\n\n\n<p>Je\u015bli chodzi o polityk\u0119 integracyjn\u0105 UE, to w ka\u017cdym kraju ona si\u0119 wyr\u00f3\u017cnia i w ka\u017cdym jest inna. Wynika to z poprzednich do\u015bwiadcze\u0144 poszczeg\u00f3lnych pa\u0144stw, a tak\u017ce nastawienia spo\u0142ecze\u0144stwa przyjmuj\u0105cego i w\u0142adz do wyzwa\u0144 migracyjnych. Migracja 2015 roku sta\u0142a si\u0119 prze\u0142omowa w kontek\u015bcie postrzegania polityki migracyjnej. To wyzwanie zmusi\u0142o nie tylko du\u017ce miasta, ale tak\u017ce ma\u0142e miejscowo\u015bci i gminy do dostrze\u017cenia i otwarcia si\u0119 na nowe grupy uchod\u017ac\u00f3w. Dobrym tego przyk\u0142adem s\u0105 Niemcy, cho\u0107 teraz podobn\u0105 sytuacj\u0119 mo\u017cemy dostrzec i w Polsce: migranci wojenni z Ukrainy licznie osiedlali si\u0119 w ma\u0142ych miejscowo\u015bciach, co by\u0142o pr\u00f3b\u0105 dla ma\u0142ych hermetycznych wsp\u00f3lnot, kt\u00f3re nie maj\u0105 rozwini\u0119tej siatki instytucjonalnej i licznych NGO\u2019s\u00f3w, w przeciwie\u0144stwie do du\u017cych miast.&nbsp;<\/p>\n\n\n\n<h3 class=\"wp-block-heading\"><strong>Przechodz\u0105c do do\u015bwiadcze\u0144 innych kraj\u00f3w zajrzymy do Niemiec. Jaki jest najwi\u0119kszy sukces, ale i pora\u017cka niemieckich polityk integracyjnych?<\/strong><\/h3>\n\n\n\n<p>Wpierw wracaj\u0105c na chwil\u0119 do poj\u0119cia wyj\u015bciowego, Joseph Neumann podkre\u015bli\u0142, \u017ce integracja jest tematem, kt\u00f3rego nie mo\u017cna pozostawi\u0107 przypadkowi. Proces ten musi mie\u0107 podstaw\u0119 prawn\u0105, strukturaln\u0105 i zasoby finansowe. Jest to zdanie wynikaj\u0105ce bezpo\u015brednio z do\u015bwiadczenia i perspektywy niemieckiej. Do sukces\u00f3w niemieckiej polityki integracyjnej nale\u017cy proaktywne podej\u015bcie do uchod\u017ac\u00f3w. Du\u017c\u0105 lekcj\u0105 okaza\u0142y si\u0119 migracje na prze\u0142omie&nbsp; 2015\/2016, kt\u00f3re omin\u0119\u0142y Polsk\u0119. W tym czasie Niemcy wiele si\u0119 nauczy\u0142y, wi\u0119c mia\u0142y przewag\u0119 nad Polsk\u0105 w kontek\u015bcie przyjmowania du\u017cej liczby migrant\u00f3w wojennych z Ukrainy w 2022. Do\u015bwiadczenie migracyjne 2015\/16 roku bezdyskusyjnie wp\u0142yn\u0119\u0142o na sukces niemieckiej polityki integracyjnej.&nbsp;<\/p>\n\n\n\n<p>W nawi\u0105zaniu do s\u0142\u00f3w Neumanna pos\u0142anka Ochojska zaznaczy\u0142a, \u017ce du\u017cym utrudnieniem na drodze ku integracji spo\u0142ecze\u0144stwa jest to, \u017ce Polska nie wie ilu i jakich ma migrant\u00f3w. Dok\u0142adniej: jakie zawody wykonuj\u0105, czy maj\u0105 w Polsce rodzin\u0119, w jakich j\u0119zykach rozmawiaj\u0105. Gdyby spo\u0142ecze\u0144stwo przyjmuj\u0105ce wcze\u015bniej wiedzia\u0142o jacy migranci przyjad\u0105 do Polski, to integracja, nawet je\u015bli musia\u0142aby by\u0107 tymczasowa, by\u0142aby prostsza i skuteczniejsza. Otwarte pytanie, jakie postawi\u0142a pos\u0142anka Ochojska, to jak zrobi\u0107 tak, by inni, w tym Polska, d\u0105\u017cyli do niemieckiego systemu integracyjnego?&nbsp;<\/p>\n\n\n\n<p>Profesor Matusz, jako jeden z wa\u017cnych aspekt\u00f3w procesu integracji, podkre\u015bli\u0142a obecno\u015b\u0107 migrant\u00f3w w r\u00f3\u017cnych dziedzinach \u017cycia spo\u0142ecznego. By\u0142a mowa o obecno\u015bci migrant\u00f3w w polityce, o pokazywaniu tych os\u00f3b w filmach. Istnienie obrazu migranta w \u015bwiadomo\u015bci spo\u0142ecznej jest wynikiem d\u0142ugotrwa\u0142ego procesu integracji. Procesu, kt\u00f3ry nie jest samoczynny, wymaga zaanga\u017cowania \u015brodk\u00f3w i koncepcji tego, co chcemy osi\u0105gn\u0105\u0107.&nbsp;<\/p>\n\n\n\n<h3 class=\"wp-block-heading\"><strong>Sposoby na radzenie sobie z wyzwaniem integracyjnym: jaka jest rola takich paneli i spotka\u0144 przedstawicieli r\u00f3\u017cnych instytucji i NGO\u2019s\u00f3w w procesie integracji? Za pomoc\u0105 jakich narz\u0119dzi mogliby\u015bmy si\u0119 nauczy\u0107 ram i specyfiki polityki integracyjnej?<\/strong><\/h3>\n\n\n\n<p>Pose\u0142 Neumann podkre\u015bli\u0142, \u017ce trudno jest dawa\u0107 rady innym krajom ze wzgl\u0119du na r\u00f3\u017cne zaplecza i konteksty historyczne poszczeg\u00f3lnych pa\u0144stw. Jednak znalaz\u0142 jedn\u0105 uniwersaln\u0105 rad\u0119. Maj\u0105c do czynienia z ruchami migracyjnymi nale\u017cy je bacznie obserwowa\u0107 i dzia\u0142a\u0107. Brak zaanga\u017cowania czy bierna postawa wobec migracji mog\u0105 si\u0119 okaza\u0107 bardzo niekorzystne dla pa\u0144stwa i doprowadza\u0107 do kryzys\u00f3w.&nbsp;<\/p>\n\n\n\n<h3 class=\"wp-block-heading\"><strong>Zosta\u0142o du\u017co powiedziane na temat spo\u0142ecze\u0144stwa migranckiego, a niewiele o tej drugiej stronie mi\u0119dzykulturowego dialogu. W jaki spos\u00f3b mo\u017cemy prowadzi\u0107 dzia\u0142ania integracyjne od strony spo\u0142ecze\u0144stwa przyjmuj\u0105cego?&nbsp;<\/strong><\/h3>\n\n\n\n<p>Jest to bardzo skomplikowane zagadnienie. Integracja spo\u0142ecze\u0144stwa przyjmuj\u0105cego z migrantami czy uchod\u017acami jest coraz lepsza, poniewa\u017c oparta jest na do\u015bwiadczeniu i na tym, czy i jak jeste\u015bmy oswojeni z innymi osobami. Niestety l\u0119k przed uchod\u017acami i migrantami zaszczepiony w 2015 roku zupe\u0142nie zmieni\u0142 t\u0119 perspektyw\u0119. Dla ludzi, kt\u00f3rzy nigdy nie zetkn\u0119li si\u0119 z migrantem czy uchod\u017ac\u0105, narracja z 2015 wydawa\u0142a si\u0119 prawdziwa i s\u0142uszna. Zatem dostrze\u017cenie w migrancie cz\u0142owieka jest pierwszym krokiem ku akceptacji, a nast\u0119pnie integracji migrant\u00f3w ze spo\u0142ecze\u0144stwem przyjmuj\u0105cym.<\/p>\n\n\n\n<p>Pose\u0142 Neumann s\u0142usznie zauwa\u017cy\u0142, \u017ce w procesie integracji musimy nauczy\u0107 si\u0119 dociera\u0107 do innych os\u00f3b w spo\u0142ecze\u0144stwie. Nie chodzi tylko o spo\u0142ecze\u0144stwo uchod\u017acze czy migranckie. Pose\u0142 pos\u0142u\u017cy\u0142 si\u0119 przyk\u0142adem dotarcia do os\u00f3b z niepe\u0142nosprawno\u015bciami. Je\u015bli znajdziemy nowe podej\u015bcie do takich os\u00f3b, to ostatecznie z tego rozwi\u0105zania skorzysta wi\u0119ksze grono. Chodzi o to, \u017ce nowe spojrzenia i rozwi\u0105zania \u0142ami\u0105 bariery, tym samym pozwalaj\u0105c dostrzec i dotrze\u0107 do trudnych i hermetycznych grup spo\u0142ecznych. Ludzie maj\u0105 by\u0107 ludzcy i pracowa\u0107 nad \u201cbudow\u0105 most\u00f3w\u201d, by porozumie\u0107 si\u0119 z innymi osobami. To wymaga du\u017cego nak\u0142adu pracy, ale nale\u017cy p\u00f3j\u015b\u0107 t\u0105 drog\u0105, je\u017celi zale\u017cy nam na zintegrowaniu spo\u0142ecze\u0144stwa migranckiego, uchod\u017aczego i przyjmuj\u0105cego.&nbsp;<\/p>\n","protected":false},"excerpt":{"rendered":"<p>Janina Ochojska, pos\u0142anka do Parlamentu Europejskiego, profesor Patrycja Matusz, deputowany do landtagu Nadrenii P\u00f3\u0142nocnej-Westfalii Joseph Neumann wraz z moderatorem dyskusji dyrektorem Biura Parlamentu Europejskiego we Wroc\u0142awiu Leszkiem Gasiem odbyli ciekaw\u0105 dyskusj\u0119 na temat tego, jak wygl\u0105da proces integracji migrant\u00f3w i uchod\u017ac\u00f3w w Europie. Por\u00f3wnane zosta\u0142y do\u015bwiadczenia polskie i niemieckie, a w\u015br\u00f3d om\u00f3wionych kwestii znalaz\u0142y si\u0119&#8230;<\/p>\n","protected":false},"author":11,"featured_media":2225,"comment_status":"closed","ping_status":"closed","sticky":false,"template":"","format":"standard","meta":{"inline_featured_image":false,"advgb_blocks_editor_width":"","advgb_blocks_columns_visual_guide":"","footnotes":""},"categories":[5],"tags":[],"class_list":["post-2223","post","type-post","status-publish","format-standard","has-post-thumbnail","hentry","category-ciekawostka"],"yoast_head":"<!-- This site is optimized with the Yoast SEO plugin v27.5 - https:\/\/yoast.com\/product\/yoast-seo-wordpress\/ -->\n<title>Procesy integracji w uj\u0119ciu europejskim - \u0406\u043d\u0441\u0442\u0438\u0442\u0443\u0442 \u041f\u0440\u0430\u0432 \u041c\u0456\u0433\u0440\u0430\u043d\u0442\u0456\u0432<\/title>\n<meta name=\"description\" content=\"Naszyme celem jest kszta\u0142cenie spo\u0142ecze\u0144stwa r\u00f3wnych szans \u015bwiadomego swoich praw, poprzez prowadzenie dzia\u0142alno\u015bci konsultacyjnej i szkoleniowej.\" \/>\n<meta name=\"robots\" content=\"index, follow, max-snippet:-1, max-image-preview:large, max-video-preview:-1\" \/>\n<link rel=\"canonical\" href=\"https:\/\/instytutpm.eu\/procesy-integracji-w-ujeciu-europejskim\/\" \/>\n<meta property=\"og:locale\" content=\"en_US\" \/>\n<meta property=\"og:type\" content=\"article\" \/>\n<meta property=\"og:title\" content=\"Procesy integracji w uj\u0119ciu europejskim - \u0406\u043d\u0441\u0442\u0438\u0442\u0443\u0442 \u041f\u0440\u0430\u0432 \u041c\u0456\u0433\u0440\u0430\u043d\u0442\u0456\u0432\" \/>\n<meta property=\"og:description\" content=\"Naszyme celem jest kszta\u0142cenie spo\u0142ecze\u0144stwa r\u00f3wnych szans \u015bwiadomego swoich praw, poprzez prowadzenie dzia\u0142alno\u015bci konsultacyjnej i szkoleniowej.\" \/>\n<meta property=\"og:url\" content=\"https:\/\/instytutpm.eu\/procesy-integracji-w-ujeciu-europejskim\/\" \/>\n<meta property=\"og:site_name\" content=\"\u0406\u043d\u0441\u0442\u0438\u0442\u0443\u0442 \u041f\u0440\u0430\u0432 \u041c\u0456\u0433\u0440\u0430\u043d\u0442\u0456\u0432\" \/>\n<meta property=\"article:publisher\" content=\"https:\/\/www.facebook.com\/Instytutpm\" \/>\n<meta property=\"article:published_time\" content=\"2023-08-08T10:50:03+00:00\" \/>\n<meta property=\"article:modified_time\" content=\"2023-08-08T12:19:27+00:00\" \/>\n<meta property=\"og:image\" content=\"https:\/\/instytutpm.eu\/wp-content\/uploads\/2023\/08\/post-08.08.23.webp\" \/>\n\t<meta property=\"og:image:width\" content=\"1920\" \/>\n\t<meta property=\"og:image:height\" content=\"1145\" \/>\n\t<meta property=\"og:image:type\" content=\"image\/webp\" \/>\n<meta name=\"author\" content=\"Ksenia Pletnova\" \/>\n<meta name=\"twitter:card\" content=\"summary_large_image\" \/>\n<meta name=\"twitter:creator\" content=\"@Instytutipm\" \/>\n<meta name=\"twitter:site\" content=\"@Instytutipm\" \/>\n<meta name=\"twitter:label1\" content=\"Written by\" \/>\n\t<meta name=\"twitter:data1\" content=\"Ksenia Pletnova\" \/>\n\t<meta name=\"twitter:label2\" content=\"Est. reading time\" \/>\n\t<meta name=\"twitter:data2\" content=\"6 minutes\" \/>\n<script type=\"application\/ld+json\" class=\"yoast-schema-graph\">{\"@context\":\"https:\\\/\\\/schema.org\",\"@graph\":[{\"@type\":\"Article\",\"@id\":\"https:\\\/\\\/instytutpm.eu\\\/procesy-integracji-w-ujeciu-europejskim\\\/#article\",\"isPartOf\":{\"@id\":\"https:\\\/\\\/instytutpm.eu\\\/procesy-integracji-w-ujeciu-europejskim\\\/\"},\"author\":{\"name\":\"Ksenia Pletnova\",\"@id\":\"https:\\\/\\\/instytutpm.eu\\\/#\\\/schema\\\/person\\\/d5f966e83d4ad4b83ac2991f8d7b6868\"},\"headline\":\"Procesy integracji w uj\u0119ciu europejskim\",\"datePublished\":\"2023-08-08T10:50:03+00:00\",\"dateModified\":\"2023-08-08T12:19:27+00:00\",\"mainEntityOfPage\":{\"@id\":\"https:\\\/\\\/instytutpm.eu\\\/procesy-integracji-w-ujeciu-europejskim\\\/\"},\"wordCount\":1407,\"publisher\":{\"@id\":\"https:\\\/\\\/instytutpm.eu\\\/#organization\"},\"image\":{\"@id\":\"https:\\\/\\\/instytutpm.eu\\\/procesy-integracji-w-ujeciu-europejskim\\\/#primaryimage\"},\"thumbnailUrl\":\"https:\\\/\\\/instytutpm.eu\\\/wp-content\\\/uploads\\\/2023\\\/08\\\/post-08.08.23.webp\",\"articleSection\":[\"Ciekawostka\"],\"inLanguage\":\"ua\"},{\"@type\":\"WebPage\",\"@id\":\"https:\\\/\\\/instytutpm.eu\\\/procesy-integracji-w-ujeciu-europejskim\\\/\",\"url\":\"https:\\\/\\\/instytutpm.eu\\\/procesy-integracji-w-ujeciu-europejskim\\\/\",\"name\":\"Procesy integracji w uj\u0119ciu europejskim - \u0406\u043d\u0441\u0442\u0438\u0442\u0443\u0442 \u041f\u0440\u0430\u0432 \u041c\u0456\u0433\u0440\u0430\u043d\u0442\u0456\u0432\",\"isPartOf\":{\"@id\":\"https:\\\/\\\/instytutpm.eu\\\/#website\"},\"primaryImageOfPage\":{\"@id\":\"https:\\\/\\\/instytutpm.eu\\\/procesy-integracji-w-ujeciu-europejskim\\\/#primaryimage\"},\"image\":{\"@id\":\"https:\\\/\\\/instytutpm.eu\\\/procesy-integracji-w-ujeciu-europejskim\\\/#primaryimage\"},\"thumbnailUrl\":\"https:\\\/\\\/instytutpm.eu\\\/wp-content\\\/uploads\\\/2023\\\/08\\\/post-08.08.23.webp\",\"datePublished\":\"2023-08-08T10:50:03+00:00\",\"dateModified\":\"2023-08-08T12:19:27+00:00\",\"description\":\"Naszyme celem jest kszta\u0142cenie spo\u0142ecze\u0144stwa r\u00f3wnych szans \u015bwiadomego swoich praw, poprzez prowadzenie dzia\u0142alno\u015bci konsultacyjnej i szkoleniowej.\",\"breadcrumb\":{\"@id\":\"https:\\\/\\\/instytutpm.eu\\\/procesy-integracji-w-ujeciu-europejskim\\\/#breadcrumb\"},\"inLanguage\":\"ua\",\"potentialAction\":[{\"@type\":\"ReadAction\",\"target\":[\"https:\\\/\\\/instytutpm.eu\\\/procesy-integracji-w-ujeciu-europejskim\\\/\"]}]},{\"@type\":\"ImageObject\",\"inLanguage\":\"ua\",\"@id\":\"https:\\\/\\\/instytutpm.eu\\\/procesy-integracji-w-ujeciu-europejskim\\\/#primaryimage\",\"url\":\"https:\\\/\\\/instytutpm.eu\\\/wp-content\\\/uploads\\\/2023\\\/08\\\/post-08.08.23.webp\",\"contentUrl\":\"https:\\\/\\\/instytutpm.eu\\\/wp-content\\\/uploads\\\/2023\\\/08\\\/post-08.08.23.webp\",\"width\":1920,\"height\":1145,\"caption\":\"Procesy integracji w uj\u0119ciu europejskim\"},{\"@type\":\"BreadcrumbList\",\"@id\":\"https:\\\/\\\/instytutpm.eu\\\/procesy-integracji-w-ujeciu-europejskim\\\/#breadcrumb\",\"itemListElement\":[{\"@type\":\"ListItem\",\"position\":1,\"name\":\"Home\",\"item\":\"https:\\\/\\\/instytutpm.eu\\\/uk\\\/\"},{\"@type\":\"ListItem\",\"position\":2,\"name\":\"Procesy integracji w uj\u0119ciu europejskim\"}]},{\"@type\":\"WebSite\",\"@id\":\"https:\\\/\\\/instytutpm.eu\\\/#website\",\"url\":\"https:\\\/\\\/instytutpm.eu\\\/\",\"name\":\"Instytut Praw Migrant\u00f3w\",\"description\":\"\u041d\u0430\u0434\u0430\u0454\u043c\u043e \u0431\u0435\u0437\u043a\u043e\u0448\u0442\u043e\u0432\u043d\u0443 \u0456\u043d\u0444\u043e\u0440\u043c\u0430\u0446\u0456\u0439\u043d\u0443 \u043f\u0456\u0434\u0442\u0440\u0438\u043c\u043a\u0443 \u0434\u043b\u044f \u043c\u0456\u0433\u0440\u0430\u043d\u0442\u0456\u0432\",\"publisher\":{\"@id\":\"https:\\\/\\\/instytutpm.eu\\\/#organization\"},\"alternateName\":\"IPM\",\"potentialAction\":[{\"@type\":\"SearchAction\",\"target\":{\"@type\":\"EntryPoint\",\"urlTemplate\":\"https:\\\/\\\/instytutpm.eu\\\/?s={search_term_string}\"},\"query-input\":{\"@type\":\"PropertyValueSpecification\",\"valueRequired\":true,\"valueName\":\"search_term_string\"}}],\"inLanguage\":\"ua\"},{\"@type\":\"Organization\",\"@id\":\"https:\\\/\\\/instytutpm.eu\\\/#organization\",\"name\":\"Instytut Praw Migrant\u00f3w\",\"alternateName\":\"IPM\",\"url\":\"https:\\\/\\\/instytutpm.eu\\\/\",\"logo\":{\"@type\":\"ImageObject\",\"inLanguage\":\"ua\",\"@id\":\"https:\\\/\\\/instytutpm.eu\\\/#\\\/schema\\\/logo\\\/image\\\/\",\"url\":\"https:\\\/\\\/instytutpm.eu\\\/wp-content\\\/uploads\\\/2023\\\/05\\\/ipm-logo.jpg\",\"contentUrl\":\"https:\\\/\\\/instytutpm.eu\\\/wp-content\\\/uploads\\\/2023\\\/05\\\/ipm-logo.jpg\",\"width\":238,\"height\":238,\"caption\":\"Instytut Praw Migrant\u00f3w\"},\"image\":{\"@id\":\"https:\\\/\\\/instytutpm.eu\\\/#\\\/schema\\\/logo\\\/image\\\/\"},\"sameAs\":[\"https:\\\/\\\/www.facebook.com\\\/Instytutpm\",\"https:\\\/\\\/x.com\\\/Instytutipm\"]},{\"@type\":\"Person\",\"@id\":\"https:\\\/\\\/instytutpm.eu\\\/#\\\/schema\\\/person\\\/d5f966e83d4ad4b83ac2991f8d7b6868\",\"name\":\"Ksenia Pletnova\",\"image\":{\"@type\":\"ImageObject\",\"inLanguage\":\"ua\",\"@id\":\"https:\\\/\\\/instytutpm.eu\\\/wp-content\\\/uploads\\\/2023\\\/08\\\/ksenia-pletneva-96x96.webp\",\"url\":\"https:\\\/\\\/instytutpm.eu\\\/wp-content\\\/uploads\\\/2023\\\/08\\\/ksenia-pletneva-96x96.webp\",\"contentUrl\":\"https:\\\/\\\/instytutpm.eu\\\/wp-content\\\/uploads\\\/2023\\\/08\\\/ksenia-pletneva-96x96.webp\",\"caption\":\"Ksenia Pletnova\"},\"description\":\"Celem Instytutu Praw Migrant\u00f3w jest kszta\u0142cenie spo\u0142ecze\u0144stwa r\u00f3wnych szans \u015bwiadomego swoich praw, poprzez prowadzenie dzia\u0142alno\u015bci konsultacyjnej i szkoleniowej.\",\"url\":\"https:\\\/\\\/instytutpm.eu\\\/uk\\\/author\\\/kp-admin\\\/\"}]}<\/script>\n<!-- \/ Yoast SEO plugin. -->","yoast_head_json":{"title":"Procesy integracji w uj\u0119ciu europejskim - \u0406\u043d\u0441\u0442\u0438\u0442\u0443\u0442 \u041f\u0440\u0430\u0432 \u041c\u0456\u0433\u0440\u0430\u043d\u0442\u0456\u0432","description":"Naszyme celem jest kszta\u0142cenie spo\u0142ecze\u0144stwa r\u00f3wnych szans \u015bwiadomego swoich praw, poprzez prowadzenie dzia\u0142alno\u015bci konsultacyjnej i szkoleniowej.","robots":{"index":"index","follow":"follow","max-snippet":"max-snippet:-1","max-image-preview":"max-image-preview:large","max-video-preview":"max-video-preview:-1"},"canonical":"https:\/\/instytutpm.eu\/procesy-integracji-w-ujeciu-europejskim\/","og_locale":"en_US","og_type":"article","og_title":"Procesy integracji w uj\u0119ciu europejskim - \u0406\u043d\u0441\u0442\u0438\u0442\u0443\u0442 \u041f\u0440\u0430\u0432 \u041c\u0456\u0433\u0440\u0430\u043d\u0442\u0456\u0432","og_description":"Naszyme celem jest kszta\u0142cenie spo\u0142ecze\u0144stwa r\u00f3wnych szans \u015bwiadomego swoich praw, poprzez prowadzenie dzia\u0142alno\u015bci konsultacyjnej i szkoleniowej.","og_url":"https:\/\/instytutpm.eu\/procesy-integracji-w-ujeciu-europejskim\/","og_site_name":"\u0406\u043d\u0441\u0442\u0438\u0442\u0443\u0442 \u041f\u0440\u0430\u0432 \u041c\u0456\u0433\u0440\u0430\u043d\u0442\u0456\u0432","article_publisher":"https:\/\/www.facebook.com\/Instytutpm","article_published_time":"2023-08-08T10:50:03+00:00","article_modified_time":"2023-08-08T12:19:27+00:00","og_image":[{"width":1920,"height":1145,"url":"https:\/\/instytutpm.eu\/wp-content\/uploads\/2023\/08\/post-08.08.23.webp","type":"image\/webp"}],"author":"Ksenia Pletnova","twitter_card":"summary_large_image","twitter_creator":"@Instytutipm","twitter_site":"@Instytutipm","twitter_misc":{"Written by":"Ksenia Pletnova","Est. reading time":"6 minutes"},"schema":{"@context":"https:\/\/schema.org","@graph":[{"@type":"Article","@id":"https:\/\/instytutpm.eu\/procesy-integracji-w-ujeciu-europejskim\/#article","isPartOf":{"@id":"https:\/\/instytutpm.eu\/procesy-integracji-w-ujeciu-europejskim\/"},"author":{"name":"Ksenia Pletnova","@id":"https:\/\/instytutpm.eu\/#\/schema\/person\/d5f966e83d4ad4b83ac2991f8d7b6868"},"headline":"Procesy integracji w uj\u0119ciu europejskim","datePublished":"2023-08-08T10:50:03+00:00","dateModified":"2023-08-08T12:19:27+00:00","mainEntityOfPage":{"@id":"https:\/\/instytutpm.eu\/procesy-integracji-w-ujeciu-europejskim\/"},"wordCount":1407,"publisher":{"@id":"https:\/\/instytutpm.eu\/#organization"},"image":{"@id":"https:\/\/instytutpm.eu\/procesy-integracji-w-ujeciu-europejskim\/#primaryimage"},"thumbnailUrl":"https:\/\/instytutpm.eu\/wp-content\/uploads\/2023\/08\/post-08.08.23.webp","articleSection":["Ciekawostka"],"inLanguage":"ua"},{"@type":"WebPage","@id":"https:\/\/instytutpm.eu\/procesy-integracji-w-ujeciu-europejskim\/","url":"https:\/\/instytutpm.eu\/procesy-integracji-w-ujeciu-europejskim\/","name":"Procesy integracji w uj\u0119ciu europejskim - \u0406\u043d\u0441\u0442\u0438\u0442\u0443\u0442 \u041f\u0440\u0430\u0432 \u041c\u0456\u0433\u0440\u0430\u043d\u0442\u0456\u0432","isPartOf":{"@id":"https:\/\/instytutpm.eu\/#website"},"primaryImageOfPage":{"@id":"https:\/\/instytutpm.eu\/procesy-integracji-w-ujeciu-europejskim\/#primaryimage"},"image":{"@id":"https:\/\/instytutpm.eu\/procesy-integracji-w-ujeciu-europejskim\/#primaryimage"},"thumbnailUrl":"https:\/\/instytutpm.eu\/wp-content\/uploads\/2023\/08\/post-08.08.23.webp","datePublished":"2023-08-08T10:50:03+00:00","dateModified":"2023-08-08T12:19:27+00:00","description":"Naszyme celem jest kszta\u0142cenie spo\u0142ecze\u0144stwa r\u00f3wnych szans \u015bwiadomego swoich praw, poprzez prowadzenie dzia\u0142alno\u015bci konsultacyjnej i szkoleniowej.","breadcrumb":{"@id":"https:\/\/instytutpm.eu\/procesy-integracji-w-ujeciu-europejskim\/#breadcrumb"},"inLanguage":"ua","potentialAction":[{"@type":"ReadAction","target":["https:\/\/instytutpm.eu\/procesy-integracji-w-ujeciu-europejskim\/"]}]},{"@type":"ImageObject","inLanguage":"ua","@id":"https:\/\/instytutpm.eu\/procesy-integracji-w-ujeciu-europejskim\/#primaryimage","url":"https:\/\/instytutpm.eu\/wp-content\/uploads\/2023\/08\/post-08.08.23.webp","contentUrl":"https:\/\/instytutpm.eu\/wp-content\/uploads\/2023\/08\/post-08.08.23.webp","width":1920,"height":1145,"caption":"Procesy integracji w uj\u0119ciu europejskim"},{"@type":"BreadcrumbList","@id":"https:\/\/instytutpm.eu\/procesy-integracji-w-ujeciu-europejskim\/#breadcrumb","itemListElement":[{"@type":"ListItem","position":1,"name":"Home","item":"https:\/\/instytutpm.eu\/uk\/"},{"@type":"ListItem","position":2,"name":"Procesy integracji w uj\u0119ciu europejskim"}]},{"@type":"WebSite","@id":"https:\/\/instytutpm.eu\/#website","url":"https:\/\/instytutpm.eu\/","name":"Instytut Praw Migrant\u00f3w","description":"\u041d\u0430\u0434\u0430\u0454\u043c\u043e \u0431\u0435\u0437\u043a\u043e\u0448\u0442\u043e\u0432\u043d\u0443 \u0456\u043d\u0444\u043e\u0440\u043c\u0430\u0446\u0456\u0439\u043d\u0443 \u043f\u0456\u0434\u0442\u0440\u0438\u043c\u043a\u0443 \u0434\u043b\u044f \u043c\u0456\u0433\u0440\u0430\u043d\u0442\u0456\u0432","publisher":{"@id":"https:\/\/instytutpm.eu\/#organization"},"alternateName":"IPM","potentialAction":[{"@type":"SearchAction","target":{"@type":"EntryPoint","urlTemplate":"https:\/\/instytutpm.eu\/?s={search_term_string}"},"query-input":{"@type":"PropertyValueSpecification","valueRequired":true,"valueName":"search_term_string"}}],"inLanguage":"ua"},{"@type":"Organization","@id":"https:\/\/instytutpm.eu\/#organization","name":"Instytut Praw Migrant\u00f3w","alternateName":"IPM","url":"https:\/\/instytutpm.eu\/","logo":{"@type":"ImageObject","inLanguage":"ua","@id":"https:\/\/instytutpm.eu\/#\/schema\/logo\/image\/","url":"https:\/\/instytutpm.eu\/wp-content\/uploads\/2023\/05\/ipm-logo.jpg","contentUrl":"https:\/\/instytutpm.eu\/wp-content\/uploads\/2023\/05\/ipm-logo.jpg","width":238,"height":238,"caption":"Instytut Praw Migrant\u00f3w"},"image":{"@id":"https:\/\/instytutpm.eu\/#\/schema\/logo\/image\/"},"sameAs":["https:\/\/www.facebook.com\/Instytutpm","https:\/\/x.com\/Instytutipm"]},{"@type":"Person","@id":"https:\/\/instytutpm.eu\/#\/schema\/person\/d5f966e83d4ad4b83ac2991f8d7b6868","name":"Ksenia Pletnova","image":{"@type":"ImageObject","inLanguage":"ua","@id":"https:\/\/instytutpm.eu\/wp-content\/uploads\/2023\/08\/ksenia-pletneva-96x96.webp","url":"https:\/\/instytutpm.eu\/wp-content\/uploads\/2023\/08\/ksenia-pletneva-96x96.webp","contentUrl":"https:\/\/instytutpm.eu\/wp-content\/uploads\/2023\/08\/ksenia-pletneva-96x96.webp","caption":"Ksenia Pletnova"},"description":"Celem Instytutu Praw Migrant\u00f3w jest kszta\u0142cenie spo\u0142ecze\u0144stwa r\u00f3wnych szans \u015bwiadomego swoich praw, poprzez prowadzenie dzia\u0142alno\u015bci konsultacyjnej i szkoleniowej.","url":"https:\/\/instytutpm.eu\/uk\/author\/kp-admin\/"}]}},"author_meta":{"display_name":"Ksenia Pletnova","author_link":"https:\/\/instytutpm.eu\/uk\/author\/kp-admin\/"},"featured_img":"https:\/\/instytutpm.eu\/wp-content\/uploads\/2023\/08\/post-08.08.23-600x358.webp","coauthors":[],"tax_additional":{"categories":{"linked":["<a href=\"https:\/\/instytutpm.eu\/uk\/category\/ciekawostka\/\" class=\"advgb-post-tax-term\">Ciekawostka<\/a>"],"unlinked":["<span class=\"advgb-post-tax-term\">Ciekawostka<\/span>"]}},"comment_count":"0","relative_dates":{"created":"Posted 3 years ago","modified":"Updated 3 years ago"},"absolute_dates":{"created":"Posted on 2023-08-08","modified":"Updated on 2023-08-08"},"absolute_dates_time":{"created":"Posted on 2023-08-08 12:50","modified":"Updated on 2023-08-08 14:19"},"featured_img_caption":"","series_order":"","_links":{"self":[{"href":"https:\/\/instytutpm.eu\/uk\/wp-json\/wp\/v2\/posts\/2223","targetHints":{"allow":["GET"]}}],"collection":[{"href":"https:\/\/instytutpm.eu\/uk\/wp-json\/wp\/v2\/posts"}],"about":[{"href":"https:\/\/instytutpm.eu\/uk\/wp-json\/wp\/v2\/types\/post"}],"author":[{"embeddable":true,"href":"https:\/\/instytutpm.eu\/uk\/wp-json\/wp\/v2\/users\/11"}],"replies":[{"embeddable":true,"href":"https:\/\/instytutpm.eu\/uk\/wp-json\/wp\/v2\/comments?post=2223"}],"version-history":[{"count":3,"href":"https:\/\/instytutpm.eu\/uk\/wp-json\/wp\/v2\/posts\/2223\/revisions"}],"predecessor-version":[{"id":2229,"href":"https:\/\/instytutpm.eu\/uk\/wp-json\/wp\/v2\/posts\/2223\/revisions\/2229"}],"wp:featuredmedia":[{"embeddable":true,"href":"https:\/\/instytutpm.eu\/uk\/wp-json\/wp\/v2\/media\/2225"}],"wp:attachment":[{"href":"https:\/\/instytutpm.eu\/uk\/wp-json\/wp\/v2\/media?parent=2223"}],"wp:term":[{"taxonomy":"category","embeddable":true,"href":"https:\/\/instytutpm.eu\/uk\/wp-json\/wp\/v2\/categories?post=2223"},{"taxonomy":"post_tag","embeddable":true,"href":"https:\/\/instytutpm.eu\/uk\/wp-json\/wp\/v2\/tags?post=2223"}],"curies":[{"name":"wp","href":"https:\/\/api.w.org\/{rel}","templated":true}]}}