{"id":217,"date":"2020-12-07T11:48:00","date_gmt":"2020-12-07T10:48:00","guid":{"rendered":"https:\/\/instytutpm.eu\/?p=217"},"modified":"2023-05-19T11:53:58","modified_gmt":"2023-05-19T09:53:58","slug":"po-co-nam-instytut","status":"publish","type":"post","link":"https:\/\/instytutpm.eu\/uk\/po-co-nam-instytut\/","title":{"rendered":"Po co nam instytut?"},"content":{"rendered":"\n<p>Migrants constitute about 5% of the population of Poland. However, there is nobody that would institutionally deal with this mass of people. Foundation Ukraine, together with the Honorary Consulate of Ukraine in Wroc\u0142aw, decided to establish an institute that will deal with the needs of migrants in a comprehensive manner, not focusing only on legalizing the stay, but trying to treat foreigners as a rightful part of society.<\/p>\n\n\n\n<h2 class=\"wp-block-heading advgb-dyn-743da819\"><strong>Spo\u0142ecze\u0144stwo migrant\u00f3w w Polsce<\/strong><\/h2>\n\n\n\n<p>Migranci stanowi\u0105 oko\u0142o 5% mieszka\u0144c\u00f3w Polski. Brak jednak organu, kt\u00f3ry w spos\u00f3b instytucjonalny zaj\u0105\u0142by si\u0119 t\u0105 rzesz\u0105 ludzi. Cudzoziemcy s\u0105 przecie\u017c cz\u0119\u015bci\u0105 tego spo\u0142ecze\u0144stwa, jednak potrzebuj\u0105 szczeg\u00f3lnych rozwi\u0105za\u0144. Cudzoziemcy musz\u0105 zalegalizowa\u0107 sw\u00f3j pobyt w Polsce, ale te\u017c zawieraj\u0105 \u015bluby, rozwodz\u0105 si\u0119, rodz\u0105 si\u0119 i umieraj\u0105. Chc\u0105 kupowa\u0107 w\u0142asne domy, ale te\u017c chc\u0105 anga\u017cowa\u0107 si\u0119 w inicjatywy oddolne. Zak\u0142adanie i prowadzenie, stowarzysze\u0144, fundacji czy zwi\u0105zk\u00f3w zawodowych te\u017c jest czym\u015b, co migranci chc\u0105 i powinni robi\u0107. Fundacja Ukraina wsp\u00f3lnie z Konsulatem Honorowym Ukrainy we Wroc\u0142awiu postanowi\u0142a powo\u0142a\u0107 do \u017cycia instytut, kt\u00f3ry b\u0119dzie zajmowa\u0142 si\u0119 potrzebami migrant\u00f3w w spos\u00f3b kompleksowy, nie koncentruj\u0105c si\u0119 jedynie na legalizacji pobytu, a staraj\u0105c si\u0119 traktowa\u0107 cudzoziemc\u00f3w jako pe\u0142noprawn\u0105 cz\u0119\u015b\u0107 spo\u0142ecze\u0144stwa.&nbsp;<\/p>\n\n\n\n<figure class=\"wp-block-image size-large\"><img loading=\"lazy\" decoding=\"async\" width=\"1440\" height=\"960\" src=\"https:\/\/instytutpm.eu\/wp-content\/uploads\/2020\/12\/education-1440x960.jpeg\" alt=\"education\" class=\"wp-image-1770\"\/><\/figure>\n\n\n\n<h2 class=\"wp-block-heading advgb-dyn-eea46e6c\"><strong>Trzy filary dzia\u0142a\u0144 Instytutu Praw Migrant\u00f3w<\/strong><\/h2>\n\n\n\n<p>Co w takim razie nasz nowy Instytut b\u0119dzie robi\u0142? Nasze dzia\u0142ania dzielimy na trzy filary. W pierwszym filarze Instytut b\u0119dzie kontynuowa\u0142 dzia\u0142ania punktu informacyjnego przy ul. Ruskiej 46a\/202 we Wroc\u0142awiu. Ka\u017cdy cz\u0142owiek mo\u017ce przyj\u015b\u0107 tam i uzyska\u0107 informacj\u0119 na temat problem\u00f3w natury prawnej dnia codziennego. Nasi specjali\u015bci pochyl\u0105 si\u0119 nad ka\u017cdym Pa\u0144stwa pytaniem.<\/p>\n\n\n\n<h3 class=\"wp-block-heading advgb-dyn-566c0eae\">TO B\u0118DZIE MIEJSCE WYMIANY POGL\u0104D\u00d3W I REALNEJ, RZETELNEJ WSP\u00d3\u0141PRACY.<\/h3>\n\n\n\n<p>Drugi filar to dzia\u0142alno\u015b\u0107 publikacyjna. Instytut ma ambicj\u0119 sta\u0107 si\u0119 centrum kreuj\u0105cym opini\u0119 publiczn\u0105. W tym celu nasi i zaproszeni specjali\u015bci b\u0119d\u0105 na \u0142amach naszych medi\u00f3w publikowa\u0107 swoje analizy, opinie i komentarze, dotycz\u0105ce sytuacji migrant\u00f3w w Polsce.&nbsp;<\/p>\n\n\n\n<p>Trzecim Filarem jest wsp\u00f3\u0142praca. Instytut b\u0119dzie hubem, w kt\u00f3rym spotkaj\u0105 si\u0119 s\u0142u\u017cby mundurowe, organy administracji publicznej, eksperci i migranci. To b\u0119dzie miejsce wymiany pogl\u0105d\u00f3w i realnej, rzetelnej wsp\u00f3\u0142pracy. Nie chodzi o to, aby robi\u0107 kolejne pozorowane i teatralne gesty. To b\u0119dzie ku\u017ania polityki migracyjnej. Mam zaszczyt zaprosi\u0107&nbsp; Pa\u0144stwa Instytutu Praw Migrant\u00f3w.&nbsp;&nbsp;<\/p>\n","protected":false},"excerpt":{"rendered":"<p>Migrants constitute about 5% of the population of Poland. However, there is nobody that would institutionally deal with this mass of people. Foundation Ukraine, together with the Honorary Consulate of Ukraine in Wroc\u0142aw, decided to establish an institute that will deal with the needs of migrants in a comprehensive manner, not focusing only on legalizing&#8230;<\/p>\n","protected":false},"author":2,"featured_media":1770,"comment_status":"closed","ping_status":"closed","sticky":false,"template":"","format":"standard","meta":{"inline_featured_image":false,"advgb_blocks_editor_width":"","advgb_blocks_columns_visual_guide":"","footnotes":""},"categories":[1],"tags":[],"class_list":["post-217","post","type-post","status-publish","format-standard","has-post-thumbnail","hentry","category-instytut-praw-migrantow"],"yoast_head":"<!-- This site is optimized with the Yoast SEO plugin v27.5 - https:\/\/yoast.com\/product\/yoast-seo-wordpress\/ -->\n<title>Po co nam instytut? - \u0406\u043d\u0441\u0442\u0438\u0442\u0443\u0442 \u041f\u0440\u0430\u0432 \u041c\u0456\u0433\u0440\u0430\u043d\u0442\u0456\u0432<\/title>\n<meta name=\"description\" content=\"Naszyme celem jest kszta\u0142cenie spo\u0142ecze\u0144stwa r\u00f3wnych szans \u015bwiadomego swoich praw, poprzez prowadzenie dzia\u0142alno\u015bci konsultacyjnej i szkoleniowej.\" \/>\n<meta name=\"robots\" content=\"index, follow, max-snippet:-1, max-image-preview:large, max-video-preview:-1\" \/>\n<link rel=\"canonical\" href=\"https:\/\/instytutpm.eu\/po-co-nam-instytut\/\" \/>\n<meta property=\"og:locale\" content=\"en_US\" \/>\n<meta property=\"og:type\" content=\"article\" \/>\n<meta property=\"og:title\" content=\"Po co nam instytut? - \u0406\u043d\u0441\u0442\u0438\u0442\u0443\u0442 \u041f\u0440\u0430\u0432 \u041c\u0456\u0433\u0440\u0430\u043d\u0442\u0456\u0432\" \/>\n<meta property=\"og:description\" content=\"Naszyme celem jest kszta\u0142cenie spo\u0142ecze\u0144stwa r\u00f3wnych szans \u015bwiadomego swoich praw, poprzez prowadzenie dzia\u0142alno\u015bci konsultacyjnej i szkoleniowej.\" \/>\n<meta property=\"og:url\" content=\"https:\/\/instytutpm.eu\/po-co-nam-instytut\/\" \/>\n<meta property=\"og:site_name\" content=\"\u0406\u043d\u0441\u0442\u0438\u0442\u0443\u0442 \u041f\u0440\u0430\u0432 \u041c\u0456\u0433\u0440\u0430\u043d\u0442\u0456\u0432\" \/>\n<meta property=\"article:publisher\" content=\"https:\/\/www.facebook.com\/Instytutpm\" \/>\n<meta property=\"article:published_time\" content=\"2020-12-07T10:48:00+00:00\" \/>\n<meta property=\"article:modified_time\" content=\"2023-05-19T09:53:58+00:00\" \/>\n<meta property=\"og:image\" content=\"https:\/\/instytutpm.eu\/wp-content\/uploads\/2020\/12\/education.jpeg\" \/>\n\t<meta property=\"og:image:width\" content=\"1500\" \/>\n\t<meta property=\"og:image:height\" content=\"1000\" \/>\n\t<meta property=\"og:image:type\" content=\"image\/jpeg\" \/>\n<meta name=\"author\" content=\"Instytut Praw Migrant\u00f3w\" \/>\n<meta name=\"twitter:card\" content=\"summary_large_image\" \/>\n<meta name=\"twitter:creator\" content=\"@Instytutipm\" \/>\n<meta name=\"twitter:site\" content=\"@Instytutipm\" \/>\n<meta name=\"twitter:label1\" content=\"Written by\" \/>\n\t<meta name=\"twitter:data1\" content=\"Instytut Praw Migrant\u00f3w\" \/>\n\t<meta name=\"twitter:label2\" content=\"Est. reading time\" \/>\n\t<meta name=\"twitter:data2\" content=\"2 minutes\" \/>\n<script type=\"application\/ld+json\" class=\"yoast-schema-graph\">{\"@context\":\"https:\\\/\\\/schema.org\",\"@graph\":[{\"@type\":\"Article\",\"@id\":\"https:\\\/\\\/instytutpm.eu\\\/po-co-nam-instytut\\\/#article\",\"isPartOf\":{\"@id\":\"https:\\\/\\\/instytutpm.eu\\\/po-co-nam-instytut\\\/\"},\"author\":{\"name\":\"Instytut Praw Migrant\u00f3w\",\"@id\":\"https:\\\/\\\/instytutpm.eu\\\/#\\\/schema\\\/person\\\/786e05d0f6f22e29b93c5ded632d8bd2\"},\"headline\":\"Po co nam instytut?\",\"datePublished\":\"2020-12-07T10:48:00+00:00\",\"dateModified\":\"2023-05-19T09:53:58+00:00\",\"mainEntityOfPage\":{\"@id\":\"https:\\\/\\\/instytutpm.eu\\\/po-co-nam-instytut\\\/\"},\"wordCount\":421,\"publisher\":{\"@id\":\"https:\\\/\\\/instytutpm.eu\\\/#organization\"},\"image\":{\"@id\":\"https:\\\/\\\/instytutpm.eu\\\/po-co-nam-instytut\\\/#primaryimage\"},\"thumbnailUrl\":\"https:\\\/\\\/instytutpm.eu\\\/wp-content\\\/uploads\\\/2020\\\/12\\\/education.jpeg\",\"articleSection\":[\"IPM\"],\"inLanguage\":\"ua\"},{\"@type\":\"WebPage\",\"@id\":\"https:\\\/\\\/instytutpm.eu\\\/po-co-nam-instytut\\\/\",\"url\":\"https:\\\/\\\/instytutpm.eu\\\/po-co-nam-instytut\\\/\",\"name\":\"Po co nam instytut? - \u0406\u043d\u0441\u0442\u0438\u0442\u0443\u0442 \u041f\u0440\u0430\u0432 \u041c\u0456\u0433\u0440\u0430\u043d\u0442\u0456\u0432\",\"isPartOf\":{\"@id\":\"https:\\\/\\\/instytutpm.eu\\\/#website\"},\"primaryImageOfPage\":{\"@id\":\"https:\\\/\\\/instytutpm.eu\\\/po-co-nam-instytut\\\/#primaryimage\"},\"image\":{\"@id\":\"https:\\\/\\\/instytutpm.eu\\\/po-co-nam-instytut\\\/#primaryimage\"},\"thumbnailUrl\":\"https:\\\/\\\/instytutpm.eu\\\/wp-content\\\/uploads\\\/2020\\\/12\\\/education.jpeg\",\"datePublished\":\"2020-12-07T10:48:00+00:00\",\"dateModified\":\"2023-05-19T09:53:58+00:00\",\"description\":\"Naszyme celem jest kszta\u0142cenie spo\u0142ecze\u0144stwa r\u00f3wnych szans \u015bwiadomego swoich praw, poprzez prowadzenie dzia\u0142alno\u015bci konsultacyjnej i szkoleniowej.\",\"breadcrumb\":{\"@id\":\"https:\\\/\\\/instytutpm.eu\\\/po-co-nam-instytut\\\/#breadcrumb\"},\"inLanguage\":\"ua\",\"potentialAction\":[{\"@type\":\"ReadAction\",\"target\":[\"https:\\\/\\\/instytutpm.eu\\\/po-co-nam-instytut\\\/\"]}]},{\"@type\":\"ImageObject\",\"inLanguage\":\"ua\",\"@id\":\"https:\\\/\\\/instytutpm.eu\\\/po-co-nam-instytut\\\/#primaryimage\",\"url\":\"https:\\\/\\\/instytutpm.eu\\\/wp-content\\\/uploads\\\/2020\\\/12\\\/education.jpeg\",\"contentUrl\":\"https:\\\/\\\/instytutpm.eu\\\/wp-content\\\/uploads\\\/2020\\\/12\\\/education.jpeg\",\"width\":1500,\"height\":1000,\"caption\":\"education\"},{\"@type\":\"BreadcrumbList\",\"@id\":\"https:\\\/\\\/instytutpm.eu\\\/po-co-nam-instytut\\\/#breadcrumb\",\"itemListElement\":[{\"@type\":\"ListItem\",\"position\":1,\"name\":\"Home\",\"item\":\"https:\\\/\\\/instytutpm.eu\\\/uk\\\/\"},{\"@type\":\"ListItem\",\"position\":2,\"name\":\"Po co nam instytut?\"}]},{\"@type\":\"WebSite\",\"@id\":\"https:\\\/\\\/instytutpm.eu\\\/#website\",\"url\":\"https:\\\/\\\/instytutpm.eu\\\/\",\"name\":\"Instytut Praw Migrant\u00f3w\",\"description\":\"\u041d\u0430\u0434\u0430\u0454\u043c\u043e \u0431\u0435\u0437\u043a\u043e\u0448\u0442\u043e\u0432\u043d\u0443 \u0456\u043d\u0444\u043e\u0440\u043c\u0430\u0446\u0456\u0439\u043d\u0443 \u043f\u0456\u0434\u0442\u0440\u0438\u043c\u043a\u0443 \u0434\u043b\u044f \u043c\u0456\u0433\u0440\u0430\u043d\u0442\u0456\u0432\",\"publisher\":{\"@id\":\"https:\\\/\\\/instytutpm.eu\\\/#organization\"},\"alternateName\":\"IPM\",\"potentialAction\":[{\"@type\":\"SearchAction\",\"target\":{\"@type\":\"EntryPoint\",\"urlTemplate\":\"https:\\\/\\\/instytutpm.eu\\\/?s={search_term_string}\"},\"query-input\":{\"@type\":\"PropertyValueSpecification\",\"valueRequired\":true,\"valueName\":\"search_term_string\"}}],\"inLanguage\":\"ua\"},{\"@type\":\"Organization\",\"@id\":\"https:\\\/\\\/instytutpm.eu\\\/#organization\",\"name\":\"Instytut Praw Migrant\u00f3w\",\"alternateName\":\"IPM\",\"url\":\"https:\\\/\\\/instytutpm.eu\\\/\",\"logo\":{\"@type\":\"ImageObject\",\"inLanguage\":\"ua\",\"@id\":\"https:\\\/\\\/instytutpm.eu\\\/#\\\/schema\\\/logo\\\/image\\\/\",\"url\":\"https:\\\/\\\/instytutpm.eu\\\/wp-content\\\/uploads\\\/2023\\\/05\\\/ipm-logo.jpg\",\"contentUrl\":\"https:\\\/\\\/instytutpm.eu\\\/wp-content\\\/uploads\\\/2023\\\/05\\\/ipm-logo.jpg\",\"width\":238,\"height\":238,\"caption\":\"Instytut Praw Migrant\u00f3w\"},\"image\":{\"@id\":\"https:\\\/\\\/instytutpm.eu\\\/#\\\/schema\\\/logo\\\/image\\\/\"},\"sameAs\":[\"https:\\\/\\\/www.facebook.com\\\/Instytutpm\",\"https:\\\/\\\/x.com\\\/Instytutipm\"]},{\"@type\":\"Person\",\"@id\":\"https:\\\/\\\/instytutpm.eu\\\/#\\\/schema\\\/person\\\/786e05d0f6f22e29b93c5ded632d8bd2\",\"name\":\"Instytut Praw Migrant\u00f3w\",\"image\":{\"@type\":\"ImageObject\",\"inLanguage\":\"ua\",\"@id\":\"https:\\\/\\\/instytutpm.eu\\\/wp-content\\\/uploads\\\/2023\\\/05\\\/instytut-praw-migrantow_avatar-96x96.jpg\",\"url\":\"https:\\\/\\\/instytutpm.eu\\\/wp-content\\\/uploads\\\/2023\\\/05\\\/instytut-praw-migrantow_avatar-96x96.jpg\",\"contentUrl\":\"https:\\\/\\\/instytutpm.eu\\\/wp-content\\\/uploads\\\/2023\\\/05\\\/instytut-praw-migrantow_avatar-96x96.jpg\",\"caption\":\"Instytut Praw Migrant\u00f3w\"},\"description\":\"Naszym celem jest kszta\u0142cenie spo\u0142ecze\u0144stwa r\u00f3wnych szans \u015bwiadomego swoich praw, poprzez prowadzenie dzia\u0142alno\u015bci konsultacyjnej i szkoleniowej.\",\"url\":\"https:\\\/\\\/instytutpm.eu\\\/uk\\\/author\\\/bp-admin\\\/\"}]}<\/script>\n<!-- \/ Yoast SEO plugin. -->","yoast_head_json":{"title":"Po co nam instytut? - \u0406\u043d\u0441\u0442\u0438\u0442\u0443\u0442 \u041f\u0440\u0430\u0432 \u041c\u0456\u0433\u0440\u0430\u043d\u0442\u0456\u0432","description":"Naszyme celem jest kszta\u0142cenie spo\u0142ecze\u0144stwa r\u00f3wnych szans \u015bwiadomego swoich praw, poprzez prowadzenie dzia\u0142alno\u015bci konsultacyjnej i szkoleniowej.","robots":{"index":"index","follow":"follow","max-snippet":"max-snippet:-1","max-image-preview":"max-image-preview:large","max-video-preview":"max-video-preview:-1"},"canonical":"https:\/\/instytutpm.eu\/po-co-nam-instytut\/","og_locale":"en_US","og_type":"article","og_title":"Po co nam instytut? - \u0406\u043d\u0441\u0442\u0438\u0442\u0443\u0442 \u041f\u0440\u0430\u0432 \u041c\u0456\u0433\u0440\u0430\u043d\u0442\u0456\u0432","og_description":"Naszyme celem jest kszta\u0142cenie spo\u0142ecze\u0144stwa r\u00f3wnych szans \u015bwiadomego swoich praw, poprzez prowadzenie dzia\u0142alno\u015bci konsultacyjnej i szkoleniowej.","og_url":"https:\/\/instytutpm.eu\/po-co-nam-instytut\/","og_site_name":"\u0406\u043d\u0441\u0442\u0438\u0442\u0443\u0442 \u041f\u0440\u0430\u0432 \u041c\u0456\u0433\u0440\u0430\u043d\u0442\u0456\u0432","article_publisher":"https:\/\/www.facebook.com\/Instytutpm","article_published_time":"2020-12-07T10:48:00+00:00","article_modified_time":"2023-05-19T09:53:58+00:00","og_image":[{"width":1500,"height":1000,"url":"https:\/\/instytutpm.eu\/wp-content\/uploads\/2020\/12\/education.jpeg","type":"image\/jpeg"}],"author":"Instytut Praw Migrant\u00f3w","twitter_card":"summary_large_image","twitter_creator":"@Instytutipm","twitter_site":"@Instytutipm","twitter_misc":{"Written by":"Instytut Praw Migrant\u00f3w","Est. reading time":"2 minutes"},"schema":{"@context":"https:\/\/schema.org","@graph":[{"@type":"Article","@id":"https:\/\/instytutpm.eu\/po-co-nam-instytut\/#article","isPartOf":{"@id":"https:\/\/instytutpm.eu\/po-co-nam-instytut\/"},"author":{"name":"Instytut Praw Migrant\u00f3w","@id":"https:\/\/instytutpm.eu\/#\/schema\/person\/786e05d0f6f22e29b93c5ded632d8bd2"},"headline":"Po co nam instytut?","datePublished":"2020-12-07T10:48:00+00:00","dateModified":"2023-05-19T09:53:58+00:00","mainEntityOfPage":{"@id":"https:\/\/instytutpm.eu\/po-co-nam-instytut\/"},"wordCount":421,"publisher":{"@id":"https:\/\/instytutpm.eu\/#organization"},"image":{"@id":"https:\/\/instytutpm.eu\/po-co-nam-instytut\/#primaryimage"},"thumbnailUrl":"https:\/\/instytutpm.eu\/wp-content\/uploads\/2020\/12\/education.jpeg","articleSection":["IPM"],"inLanguage":"ua"},{"@type":"WebPage","@id":"https:\/\/instytutpm.eu\/po-co-nam-instytut\/","url":"https:\/\/instytutpm.eu\/po-co-nam-instytut\/","name":"Po co nam instytut? - \u0406\u043d\u0441\u0442\u0438\u0442\u0443\u0442 \u041f\u0440\u0430\u0432 \u041c\u0456\u0433\u0440\u0430\u043d\u0442\u0456\u0432","isPartOf":{"@id":"https:\/\/instytutpm.eu\/#website"},"primaryImageOfPage":{"@id":"https:\/\/instytutpm.eu\/po-co-nam-instytut\/#primaryimage"},"image":{"@id":"https:\/\/instytutpm.eu\/po-co-nam-instytut\/#primaryimage"},"thumbnailUrl":"https:\/\/instytutpm.eu\/wp-content\/uploads\/2020\/12\/education.jpeg","datePublished":"2020-12-07T10:48:00+00:00","dateModified":"2023-05-19T09:53:58+00:00","description":"Naszyme celem jest kszta\u0142cenie spo\u0142ecze\u0144stwa r\u00f3wnych szans \u015bwiadomego swoich praw, poprzez prowadzenie dzia\u0142alno\u015bci konsultacyjnej i szkoleniowej.","breadcrumb":{"@id":"https:\/\/instytutpm.eu\/po-co-nam-instytut\/#breadcrumb"},"inLanguage":"ua","potentialAction":[{"@type":"ReadAction","target":["https:\/\/instytutpm.eu\/po-co-nam-instytut\/"]}]},{"@type":"ImageObject","inLanguage":"ua","@id":"https:\/\/instytutpm.eu\/po-co-nam-instytut\/#primaryimage","url":"https:\/\/instytutpm.eu\/wp-content\/uploads\/2020\/12\/education.jpeg","contentUrl":"https:\/\/instytutpm.eu\/wp-content\/uploads\/2020\/12\/education.jpeg","width":1500,"height":1000,"caption":"education"},{"@type":"BreadcrumbList","@id":"https:\/\/instytutpm.eu\/po-co-nam-instytut\/#breadcrumb","itemListElement":[{"@type":"ListItem","position":1,"name":"Home","item":"https:\/\/instytutpm.eu\/uk\/"},{"@type":"ListItem","position":2,"name":"Po co nam instytut?"}]},{"@type":"WebSite","@id":"https:\/\/instytutpm.eu\/#website","url":"https:\/\/instytutpm.eu\/","name":"Instytut Praw Migrant\u00f3w","description":"\u041d\u0430\u0434\u0430\u0454\u043c\u043e \u0431\u0435\u0437\u043a\u043e\u0448\u0442\u043e\u0432\u043d\u0443 \u0456\u043d\u0444\u043e\u0440\u043c\u0430\u0446\u0456\u0439\u043d\u0443 \u043f\u0456\u0434\u0442\u0440\u0438\u043c\u043a\u0443 \u0434\u043b\u044f \u043c\u0456\u0433\u0440\u0430\u043d\u0442\u0456\u0432","publisher":{"@id":"https:\/\/instytutpm.eu\/#organization"},"alternateName":"IPM","potentialAction":[{"@type":"SearchAction","target":{"@type":"EntryPoint","urlTemplate":"https:\/\/instytutpm.eu\/?s={search_term_string}"},"query-input":{"@type":"PropertyValueSpecification","valueRequired":true,"valueName":"search_term_string"}}],"inLanguage":"ua"},{"@type":"Organization","@id":"https:\/\/instytutpm.eu\/#organization","name":"Instytut Praw Migrant\u00f3w","alternateName":"IPM","url":"https:\/\/instytutpm.eu\/","logo":{"@type":"ImageObject","inLanguage":"ua","@id":"https:\/\/instytutpm.eu\/#\/schema\/logo\/image\/","url":"https:\/\/instytutpm.eu\/wp-content\/uploads\/2023\/05\/ipm-logo.jpg","contentUrl":"https:\/\/instytutpm.eu\/wp-content\/uploads\/2023\/05\/ipm-logo.jpg","width":238,"height":238,"caption":"Instytut Praw Migrant\u00f3w"},"image":{"@id":"https:\/\/instytutpm.eu\/#\/schema\/logo\/image\/"},"sameAs":["https:\/\/www.facebook.com\/Instytutpm","https:\/\/x.com\/Instytutipm"]},{"@type":"Person","@id":"https:\/\/instytutpm.eu\/#\/schema\/person\/786e05d0f6f22e29b93c5ded632d8bd2","name":"Instytut Praw Migrant\u00f3w","image":{"@type":"ImageObject","inLanguage":"ua","@id":"https:\/\/instytutpm.eu\/wp-content\/uploads\/2023\/05\/instytut-praw-migrantow_avatar-96x96.jpg","url":"https:\/\/instytutpm.eu\/wp-content\/uploads\/2023\/05\/instytut-praw-migrantow_avatar-96x96.jpg","contentUrl":"https:\/\/instytutpm.eu\/wp-content\/uploads\/2023\/05\/instytut-praw-migrantow_avatar-96x96.jpg","caption":"Instytut Praw Migrant\u00f3w"},"description":"Naszym celem jest kszta\u0142cenie spo\u0142ecze\u0144stwa r\u00f3wnych szans \u015bwiadomego swoich praw, poprzez prowadzenie dzia\u0142alno\u015bci konsultacyjnej i szkoleniowej.","url":"https:\/\/instytutpm.eu\/uk\/author\/bp-admin\/"}]}},"author_meta":{"display_name":"Instytut Praw Migrant\u00f3w","author_link":"https:\/\/instytutpm.eu\/uk\/author\/bp-admin\/"},"featured_img":"https:\/\/instytutpm.eu\/wp-content\/uploads\/2020\/12\/education-600x400.jpeg","coauthors":[],"tax_additional":{"categories":{"linked":["<a href=\"https:\/\/instytutpm.eu\/uk\/category\/instytut-praw-migrantow\/\" class=\"advgb-post-tax-term\">IPM<\/a>"],"unlinked":["<span class=\"advgb-post-tax-term\">IPM<\/span>"]}},"comment_count":"0","relative_dates":{"created":"Posted 5 years ago","modified":"Updated 3 years ago"},"absolute_dates":{"created":"Posted on 2020-12-07","modified":"Updated on 2023-05-19"},"absolute_dates_time":{"created":"Posted on 2020-12-07 11:48","modified":"Updated on 2023-05-19 11:53"},"featured_img_caption":"","series_order":"","_links":{"self":[{"href":"https:\/\/instytutpm.eu\/uk\/wp-json\/wp\/v2\/posts\/217","targetHints":{"allow":["GET"]}}],"collection":[{"href":"https:\/\/instytutpm.eu\/uk\/wp-json\/wp\/v2\/posts"}],"about":[{"href":"https:\/\/instytutpm.eu\/uk\/wp-json\/wp\/v2\/types\/post"}],"author":[{"embeddable":true,"href":"https:\/\/instytutpm.eu\/uk\/wp-json\/wp\/v2\/users\/2"}],"replies":[{"embeddable":true,"href":"https:\/\/instytutpm.eu\/uk\/wp-json\/wp\/v2\/comments?post=217"}],"version-history":[{"count":4,"href":"https:\/\/instytutpm.eu\/uk\/wp-json\/wp\/v2\/posts\/217\/revisions"}],"predecessor-version":[{"id":1774,"href":"https:\/\/instytutpm.eu\/uk\/wp-json\/wp\/v2\/posts\/217\/revisions\/1774"}],"wp:featuredmedia":[{"embeddable":true,"href":"https:\/\/instytutpm.eu\/uk\/wp-json\/wp\/v2\/media\/1770"}],"wp:attachment":[{"href":"https:\/\/instytutpm.eu\/uk\/wp-json\/wp\/v2\/media?parent=217"}],"wp:term":[{"taxonomy":"category","embeddable":true,"href":"https:\/\/instytutpm.eu\/uk\/wp-json\/wp\/v2\/categories?post=217"},{"taxonomy":"post_tag","embeddable":true,"href":"https:\/\/instytutpm.eu\/uk\/wp-json\/wp\/v2\/tags?post=217"}],"curies":[{"name":"wp","href":"https:\/\/api.w.org\/{rel}","templated":true}]}}