{"id":1408,"date":"2023-02-09T15:59:59","date_gmt":"2023-02-09T14:59:59","guid":{"rendered":"https:\/\/instytutpm.eu\/?p=1408"},"modified":"2023-08-08T14:17:29","modified_gmt":"2023-08-08T12:17:29","slug":"malzenstwa-mieszane-i-feminizacja-migracji-dane-statystyczne-powiedza-nam-czy-ukrainki-kradna-polkom-mezow","status":"publish","type":"post","link":"https:\/\/instytutpm.eu\/uk\/malzenstwa-mieszane-i-feminizacja-migracji-dane-statystyczne-powiedza-nam-czy-ukrainki-kradna-polkom-mezow\/","title":{"rendered":"Ma\u0142\u017ce\u0144stwa mieszane i feminizacja migracji. Dane statystyczne powiedz\u0105 nam, czy Ukrainki kradn\u0105 Polkom m\u0119\u017c\u00f3w?"},"content":{"rendered":"\n<p>Dzisiaj chcieliby\u015bmy przyjrze\u0107 si\u0119 tematowi migracji pod k\u0105tem rozdzielenia tego zjawiska i przeanalizowania go pod k\u0105tem feminizacji i maskulinizacji. Najistotniejszym kontekstem w tym artykule b\u0119dzie obalenie mitu o tym, \u017ce Ukrainki chc\u0105 odebra\u0107 Polkom m\u0119\u017c\u00f3w, albo, \u017ce \u015bwiadomie planuj\u0105 za\u0142o\u017cenie rodziny z przedstawicielami polskiego spo\u0142ecze\u0144stwa. W przestrzeni Internetu znajdziemy pe\u0142no przyk\u0142ad\u00f3w, kt\u00f3re powielaj\u0105 t\u0119 narracj\u0119. Na przyk\u0142ad, &nbsp;w 2020 roku powsta\u0142a grupa na Facebook\u2019u, pt.&nbsp;\u201ePolak szuka \u017cony Ukrainki\u201d. W maju 2022 roku grupa liczy\u0142a ju\u017c 17 tysi\u0119cy cz\u0142onk\u00f3w (p\u00f3\u017aniej grupa zosta\u0142a zablokowana za naruszanie regulaminu).&nbsp;Co tak naprawd\u0119 sprawia, \u017ce powstaje coraz wi\u0119cej ma\u0142\u017ce\u0144stw mieszanych z obywatelami pa\u0144stw Europy Wschodniej, jakie czynniki wp\u0142ywaj\u0105 na taki stan rzeczy i czy Polki powinny ba\u0107 si\u0119 migrantek i uchod\u017aczy\u0144 ze wschodu?&nbsp;<\/p>\n\n\n\n<figure class=\"wp-block-image size-large\"><img loading=\"lazy\" decoding=\"async\" width=\"1440\" height=\"957\" src=\"https:\/\/instytutpm.eu\/wp-content\/uploads\/2023\/02\/sunsat-1440x957.jpg\" alt=\"sunsat\" class=\"wp-image-1691\"\/><\/figure>\n\n\n\n<h3 class=\"wp-block-heading advgb-dyn-74ed7a5a\">Feminizacja i maskulinizacja migracji<\/h3>\n\n\n\n<p class=\"anchore-link\">Od drugiej po\u0142owy XX wieku na \u015bwiecie zacz\u0119\u0142a dominowa\u0107 emigracja m\u0119\u017cczyzn do innych, bardziej rozwini\u0119tych kraj\u00f3w. Celem takiego wyjazdu by\u0142y zarobki, cz\u0119sto w obszarach przemys\u0142u i produkcji, gdzie kobiety nie by\u0142y zatrudniane. Ten sam model utrzymywa\u0142 si\u0119 i w Polsce. Na przestrzeni lat do Polski przyje\u017cd\u017cali g\u0142\u00f3wnie m\u0119\u017cczy\u017ani, a ich \u017cony i dzieci zostawa\u0142y w kraju pochodzenia. Je\u015bli kobiety decydowa\u0142y si\u0119 na wyjazd, to raczej pod pretekstem po\u0142\u0105czenia si\u0119 z rodzin\u0105, a nie z my\u015bl\u0105 o zarobkach (m\u00f3wimy tutaj g\u0142\u00f3wnie o migracjach do Polski z s\u0105siednich kraj\u00f3w wschodnich). Tym samym Polska przyci\u0105gn\u0119\u0142a migrant\u00f3w zarobkowych, wprowadzi\u0142a dla nich \u0142agodne, zach\u0119caj\u0105ce do pracy przepisy, kt\u00f3re pozwoli\u0142y na prac\u0119 Ukrai\u0144com, Bia\u0142orusinom, Rosjanom, a tak\u017ce obywatelom takich kraj\u00f3w jak Gruzja, Mo\u0142dawia i Armenia. Wed\u0142ug danych GUS<sup><a href=\"#1\">1<\/a><\/sup>, tu\u017c przed wybuchem pandemii koronawirusa w Polsce przebywa\u0142o 2,1 mln cudzoziemc\u00f3w, w tym 1,35 mln Ukrai\u0144c\u00f3w, ponad 100 tys. Bia\u0142orusin\u00f3w, 77 tys. Niemc\u00f3w, a tak\u017ce obywatele Mo\u0142dawii, Rosji, Indii, Gruzji, Wietnamu, Turcji oraz Chin.&nbsp;<\/p>\n\n\n\n<h3 class=\"wp-block-heading advgb-dyn-55ff3278\">Migracja po pe\u0142noskalowej inwazji na Ukrain\u0119 w 2022 roku<\/h3>\n\n\n\n<p class=\"anchore-link\">Je\u015bli m\u00f3wimy o sytuacji, kt\u00f3r\u0105 napotkali\u015bmy po 24 lutego 2022 roku, to, jako \u017ce charakter tej migracji by\u0142 inny, przyci\u0105gn\u0105\u0142 on tak\u017ce i zupe\u0142nie inn\u0105 grup\u0119 cudzoziemc\u00f3w. Uchod\u017acy wojenni z Ukrainy, to przede wszystkim kobiety &#8211; prawie 90% przyjezdnych<sup><a href=\"#2\">2<\/a><\/sup>. Najliczniejsz\u0105 grup\u0119 stanowi\u0142y osoby w wieku 30-44 lat, czyli w wieku najwi\u0119kszej aktywno\u015bci zawodowej i zak\u0142adania rodzin. Co wa\u017cne w kontek\u015bcie naszych dzisiejszych rozwa\u017ca\u0144, kobiety te najcz\u0119\u015bciej przyje\u017cd\u017ca\u0142y do Polski z dzie\u0107mi. Poza tym, r\u00f3wnie wysoki odsetek przyjezdnych kobiet stanowi\u0105 migrantki powy\u017cej 60 r.\u017c, kt\u00f3re w zwyczajnych warunkach rzadko decyduj\u0105 si\u0119 na migracj\u0119, a wi\u0119c integruj\u0105 si\u0119 s\u0142abiej i wolniej.&nbsp;<\/p>\n\n\n\n<h3 class=\"wp-block-heading advgb-dyn-54811946\">Integracja cudzoziemek i migrantek &nbsp; &nbsp;<\/h3>\n\n\n\n<p>Je\u015bli chodzi o kwesti\u0119 integracji uchod\u017ac\u00f3w ze spo\u0142ecze\u0144stwem polskim, to my widzimy tutaj kilka \u015bcie\u017cek. Cz\u0119\u015b\u0107 migrant\u00f3w przymusowych pr\u00f3buje samodzielnie przyzwyczai\u0107 si\u0119 do nowego \u015brodowiska i zrobi\u0107 du\u017co, by spr\u00f3bowa\u0107 si\u0119 zintegrowa\u0107 (osoby te chodz\u0105 na kursy i spotkania j\u0119zykowe, wysy\u0142aj\u0105 dzieci do polskich plac\u00f3wek o\u015bwiatowych, pr\u00f3buj\u0105 szuka\u0107 nowych znajomych i pracy). Druga cz\u0119\u015b\u0107 jest w stanie \u201czamro\u017conym\u201d. Osoby te odliczaj\u0105 ka\u017cd\u0105 chwil\u0119 do momentu, kiedy b\u0119d\u0105 mog\u0142y wr\u00f3ci\u0107 do domu. One wypieraj\u0105 i odrzucaj\u0105 wszystkie mo\u017cliwo\u015bci uczenia si\u0119 j\u0119zyka i przyzwyczajania si\u0119 do otoczenia. Wydaje nam si\u0119, \u017ce takich os\u00f3b jest du\u017co w\u015br\u00f3d uchod\u017aczy\u0144 wojennych. Do tej drugiej grupy z pewno\u015bci\u0105 zaliczyliby\u015bmy tak\u017ce osoby, kt\u00f3re wyjecha\u0142y z dzie\u0107mi za granic\u0119 (do Polski), ale czekaj\u0105 na po\u0142\u0105czenie si\u0119 ze swoj\u0105 drug\u0105 po\u0142\u00f3wk\u0105 i rodzin\u0105, kt\u00f3ra zosta\u0142a w Ukrainie. Ta grupa nie stanowi \u201cmatrymonialnego zagro\u017cenia\u201d dla polskich m\u0119\u017cczyzn. Podobnie nie zainteresowane za\u0142o\u017ceniem rodziny z obywatelem Polski b\u0119d\u0105 te kobiety, kt\u00f3re po rozpocz\u0119ciu si\u0119 wojny w Ukrainie wyjecha\u0142y do Polski do swoich m\u0119\u017c\u00f3w, kt\u00f3rzy ju\u017c wcze\u015bniej wyemigrowali, przeszli ju\u017c jak\u0105\u015b drog\u0119 w stron\u0119 zintegrowania si\u0119 i mog\u0105 zapewni\u0107 reszcie swojej rodziny \u201ckomfort spo\u0142eczny\u201d. Chodzi nam o takie rzeczy jak pomoc przy za\u0142atwieniu spraw w urz\u0119dzie czy zapisanie dziecka do szko\u0142y.&nbsp;<\/p>\n\n\n\n<h3 class=\"wp-block-heading advgb-dyn-f9fc9dcd\">Ma\u0142\u017ce\u0144stwa mieszane w Polsce. Liczby. Przyczyny&nbsp;<\/h3>\n\n\n\n<p class=\"anchore-link\">Te poprzednie przyk\u0142ady i stwierdzenia nie zmieniaj\u0105 faktu, \u017ce z roku na rok jest coraz wi\u0119cej rejestrowanych w Polsce ma\u0142\u017ce\u0144stw mi\u0119dzy obywatelami Polski a obywatelkami kraj\u00f3w Europy Wschodniej. Aktualne dane jedynie GUS potwierdzaj\u0105 wzrost liczby ma\u0142\u017ce\u0144stw mieszanych w ostatnich latach (5,9 ty\u015b. w 2019 roku, wcze\u015bniej ok. 4\u20135 ty\u015b. rejestrowanych w Polsce ma\u0142\u017ce\u0144stw). Tym samym odsetek ma\u0142\u017ce\u0144stw binacjonalnych w 2019 roku w Polsce wyni\u00f3s\u0142 3,2% (w 2012 roku &#8211; 1,7%). Tak wysokie wska\u017aniki \u015blub\u00f3w binacjonalnych zawdzi\u0119czamy wzrostowi liczby ma\u0142\u017ce\u0144stw Polak\u00f3w z Ukrainkami (298 ma\u0142\u017ce\u0144stw w 2011 roku, 1035 \u2013 w 2017 roku i 1627 ma\u0142\u017ce\u0144stw w 2019 roku). Polacy \u017ceni\u0105 si\u0119 tak\u017ce z Bia\u0142orusinkami i Rosjankami. Wed\u0142ug GUS w 2021 roku odby\u0142o si\u0119 1839 \u015blub\u00f3w Polak\u00f3w z Ukrainkami, 210 z Bia\u0142orusinkami i 111 z Rosjankami<sup><a href=\"#3\">3<\/a><\/sup>. Kobiety z Polski (w 2021 roku) z kolei wybiera\u0142y na m\u0119\u017c\u00f3w Brytyjczyk\u00f3w (525), Niemc\u00f3w (355), Ukrai\u0144c\u00f3w (347) oraz W\u0142och\u00f3w (224).<\/p>\n\n\n\n<p class=\"anchore-link\">\u017beby wyt\u0142umaczy\u0107 to zjawisko, powo\u0142amy si\u0119 na artyku\u0142y naukowe, w kt\u00f3rych badacze podaj\u0105 konkretne powody stanowi\u0105ce uzasadnienie zwi\u0119kszenia si\u0119 ma\u0142\u017ce\u0144stw binacjonalnych z Polakami. Piotr Szukalski z Uniwersytetu \u0141\u00f3dzkiego w 2020 roku prze\u015bledzi\u0142 temat ma\u0142\u017ce\u0144stw polsko-ukrai\u0144skich i wed\u0142ug niego pewn\u0105 przyczyn\u0105 jest wzajemne postrzeganie si\u0119 obu stron. Polacy coraz cz\u0119\u015bciej odnotowuj\u0105 fizyczna atrakcyjno\u015b\u0107 Ukrainek, postrzegaj\u0105 je jako bardziej dbaj\u0105ce o siebie (o makija\u017c czy fryzur\u0119). Ukrainki z kolei zwracaj\u0105 uwag\u0119 na szarmancko\u015b\u0107 Polak\u00f3w, uwa\u017caj\u0105 ich za bardziej spolegliwych i partnerskich w por\u00f3wnaniu z Ukrai\u0144cami<sup><a href=\"#4\">4<\/a><\/sup>. Kolejn\u0105 naturaln\u0105 przyczyn\u0105 jest to, \u017ce kobiety imigrantki zazwyczaj lepiej adaptuj\u0105 si\u0119 do nowych wymaga\u0144 \u017cycia spo\u0142ecznego, a co za tym idzie, integruj\u0105 si\u0119 szybciej (badane wskazuj\u0105, \u017ce maj\u0105 wi\u0119cej znajomych Polak\u00f3w, ni\u017c m\u0119\u017cczy\u017ani-Ukrai\u0144cy<sup><a href=\"#5\">5<\/a><\/sup>). Do grupy migrantek, kt\u00f3ra szybko si\u0119 integruje z pewno\u015bci\u0105 nale\u017c\u0105 kobiety, kt\u00f3re wyje\u017cd\u017caj\u0105 do Polski do szko\u0142y lub na studia w bardzo m\u0142odym, czasem nawet nastoletnim wieku.&nbsp;Studenci z Ukrainy od lat stanowi\u0105 najwi\u0119ksz\u0105 grup\u0119 obcokrajowc\u00f3w, ucz\u0105cych si\u0119 w Polsce. W 2021 roku stanowili ponad 45% og\u00f3\u0142u student\u00f3w zagranicznych, a w latach 2015\/16 oraz 2016\/17 &#8211; nawet 54%.Dzi\u0119ki mo\u017cliwo\u015bci pobierania nauki na polskich uczelniach, kobiety zza wschodniej granicy maj\u0105 okazj\u0119 do poznania i zwi\u0105zania si\u0119 w obywatelami Polski w bardzo naturalny i r\u00f3wny spos\u00f3b. Zagraniczne studentki w tym przypadku mog\u0105 stanowi\u0107 \u201czagro\u017cenie matrymonialne\u201d, ale jedynie w sytuacji, kiedy anga\u017cuj\u0105 si\u0119 w integracj\u0119 z miejscow\u0105 m\u0142odzie\u017c\u0105 i nie zamykaj\u0105 si\u0119 na grono znajomych, pochodz\u0105cych z kraju ojczystego. &nbsp;<\/p>\n\n\n\n<h3 class=\"wp-block-heading advgb-dyn-3fe67ef0\">Wnioski z obserwacji&nbsp;<\/h3>\n\n\n\n<p>Ostatecznie wydaje nam si\u0119, \u017ce fala nowych migrantek, kt\u00f3re przekroczy\u0142y granic\u0119 z Polsk\u0105 po 24 lutego 2022 roku nie stanowi du\u017cego zagro\u017cenia dla polskich kobiet. Jak ju\u017c wspomnieli\u015bmy, cz\u0119\u015b\u0107 z nich przyjecha\u0142a do swoich m\u0119\u017c\u00f3w, kt\u00f3rzy zamieszkali w Polsce wcze\u015bniej. Cz\u0119\u015b\u0107 z nich zd\u0105\u017cy\u0142a ju\u017c wr\u00f3ci\u0107 do Ukrainy ze wzgl\u0119du na to, \u017ce nie mog\u0142a dosta\u0107 pracy odpowiedniej do kwalifikacji (ze wzgl\u0119du na brak znajomo\u015bci j\u0119zyka albo ze wzgl\u0119du na konieczno\u015b\u0107 nostryfikacji dyplomu). Istnieje jednak pewna grupa, kt\u00f3ra ma naturaln\u0105 szans\u0119 na to, by zwi\u0105za\u0107 si\u0119 z obywatelami Polski i s\u0105 to studentki czy uczennice zagraniczne, albo dzieci os\u00f3b ze starszej migracji, kt\u00f3rzy dorastali w polskim otoczeniu, s\u0105 bardzo dobrze zintegrowane ze spo\u0142eczno\u015bci\u0105 i traktuj\u0105 j\u0119zyk polski jako drugi ojczysty. Oczywi\u015bcie, nie mo\u017cemy przewidzie\u0107 wszystkich przypadk\u00f3w, w kt\u00f3rych dojdzie do zawarcia ma\u0142\u017ce\u0144stwa binacjonalnego na terytorium Polski, ale nie jest to te\u017c proces chaotyczny, rz\u0105dzi si\u0119 on swoimi prawami, kt\u00f3re spr\u00f3bowali\u015bmy dzisiaj przybli\u017cy\u0107.<\/p>\n\n\n\n<p id=\"1\"><sup>[1]<\/sup>G\u0142\u00f3wny Urz\u0105d Statystyczny, <em>Populacja cudzoziemc\u00f3w w Polsce w czasie COVID-19, <\/em>07.07.2020.<\/p>\n\n\n\n<p id=\"2\"><sup><sup>[2]<\/sup><\/sup> OO NBP, <em>Sytuacja \u017cyciowa i ekonomiczna uchod\u017ac\u00f3w z Ukrainy w Polsce, <\/em>2022.<\/p>\n\n\n\n<p id=\"3\"><sup>[3]<\/sup> Polsat, 05.08.2022, [<a href=\"https:\/\/www.polsatnews.pl\/wiadomosc\/2022-08-05\/polacy-coraz-czesciej-biora-slub-z-ukrainkami-nawet-1839-malzenstw-w-ubieglym-roku\/\" target=\"_blank\" rel=\"noreferrer noopener\">https:\/\/www.polsatnews.pl\/wiadomosc\/2022-08-05\/polacy-coraz-czesciej-biora-slub-z-ukrainkami-nawet-1839-malzenstw-w-ubieglym-roku\/<\/a>].<\/p>\n\n\n\n<p id=\"4\"><sup>[4]<\/sup> Szukalski P., <em>MA\u0141\u017bE\u0143STWA POLSKO-UKRAI\u0143SKIE ZAWIERANE W POLSCE\u2026, <\/em>08.2020, [<a href=\"https:\/\/dspace.uni.lodz.pl\/bitstream\/handle\/11089\/32280\/Ma%C5%82%C5%BCe%C5%84stwa%20polsko-ukrai%C5%84skie%202020.pdf?sequence=1&amp;isAllowed=y\" target=\"_blank\" rel=\"noreferrer noopener\">https:\/\/dspace.uni.lodz.pl\/bitstream\/handle\/11089\/32280\/Ma%C5%82%C5%BCe%C5%84stwa%20polsko-ukrai%C5%84skie%202020.pdf?sequence=1&amp;isAllowed=y<\/a>].<\/p>\n\n\n\n<p id=\"5\"><sup><sup>[5]<\/sup><\/sup> Hruzd-Matuszczyk A., <em>Ma\u0142\u017ce\u0144stwa mieszane w przestrzeni spo\u0142ecznej \u2013 przegl\u0105d aktualnych doniesie\u0144, <\/em>2021, [<a href=\"https:\/\/rebus.us.edu.pl\/bitstream\/20.500.12128\/21988\/1\/Hruzd_Matuszczyk_malzenstwa_mieszane_w_przestrzeni.pdf\" target=\"_blank\" rel=\"noreferrer noopener\">https:\/\/rebus.us.edu.pl\/bitstream\/20.500.12128\/21988\/1\/Hruzd_Matuszczyk_malzenstwa_mieszane_w_przestrzeni.pdf<\/a>].<\/p>\n","protected":false},"excerpt":{"rendered":"<p>Dzisiaj chcieliby\u015bmy przyjrze\u0107 si\u0119 tematowi migracji pod k\u0105tem rozdzielenia tego zjawiska i przeanalizowania go pod k\u0105tem feminizacji i maskulinizacji. Najistotniejszym kontekstem w tym artykule b\u0119dzie obalenie mitu o tym, \u017ce Ukrainki chc\u0105 odebra\u0107 Polkom m\u0119\u017c\u00f3w, albo, \u017ce \u015bwiadomie planuj\u0105 za\u0142o\u017cenie rodziny z przedstawicielami polskiego spo\u0142ecze\u0144stwa. W przestrzeni Internetu znajdziemy pe\u0142no przyk\u0142ad\u00f3w, kt\u00f3re powielaj\u0105 t\u0119 narracj\u0119&#8230;.<\/p>\n","protected":false},"author":11,"featured_media":1691,"comment_status":"closed","ping_status":"closed","sticky":false,"template":"","format":"standard","meta":{"inline_featured_image":false,"advgb_blocks_editor_width":"","advgb_blocks_columns_visual_guide":"","footnotes":""},"categories":[5],"tags":[],"class_list":["post-1408","post","type-post","status-publish","format-standard","has-post-thumbnail","hentry","category-ciekawostka"],"yoast_head":"<!-- This site is optimized with the Yoast SEO plugin v27.5 - https:\/\/yoast.com\/product\/yoast-seo-wordpress\/ -->\n<title>Ma\u0142\u017ce\u0144stwa mieszane i feminizacja migracji. Dane statystyczne powiedz\u0105 nam, czy Ukrainki kradn\u0105 Polkom m\u0119\u017c\u00f3w? - \u0406\u043d\u0441\u0442\u0438\u0442\u0443\u0442 \u041f\u0440\u0430\u0432 \u041c\u0456\u0433\u0440\u0430\u043d\u0442\u0456\u0432<\/title>\n<meta name=\"description\" content=\"Naszyme celem jest kszta\u0142cenie spo\u0142ecze\u0144stwa r\u00f3wnych szans \u015bwiadomego swoich praw, poprzez prowadzenie dzia\u0142alno\u015bci konsultacyjnej i szkoleniowej.\" \/>\n<meta name=\"robots\" content=\"index, follow, max-snippet:-1, max-image-preview:large, max-video-preview:-1\" \/>\n<link rel=\"canonical\" href=\"https:\/\/instytutpm.eu\/malzenstwa-mieszane-i-feminizacja-migracji-dane-statystyczne-powiedza-nam-czy-ukrainki-kradna-polkom-mezow\/\" \/>\n<meta property=\"og:locale\" content=\"en_US\" \/>\n<meta property=\"og:type\" content=\"article\" \/>\n<meta property=\"og:title\" content=\"Ma\u0142\u017ce\u0144stwa mieszane i feminizacja migracji. Dane statystyczne powiedz\u0105 nam, czy Ukrainki kradn\u0105 Polkom m\u0119\u017c\u00f3w? - \u0406\u043d\u0441\u0442\u0438\u0442\u0443\u0442 \u041f\u0440\u0430\u0432 \u041c\u0456\u0433\u0440\u0430\u043d\u0442\u0456\u0432\" \/>\n<meta property=\"og:description\" content=\"Naszyme celem jest kszta\u0142cenie spo\u0142ecze\u0144stwa r\u00f3wnych szans \u015bwiadomego swoich praw, poprzez prowadzenie dzia\u0142alno\u015bci konsultacyjnej i szkoleniowej.\" \/>\n<meta property=\"og:url\" content=\"https:\/\/instytutpm.eu\/malzenstwa-mieszane-i-feminizacja-migracji-dane-statystyczne-powiedza-nam-czy-ukrainki-kradna-polkom-mezow\/\" \/>\n<meta property=\"og:site_name\" content=\"\u0406\u043d\u0441\u0442\u0438\u0442\u0443\u0442 \u041f\u0440\u0430\u0432 \u041c\u0456\u0433\u0440\u0430\u043d\u0442\u0456\u0432\" \/>\n<meta property=\"article:publisher\" content=\"https:\/\/www.facebook.com\/Instytutpm\" \/>\n<meta property=\"article:published_time\" content=\"2023-02-09T14:59:59+00:00\" \/>\n<meta property=\"article:modified_time\" content=\"2023-08-08T12:17:29+00:00\" \/>\n<meta property=\"og:image\" content=\"https:\/\/instytutpm.eu\/wp-content\/uploads\/2023\/02\/sunsat.jpg\" \/>\n\t<meta property=\"og:image:width\" content=\"1920\" \/>\n\t<meta property=\"og:image:height\" content=\"1276\" \/>\n\t<meta property=\"og:image:type\" content=\"image\/jpeg\" \/>\n<meta name=\"author\" content=\"Ksenia Pletnova\" \/>\n<meta name=\"twitter:card\" content=\"summary_large_image\" \/>\n<meta name=\"twitter:creator\" content=\"@Instytutipm\" \/>\n<meta name=\"twitter:site\" content=\"@Instytutipm\" \/>\n<meta name=\"twitter:label1\" content=\"Written by\" \/>\n\t<meta name=\"twitter:data1\" content=\"Ksenia Pletnova\" \/>\n\t<meta name=\"twitter:label2\" content=\"Est. reading time\" \/>\n\t<meta name=\"twitter:data2\" content=\"6 minutes\" \/>\n<script type=\"application\/ld+json\" class=\"yoast-schema-graph\">{\"@context\":\"https:\\\/\\\/schema.org\",\"@graph\":[{\"@type\":\"Article\",\"@id\":\"https:\\\/\\\/instytutpm.eu\\\/malzenstwa-mieszane-i-feminizacja-migracji-dane-statystyczne-powiedza-nam-czy-ukrainki-kradna-polkom-mezow\\\/#article\",\"isPartOf\":{\"@id\":\"https:\\\/\\\/instytutpm.eu\\\/malzenstwa-mieszane-i-feminizacja-migracji-dane-statystyczne-powiedza-nam-czy-ukrainki-kradna-polkom-mezow\\\/\"},\"author\":{\"name\":\"Ksenia Pletnova\",\"@id\":\"https:\\\/\\\/instytutpm.eu\\\/#\\\/schema\\\/person\\\/d5f966e83d4ad4b83ac2991f8d7b6868\"},\"headline\":\"Ma\u0142\u017ce\u0144stwa mieszane i feminizacja migracji. Dane statystyczne powiedz\u0105 nam, czy Ukrainki kradn\u0105 Polkom m\u0119\u017c\u00f3w?\",\"datePublished\":\"2023-02-09T14:59:59+00:00\",\"dateModified\":\"2023-08-08T12:17:29+00:00\",\"mainEntityOfPage\":{\"@id\":\"https:\\\/\\\/instytutpm.eu\\\/malzenstwa-mieszane-i-feminizacja-migracji-dane-statystyczne-powiedza-nam-czy-ukrainki-kradna-polkom-mezow\\\/\"},\"wordCount\":1488,\"publisher\":{\"@id\":\"https:\\\/\\\/instytutpm.eu\\\/#organization\"},\"image\":{\"@id\":\"https:\\\/\\\/instytutpm.eu\\\/malzenstwa-mieszane-i-feminizacja-migracji-dane-statystyczne-powiedza-nam-czy-ukrainki-kradna-polkom-mezow\\\/#primaryimage\"},\"thumbnailUrl\":\"https:\\\/\\\/instytutpm.eu\\\/wp-content\\\/uploads\\\/2023\\\/02\\\/sunsat.jpg\",\"articleSection\":[\"Ciekawostka\"],\"inLanguage\":\"ua\"},{\"@type\":\"WebPage\",\"@id\":\"https:\\\/\\\/instytutpm.eu\\\/malzenstwa-mieszane-i-feminizacja-migracji-dane-statystyczne-powiedza-nam-czy-ukrainki-kradna-polkom-mezow\\\/\",\"url\":\"https:\\\/\\\/instytutpm.eu\\\/malzenstwa-mieszane-i-feminizacja-migracji-dane-statystyczne-powiedza-nam-czy-ukrainki-kradna-polkom-mezow\\\/\",\"name\":\"Ma\u0142\u017ce\u0144stwa mieszane i feminizacja migracji. Dane statystyczne powiedz\u0105 nam, czy Ukrainki kradn\u0105 Polkom m\u0119\u017c\u00f3w? - \u0406\u043d\u0441\u0442\u0438\u0442\u0443\u0442 \u041f\u0440\u0430\u0432 \u041c\u0456\u0433\u0440\u0430\u043d\u0442\u0456\u0432\",\"isPartOf\":{\"@id\":\"https:\\\/\\\/instytutpm.eu\\\/#website\"},\"primaryImageOfPage\":{\"@id\":\"https:\\\/\\\/instytutpm.eu\\\/malzenstwa-mieszane-i-feminizacja-migracji-dane-statystyczne-powiedza-nam-czy-ukrainki-kradna-polkom-mezow\\\/#primaryimage\"},\"image\":{\"@id\":\"https:\\\/\\\/instytutpm.eu\\\/malzenstwa-mieszane-i-feminizacja-migracji-dane-statystyczne-powiedza-nam-czy-ukrainki-kradna-polkom-mezow\\\/#primaryimage\"},\"thumbnailUrl\":\"https:\\\/\\\/instytutpm.eu\\\/wp-content\\\/uploads\\\/2023\\\/02\\\/sunsat.jpg\",\"datePublished\":\"2023-02-09T14:59:59+00:00\",\"dateModified\":\"2023-08-08T12:17:29+00:00\",\"description\":\"Naszyme celem jest kszta\u0142cenie spo\u0142ecze\u0144stwa r\u00f3wnych szans \u015bwiadomego swoich praw, poprzez prowadzenie dzia\u0142alno\u015bci konsultacyjnej i szkoleniowej.\",\"breadcrumb\":{\"@id\":\"https:\\\/\\\/instytutpm.eu\\\/malzenstwa-mieszane-i-feminizacja-migracji-dane-statystyczne-powiedza-nam-czy-ukrainki-kradna-polkom-mezow\\\/#breadcrumb\"},\"inLanguage\":\"ua\",\"potentialAction\":[{\"@type\":\"ReadAction\",\"target\":[\"https:\\\/\\\/instytutpm.eu\\\/malzenstwa-mieszane-i-feminizacja-migracji-dane-statystyczne-powiedza-nam-czy-ukrainki-kradna-polkom-mezow\\\/\"]}]},{\"@type\":\"ImageObject\",\"inLanguage\":\"ua\",\"@id\":\"https:\\\/\\\/instytutpm.eu\\\/malzenstwa-mieszane-i-feminizacja-migracji-dane-statystyczne-powiedza-nam-czy-ukrainki-kradna-polkom-mezow\\\/#primaryimage\",\"url\":\"https:\\\/\\\/instytutpm.eu\\\/wp-content\\\/uploads\\\/2023\\\/02\\\/sunsat.jpg\",\"contentUrl\":\"https:\\\/\\\/instytutpm.eu\\\/wp-content\\\/uploads\\\/2023\\\/02\\\/sunsat.jpg\",\"width\":1920,\"height\":1276,\"caption\":\"sunsat\"},{\"@type\":\"BreadcrumbList\",\"@id\":\"https:\\\/\\\/instytutpm.eu\\\/malzenstwa-mieszane-i-feminizacja-migracji-dane-statystyczne-powiedza-nam-czy-ukrainki-kradna-polkom-mezow\\\/#breadcrumb\",\"itemListElement\":[{\"@type\":\"ListItem\",\"position\":1,\"name\":\"Home\",\"item\":\"https:\\\/\\\/instytutpm.eu\\\/uk\\\/\"},{\"@type\":\"ListItem\",\"position\":2,\"name\":\"Ma\u0142\u017ce\u0144stwa mieszane i feminizacja migracji. Dane statystyczne powiedz\u0105 nam, czy Ukrainki kradn\u0105 Polkom m\u0119\u017c\u00f3w?\"}]},{\"@type\":\"WebSite\",\"@id\":\"https:\\\/\\\/instytutpm.eu\\\/#website\",\"url\":\"https:\\\/\\\/instytutpm.eu\\\/\",\"name\":\"Instytut Praw Migrant\u00f3w\",\"description\":\"\u041d\u0430\u0434\u0430\u0454\u043c\u043e \u0431\u0435\u0437\u043a\u043e\u0448\u0442\u043e\u0432\u043d\u0443 \u0456\u043d\u0444\u043e\u0440\u043c\u0430\u0446\u0456\u0439\u043d\u0443 \u043f\u0456\u0434\u0442\u0440\u0438\u043c\u043a\u0443 \u0434\u043b\u044f \u043c\u0456\u0433\u0440\u0430\u043d\u0442\u0456\u0432\",\"publisher\":{\"@id\":\"https:\\\/\\\/instytutpm.eu\\\/#organization\"},\"alternateName\":\"IPM\",\"potentialAction\":[{\"@type\":\"SearchAction\",\"target\":{\"@type\":\"EntryPoint\",\"urlTemplate\":\"https:\\\/\\\/instytutpm.eu\\\/?s={search_term_string}\"},\"query-input\":{\"@type\":\"PropertyValueSpecification\",\"valueRequired\":true,\"valueName\":\"search_term_string\"}}],\"inLanguage\":\"ua\"},{\"@type\":\"Organization\",\"@id\":\"https:\\\/\\\/instytutpm.eu\\\/#organization\",\"name\":\"Instytut Praw Migrant\u00f3w\",\"alternateName\":\"IPM\",\"url\":\"https:\\\/\\\/instytutpm.eu\\\/\",\"logo\":{\"@type\":\"ImageObject\",\"inLanguage\":\"ua\",\"@id\":\"https:\\\/\\\/instytutpm.eu\\\/#\\\/schema\\\/logo\\\/image\\\/\",\"url\":\"https:\\\/\\\/instytutpm.eu\\\/wp-content\\\/uploads\\\/2023\\\/05\\\/ipm-logo.jpg\",\"contentUrl\":\"https:\\\/\\\/instytutpm.eu\\\/wp-content\\\/uploads\\\/2023\\\/05\\\/ipm-logo.jpg\",\"width\":238,\"height\":238,\"caption\":\"Instytut Praw Migrant\u00f3w\"},\"image\":{\"@id\":\"https:\\\/\\\/instytutpm.eu\\\/#\\\/schema\\\/logo\\\/image\\\/\"},\"sameAs\":[\"https:\\\/\\\/www.facebook.com\\\/Instytutpm\",\"https:\\\/\\\/x.com\\\/Instytutipm\"]},{\"@type\":\"Person\",\"@id\":\"https:\\\/\\\/instytutpm.eu\\\/#\\\/schema\\\/person\\\/d5f966e83d4ad4b83ac2991f8d7b6868\",\"name\":\"Ksenia Pletnova\",\"image\":{\"@type\":\"ImageObject\",\"inLanguage\":\"ua\",\"@id\":\"https:\\\/\\\/instytutpm.eu\\\/wp-content\\\/uploads\\\/2023\\\/08\\\/ksenia-pletneva-96x96.webp\",\"url\":\"https:\\\/\\\/instytutpm.eu\\\/wp-content\\\/uploads\\\/2023\\\/08\\\/ksenia-pletneva-96x96.webp\",\"contentUrl\":\"https:\\\/\\\/instytutpm.eu\\\/wp-content\\\/uploads\\\/2023\\\/08\\\/ksenia-pletneva-96x96.webp\",\"caption\":\"Ksenia Pletnova\"},\"description\":\"Celem Instytutu Praw Migrant\u00f3w jest kszta\u0142cenie spo\u0142ecze\u0144stwa r\u00f3wnych szans \u015bwiadomego swoich praw, poprzez prowadzenie dzia\u0142alno\u015bci konsultacyjnej i szkoleniowej.\",\"url\":\"https:\\\/\\\/instytutpm.eu\\\/uk\\\/author\\\/kp-admin\\\/\"}]}<\/script>\n<!-- \/ Yoast SEO plugin. -->","yoast_head_json":{"title":"Ma\u0142\u017ce\u0144stwa mieszane i feminizacja migracji. Dane statystyczne powiedz\u0105 nam, czy Ukrainki kradn\u0105 Polkom m\u0119\u017c\u00f3w? - \u0406\u043d\u0441\u0442\u0438\u0442\u0443\u0442 \u041f\u0440\u0430\u0432 \u041c\u0456\u0433\u0440\u0430\u043d\u0442\u0456\u0432","description":"Naszyme celem jest kszta\u0142cenie spo\u0142ecze\u0144stwa r\u00f3wnych szans \u015bwiadomego swoich praw, poprzez prowadzenie dzia\u0142alno\u015bci konsultacyjnej i szkoleniowej.","robots":{"index":"index","follow":"follow","max-snippet":"max-snippet:-1","max-image-preview":"max-image-preview:large","max-video-preview":"max-video-preview:-1"},"canonical":"https:\/\/instytutpm.eu\/malzenstwa-mieszane-i-feminizacja-migracji-dane-statystyczne-powiedza-nam-czy-ukrainki-kradna-polkom-mezow\/","og_locale":"en_US","og_type":"article","og_title":"Ma\u0142\u017ce\u0144stwa mieszane i feminizacja migracji. Dane statystyczne powiedz\u0105 nam, czy Ukrainki kradn\u0105 Polkom m\u0119\u017c\u00f3w? - \u0406\u043d\u0441\u0442\u0438\u0442\u0443\u0442 \u041f\u0440\u0430\u0432 \u041c\u0456\u0433\u0440\u0430\u043d\u0442\u0456\u0432","og_description":"Naszyme celem jest kszta\u0142cenie spo\u0142ecze\u0144stwa r\u00f3wnych szans \u015bwiadomego swoich praw, poprzez prowadzenie dzia\u0142alno\u015bci konsultacyjnej i szkoleniowej.","og_url":"https:\/\/instytutpm.eu\/malzenstwa-mieszane-i-feminizacja-migracji-dane-statystyczne-powiedza-nam-czy-ukrainki-kradna-polkom-mezow\/","og_site_name":"\u0406\u043d\u0441\u0442\u0438\u0442\u0443\u0442 \u041f\u0440\u0430\u0432 \u041c\u0456\u0433\u0440\u0430\u043d\u0442\u0456\u0432","article_publisher":"https:\/\/www.facebook.com\/Instytutpm","article_published_time":"2023-02-09T14:59:59+00:00","article_modified_time":"2023-08-08T12:17:29+00:00","og_image":[{"width":1920,"height":1276,"url":"https:\/\/instytutpm.eu\/wp-content\/uploads\/2023\/02\/sunsat.jpg","type":"image\/jpeg"}],"author":"Ksenia Pletnova","twitter_card":"summary_large_image","twitter_creator":"@Instytutipm","twitter_site":"@Instytutipm","twitter_misc":{"Written by":"Ksenia Pletnova","Est. reading time":"6 minutes"},"schema":{"@context":"https:\/\/schema.org","@graph":[{"@type":"Article","@id":"https:\/\/instytutpm.eu\/malzenstwa-mieszane-i-feminizacja-migracji-dane-statystyczne-powiedza-nam-czy-ukrainki-kradna-polkom-mezow\/#article","isPartOf":{"@id":"https:\/\/instytutpm.eu\/malzenstwa-mieszane-i-feminizacja-migracji-dane-statystyczne-powiedza-nam-czy-ukrainki-kradna-polkom-mezow\/"},"author":{"name":"Ksenia Pletnova","@id":"https:\/\/instytutpm.eu\/#\/schema\/person\/d5f966e83d4ad4b83ac2991f8d7b6868"},"headline":"Ma\u0142\u017ce\u0144stwa mieszane i feminizacja migracji. Dane statystyczne powiedz\u0105 nam, czy Ukrainki kradn\u0105 Polkom m\u0119\u017c\u00f3w?","datePublished":"2023-02-09T14:59:59+00:00","dateModified":"2023-08-08T12:17:29+00:00","mainEntityOfPage":{"@id":"https:\/\/instytutpm.eu\/malzenstwa-mieszane-i-feminizacja-migracji-dane-statystyczne-powiedza-nam-czy-ukrainki-kradna-polkom-mezow\/"},"wordCount":1488,"publisher":{"@id":"https:\/\/instytutpm.eu\/#organization"},"image":{"@id":"https:\/\/instytutpm.eu\/malzenstwa-mieszane-i-feminizacja-migracji-dane-statystyczne-powiedza-nam-czy-ukrainki-kradna-polkom-mezow\/#primaryimage"},"thumbnailUrl":"https:\/\/instytutpm.eu\/wp-content\/uploads\/2023\/02\/sunsat.jpg","articleSection":["Ciekawostka"],"inLanguage":"ua"},{"@type":"WebPage","@id":"https:\/\/instytutpm.eu\/malzenstwa-mieszane-i-feminizacja-migracji-dane-statystyczne-powiedza-nam-czy-ukrainki-kradna-polkom-mezow\/","url":"https:\/\/instytutpm.eu\/malzenstwa-mieszane-i-feminizacja-migracji-dane-statystyczne-powiedza-nam-czy-ukrainki-kradna-polkom-mezow\/","name":"Ma\u0142\u017ce\u0144stwa mieszane i feminizacja migracji. Dane statystyczne powiedz\u0105 nam, czy Ukrainki kradn\u0105 Polkom m\u0119\u017c\u00f3w? - \u0406\u043d\u0441\u0442\u0438\u0442\u0443\u0442 \u041f\u0440\u0430\u0432 \u041c\u0456\u0433\u0440\u0430\u043d\u0442\u0456\u0432","isPartOf":{"@id":"https:\/\/instytutpm.eu\/#website"},"primaryImageOfPage":{"@id":"https:\/\/instytutpm.eu\/malzenstwa-mieszane-i-feminizacja-migracji-dane-statystyczne-powiedza-nam-czy-ukrainki-kradna-polkom-mezow\/#primaryimage"},"image":{"@id":"https:\/\/instytutpm.eu\/malzenstwa-mieszane-i-feminizacja-migracji-dane-statystyczne-powiedza-nam-czy-ukrainki-kradna-polkom-mezow\/#primaryimage"},"thumbnailUrl":"https:\/\/instytutpm.eu\/wp-content\/uploads\/2023\/02\/sunsat.jpg","datePublished":"2023-02-09T14:59:59+00:00","dateModified":"2023-08-08T12:17:29+00:00","description":"Naszyme celem jest kszta\u0142cenie spo\u0142ecze\u0144stwa r\u00f3wnych szans \u015bwiadomego swoich praw, poprzez prowadzenie dzia\u0142alno\u015bci konsultacyjnej i szkoleniowej.","breadcrumb":{"@id":"https:\/\/instytutpm.eu\/malzenstwa-mieszane-i-feminizacja-migracji-dane-statystyczne-powiedza-nam-czy-ukrainki-kradna-polkom-mezow\/#breadcrumb"},"inLanguage":"ua","potentialAction":[{"@type":"ReadAction","target":["https:\/\/instytutpm.eu\/malzenstwa-mieszane-i-feminizacja-migracji-dane-statystyczne-powiedza-nam-czy-ukrainki-kradna-polkom-mezow\/"]}]},{"@type":"ImageObject","inLanguage":"ua","@id":"https:\/\/instytutpm.eu\/malzenstwa-mieszane-i-feminizacja-migracji-dane-statystyczne-powiedza-nam-czy-ukrainki-kradna-polkom-mezow\/#primaryimage","url":"https:\/\/instytutpm.eu\/wp-content\/uploads\/2023\/02\/sunsat.jpg","contentUrl":"https:\/\/instytutpm.eu\/wp-content\/uploads\/2023\/02\/sunsat.jpg","width":1920,"height":1276,"caption":"sunsat"},{"@type":"BreadcrumbList","@id":"https:\/\/instytutpm.eu\/malzenstwa-mieszane-i-feminizacja-migracji-dane-statystyczne-powiedza-nam-czy-ukrainki-kradna-polkom-mezow\/#breadcrumb","itemListElement":[{"@type":"ListItem","position":1,"name":"Home","item":"https:\/\/instytutpm.eu\/uk\/"},{"@type":"ListItem","position":2,"name":"Ma\u0142\u017ce\u0144stwa mieszane i feminizacja migracji. Dane statystyczne powiedz\u0105 nam, czy Ukrainki kradn\u0105 Polkom m\u0119\u017c\u00f3w?"}]},{"@type":"WebSite","@id":"https:\/\/instytutpm.eu\/#website","url":"https:\/\/instytutpm.eu\/","name":"Instytut Praw Migrant\u00f3w","description":"\u041d\u0430\u0434\u0430\u0454\u043c\u043e \u0431\u0435\u0437\u043a\u043e\u0448\u0442\u043e\u0432\u043d\u0443 \u0456\u043d\u0444\u043e\u0440\u043c\u0430\u0446\u0456\u0439\u043d\u0443 \u043f\u0456\u0434\u0442\u0440\u0438\u043c\u043a\u0443 \u0434\u043b\u044f \u043c\u0456\u0433\u0440\u0430\u043d\u0442\u0456\u0432","publisher":{"@id":"https:\/\/instytutpm.eu\/#organization"},"alternateName":"IPM","potentialAction":[{"@type":"SearchAction","target":{"@type":"EntryPoint","urlTemplate":"https:\/\/instytutpm.eu\/?s={search_term_string}"},"query-input":{"@type":"PropertyValueSpecification","valueRequired":true,"valueName":"search_term_string"}}],"inLanguage":"ua"},{"@type":"Organization","@id":"https:\/\/instytutpm.eu\/#organization","name":"Instytut Praw Migrant\u00f3w","alternateName":"IPM","url":"https:\/\/instytutpm.eu\/","logo":{"@type":"ImageObject","inLanguage":"ua","@id":"https:\/\/instytutpm.eu\/#\/schema\/logo\/image\/","url":"https:\/\/instytutpm.eu\/wp-content\/uploads\/2023\/05\/ipm-logo.jpg","contentUrl":"https:\/\/instytutpm.eu\/wp-content\/uploads\/2023\/05\/ipm-logo.jpg","width":238,"height":238,"caption":"Instytut Praw Migrant\u00f3w"},"image":{"@id":"https:\/\/instytutpm.eu\/#\/schema\/logo\/image\/"},"sameAs":["https:\/\/www.facebook.com\/Instytutpm","https:\/\/x.com\/Instytutipm"]},{"@type":"Person","@id":"https:\/\/instytutpm.eu\/#\/schema\/person\/d5f966e83d4ad4b83ac2991f8d7b6868","name":"Ksenia Pletnova","image":{"@type":"ImageObject","inLanguage":"ua","@id":"https:\/\/instytutpm.eu\/wp-content\/uploads\/2023\/08\/ksenia-pletneva-96x96.webp","url":"https:\/\/instytutpm.eu\/wp-content\/uploads\/2023\/08\/ksenia-pletneva-96x96.webp","contentUrl":"https:\/\/instytutpm.eu\/wp-content\/uploads\/2023\/08\/ksenia-pletneva-96x96.webp","caption":"Ksenia Pletnova"},"description":"Celem Instytutu Praw Migrant\u00f3w jest kszta\u0142cenie spo\u0142ecze\u0144stwa r\u00f3wnych szans \u015bwiadomego swoich praw, poprzez prowadzenie dzia\u0142alno\u015bci konsultacyjnej i szkoleniowej.","url":"https:\/\/instytutpm.eu\/uk\/author\/kp-admin\/"}]}},"author_meta":{"display_name":"Ksenia Pletnova","author_link":"https:\/\/instytutpm.eu\/uk\/author\/kp-admin\/"},"featured_img":"https:\/\/instytutpm.eu\/wp-content\/uploads\/2023\/02\/sunsat-600x399.jpg","coauthors":[],"tax_additional":{"categories":{"linked":["<a href=\"https:\/\/instytutpm.eu\/uk\/category\/ciekawostka\/\" class=\"advgb-post-tax-term\">Ciekawostka<\/a>"],"unlinked":["<span class=\"advgb-post-tax-term\">Ciekawostka<\/span>"]}},"comment_count":"0","relative_dates":{"created":"Posted 3 years ago","modified":"Updated 3 years ago"},"absolute_dates":{"created":"Posted on 2023-02-09","modified":"Updated on 2023-08-08"},"absolute_dates_time":{"created":"Posted on 2023-02-09 15:59","modified":"Updated on 2023-08-08 14:17"},"featured_img_caption":"","series_order":"","_links":{"self":[{"href":"https:\/\/instytutpm.eu\/uk\/wp-json\/wp\/v2\/posts\/1408","targetHints":{"allow":["GET"]}}],"collection":[{"href":"https:\/\/instytutpm.eu\/uk\/wp-json\/wp\/v2\/posts"}],"about":[{"href":"https:\/\/instytutpm.eu\/uk\/wp-json\/wp\/v2\/types\/post"}],"author":[{"embeddable":true,"href":"https:\/\/instytutpm.eu\/uk\/wp-json\/wp\/v2\/users\/11"}],"replies":[{"embeddable":true,"href":"https:\/\/instytutpm.eu\/uk\/wp-json\/wp\/v2\/comments?post=1408"}],"version-history":[{"count":8,"href":"https:\/\/instytutpm.eu\/uk\/wp-json\/wp\/v2\/posts\/1408\/revisions"}],"predecessor-version":[{"id":1694,"href":"https:\/\/instytutpm.eu\/uk\/wp-json\/wp\/v2\/posts\/1408\/revisions\/1694"}],"wp:featuredmedia":[{"embeddable":true,"href":"https:\/\/instytutpm.eu\/uk\/wp-json\/wp\/v2\/media\/1691"}],"wp:attachment":[{"href":"https:\/\/instytutpm.eu\/uk\/wp-json\/wp\/v2\/media?parent=1408"}],"wp:term":[{"taxonomy":"category","embeddable":true,"href":"https:\/\/instytutpm.eu\/uk\/wp-json\/wp\/v2\/categories?post=1408"},{"taxonomy":"post_tag","embeddable":true,"href":"https:\/\/instytutpm.eu\/uk\/wp-json\/wp\/v2\/tags?post=1408"}],"curies":[{"name":"wp","href":"https:\/\/api.w.org\/{rel}","templated":true}]}}