{"id":1236,"date":"2023-01-19T15:52:20","date_gmt":"2023-01-19T14:52:20","guid":{"rendered":"https:\/\/instytutpm.eu\/?p=1236"},"modified":"2023-08-08T14:17:10","modified_gmt":"2023-08-08T12:17:10","slug":"czy-polacy-wciaz-chca-pomagac-ukrainie-o-znieczulicy-wsparciu-i-powrocie-do-normalnosci","status":"publish","type":"post","link":"https:\/\/instytutpm.eu\/uk\/czy-polacy-wciaz-chca-pomagac-ukrainie-o-znieczulicy-wsparciu-i-powrocie-do-normalnosci\/","title":{"rendered":"Czy Polacy wci\u0105\u017c chc\u0105 pomaga\u0107 Ukrainie? O znieczulicy, wsparciu i powrocie do normalno\u015bci"},"content":{"rendered":"\n<ul class=\"has-medium-font-size wp-block-list\">\n<li>Jak by\u0142o na pocz\u0105tku pe\u0142noskalowej inwazji na Ukrain\u0119?<\/li>\n\n\n\n<li>Jak Polacy pomagaj\u0105 uchod\u017acom?<\/li>\n\n\n\n<li>O wypaleniu w pomaganiu<\/li>\n\n\n\n<li>Jak obecnie Polacy postrzegaj\u0105 pomaganie?<\/li>\n\n\n\n<li>Wnioski z obserwacji<\/li>\n<\/ul>\n\n\n\n<figure class=\"wp-block-image size-large\"><img loading=\"lazy\" decoding=\"async\" width=\"1440\" height=\"960\" src=\"https:\/\/instytutpm.eu\/wp-content\/uploads\/2023\/01\/demonstration-1440x960.jpg\" alt=\"demonstration\" class=\"wp-image-1665\"\/><\/figure>\n\n\n\n<p>Ju\u017c od prawie roku Ukraina walczy z Rosj\u0105 na pe\u0142n\u0105 skal\u0119. W tym czasie obywatele Ukrainy dostali du\u017co wsparcia od w\u0142adz innych kraj\u00f3w, a przede wszystkim od ludzi, kt\u00f3rzy dzielili si\u0119 z nimi swoimi domami, ubraniami i jedzeniem. Coraz cz\u0119\u015bciej rzuca nam si\u0119 w oczy powoli narastaj\u0105ca nieprzyja\u017a\u0144 do naszych wschodnich s\u0105siad\u00f3w. W polskiej przestrzeni medialnej (cz\u0119sto w mediach spo\u0142eczno\u015bciowych) zdarza nam si\u0119 obserwowa\u0107 dyskusje na temat tego, czy s\u0142usznie post\u0119pujemy wci\u0105\u017c pomagaj\u0105c Ukrai\u0144com i czy uchod\u017acy zza wschodniej granicy s\u0105 faktycznie w jaki\u015b spos\u00f3b poszkodowani. Ludziom zaczyna dokucza\u0107 znieczulica, przestaj\u0105 my\u015ble\u0107 o prawdziwych ofiarach wojny, kt\u00f3rymi s\u0105 nie tylko kobiety i dzieci. Czy Polacy maj\u0105 ju\u017c do\u015b\u0107 pomagania? Czego wymagaj\u0105 od go\u015bci? Wsp\u00f3lnie przyjrzymy si\u0119 tematowi na podstawie r\u00f3\u017cnych bada\u0144, z kt\u00f3rych b\u0119dziemy czerpa\u0107 wiedz\u0119 o poczuciu wsparcia i pomocy dla Ukrainy i mieszka\u0144c\u00f3w tego kraju w trakcie wojny.<\/p>\n\n\n\n<h2 class=\"wp-block-heading advgb-dyn-e0644714\">Jak by\u0142o na pocz\u0105tku pe\u0142noskalowej inwazji na Ukrain\u0119?<\/h2>\n\n\n\n<p>Polacy bardzo zaanga\u017cowali si\u0119 w pomoc uchod\u017acom wojennym od samego pocz\u0105tku pe\u0142noskalowej inwazji na Ukrain\u0119. W tym kontek\u015bcie dla nas wa\u017cne jest to, by prze\u015bledzi\u0107 dlaczego przedstawiciele polskiego spo\u0142ecze\u0144stwa czuli potrzeb\u0119, by pomaga\u0107 tym osobom i w jaki spos\u00f3b to robili. Z raportu Szlachetnej Paczki<a href=\"#_ftn1\" id=\"_ftnref1\"><sup>[1]<\/sup><\/a> mo\u017cemy wywnioskowa\u0107, \u017ce najwi\u0119cej os\u00f3b decydowa\u0142o si\u0119 na pomoc Ukrai\u0144com ze wzgl\u0119du na to, \u017ce nie mogli pozosta\u0107 oboj\u0119tni wobec krzywdy ludzi, a tak\u017ce anga\u017cowali si\u0119 w dzia\u0142ania pomocowe z potrzeby serca. Wi\u0119kszo\u015b\u0107 odpowiedzi nawi\u0105zywa\u0142a do emocji, co jest z jednej strony oczywiste, z innej buduj\u0105ce. Wci\u0105\u017c zauwa\u017camy, \u017ce empatia, wsp\u00f3\u0142czucie i ch\u0119\u0107 pomocy nie wygasa w\u015br\u00f3d ludzi. Co trzeci respondent zaznaczy\u0142, \u017ce do pomocy sk\u0142ania\u0142o go poczucie sprawiedliwo\u015bci i pr\u00f3ba postawienia si\u0119 w podobnej sytuacji. Rzucenie si\u0119 z pomoc\u0105 by\u0142o bardzo zauwa\u017calne na samym pocz\u0105tku agresji. Punkty pomocowe by\u0142y przepe\u0142nione wolontariuszami, tak\u017ce jak i uchod\u017acami. Oczywi\u015bcie, \u017ce taka postawa i \u201crzucenie si\u0119 na g\u0142\u0119bok\u0105 wod\u0119\u201d doprowadzi\u0142o do do\u015b\u0107 szybkiego znudzenia si\u0119 tematem wojny i og\u00f3lnym wypaleniem i znieczulic\u0105, o kt\u00f3rym jeszcze wspomnimy.<\/p>\n\n\n\n<h2 class=\"wp-block-heading advgb-dyn-86ec83fc\">Jak Polacy pomagaj\u0105 uchod\u017acom<\/h2>\n\n\n\n<p>Badanie zrealizowane dla Stowarzyszenia Wiosna dobrze przedstawia r\u00f3\u017cne formy pomocy, kt\u00f3re Polacy nie\u015bli uchod\u017acom od pocz\u0105tku inwazji. Niemal 60% respondent\u00f3w realnie w\u0142\u0105czy\u0142o si\u0119 w pomoc osobom z Ukrainy. Najcz\u0119\u015bciej by\u0142o to wsparcie finansowe \u2013 niemal po\u0142owa os\u00f3b przekazywa\u0142a pieni\u0105dze. Wed\u0142ug raportu Polskiego Instytutu Ekonomicznego z lipca 2022 roku, Polacy wydali na pomoc Ukrai\u0144com co najmniej 5,5 miliarda z\u0142otych. W marcu oraz maju 2022 r. du\u017cym powodzeniem cieszy\u0142y si\u0119 zbi\u00f3rki, gdzie badani przekazywali g\u0142\u00f3wnie \u017cywno\u015b\u0107 i odzie\u017c. W marcu, co dziesi\u0105ty pomagaj\u0105cy uchod\u017acom zaanga\u017cowa\u0142 si\u0119 w pomoc jako wolontariusz. Obecnie liczba wolontariuszy spada, przez co zamykaj\u0105 si\u0119 kolejne punkty noclegowe, pomocowe czy recepcyjne. Wi\u0105\u017ce si\u0119 to przede wszystkim z potrzebami os\u00f3b, kt\u00f3re zajmuj\u0105 si\u0119 wolontariatem. Najcz\u0119\u015bciej maj\u0105 one swoje obowi\u0105zki, prac\u0119, musz\u0105 si\u0119 z czego\u015b utrzymywa\u0107. Poza tym nie mo\u017cemy nie wspomnie\u0107 o wypaleniu, kt\u00f3re dotkn\u0119\u0142o wi\u0119kszo\u015b\u0107 os\u00f3b, kt\u00f3ra w jakikolwiek spos\u00f3b by\u0142a zaanga\u017cowana w pomoc uchod\u017acom wojennym.<\/p>\n\n\n\n<p>Popularn\u0105 form\u0105 wsparcia os\u00f3b z Ukrainy okaza\u0142 si\u0119 tak\u017ce bojkot produkt\u00f3w pochodz\u0105cych z Rosji. Zgodnie z innymi badaniami, zrealizowanymi Santander Consumer Bank<a id=\"_ftnref1\" href=\"#_ftn1\"><sup>[2]<\/sup><\/a>, w t\u0119 form\u0119 wsparcia zaanga\u017cowa\u0142 si\u0119 co czwarty Polak niezale\u017cnie od p\u0142ci. Z kolei 7 proc. badanych zaoferowa\u0142o mieszka\u0144com Ukrainy tymczasowy pobyt w swoim mieszkaniu.<\/p>\n\n\n\n<p>Je\u015bli chodzi o zakwaterowanie uchod\u017ac\u00f3w, to Polski Instytut Ekonomiczny<a id=\"_ftnref2\" href=\"#_ftn2\"><sup>[3]<\/sup><\/a> zauwa\u017cy\u0142, \u017ce najch\u0119tniej osoby prywatne go\u015bci\u0142y uchod\u017ac\u00f3w w wojew\u00f3dztwie podkarpackim (13,7 proc. mieszka\u0144c\u00f3w tego regionu). Oko\u0142o 10 proc. przyj\u0119\u0142o uchod\u017ac\u00f3w w wojew\u00f3dztwach \u015bwi\u0119tokrzyskim, mazowieckim i pomorskim. Warto zauwa\u017cy\u0107, \u017ce badania te nie uwzgl\u0119dniaj\u0105 narodowo\u015bci os\u00f3b, kt\u00f3re podzieli\u0142y si\u0119 swoim domem z osobami z Ukrainy. Zaryzykujemy stwierdzenie, \u017ce wyniki te by\u0142y nieco zawy\u017cone przez samych Ukrai\u0144c\u00f3w, mieszkaj\u0105cych w Polsce od wielu lat. Jak najbardziej naturalnym zjawiskiem jest to, \u017ce wi\u0119ksze zrozumienie i wsp\u00f3\u0142czucie wiadomo\u015b\u0107 o inwazji na Ukrain\u0119 wywo\u0142a\u0142a na samych Ukrai\u0144cach, mieszkaj\u0105cych w r\u00f3\u017cnych cz\u0119\u015bciach \u015bwiata. To oni jako pierwsi rzucali si\u0119 na pomoc swoim rodakom, dlatego te\u017c pomoc uchod\u017acom w Polsce rozwin\u0119\u0142a si\u0119 na tak du\u017c\u0105 skal\u0119.<\/p>\n\n\n\n<h2 class=\"wp-block-heading advgb-dyn-30b5c3b8\">O wypaleniu w pomaganiu<\/h2>\n\n\n\n<p>W jednym z wywiad\u00f3w<a id=\"_ftnref1\" href=\"#_ftn1\"><sup>[4]<\/sup><\/a> dr hab. Tomasz Grzyb z Uniwersytetu SWPS, badaj\u0105cy zachowania ludzi w sytuacjach kryzysowych, stwierdzi\u0142, \u017ce to wypalenie w pomaganiu sensowniej by\u0142oby nazwa\u0107 naturalnym zm\u0119czeniem i przyzwyczajeniem, poniewa\u017c te okre\u015blenia bardziej odzwierciedlaj\u0105 to, z czym tak naprawd\u0119 mamy do czynienia w takiej sytuacji. Wed\u0142ug nas jest to bardzo s\u0142uszna obserwacja, poniewa\u017c to \u201cwypalenie\u201d wynika cz\u0119sto z niemo\u017cno\u015bci \u017cycia w ci\u0105g\u0142ym stresie i napi\u0119ciu, a nie z braku ch\u0119ci pomocy. To wycofanie i mniejsze zainteresowanie wojn\u0105 w Ukrainie, kt\u00f3re obserwujemy w przestrzeni Internetu, mo\u017ce wynika\u0107 tak\u017ce z ch\u0119ci zadbania o w\u0142asne zdrowie psychiczne. W tym momencie nie pr\u00f3bujemy negowa\u0107 powszechnej znieczulicy, wiemy z bada\u0144, ale i nie tylko, \u017ce ka\u017cda kolejna drastyczna tre\u015b\u0107 dotyka nas mniej, a\u017c dochodzimy do momentu, kiedy kolejne ofiary wojny ju\u017c nie odgrywaj\u0105 \u017cadnej roli w naszym codziennym funkcjonowaniu, tak samo jak by\u0142o w przypadku tre\u015bci zwi\u0105zanych z wybuchem pandemii na pocz\u0105tku 2020 roku. Raport Szlachetnej Paczki (badanie zrealizowane dla Stowarzyszenia Wiosna) z ko\u0144ca maja zesz\u0142ego roku pokaza\u0142, \u017ce prawie po\u0142owa badanych Polak\u00f3w deklaruje, \u017ce ich zainteresowanie tematem wojny zmniejsza si\u0119. Powodem najcz\u0119\u015bciej jest zm\u0119czenie tym tematem i troska o dobre samopoczucie.<\/p>\n\n\n\n<h2 class=\"wp-block-heading advgb-dyn-d4ac93de\">Jak obecnie Polacy postrzegaj\u0105 pomaganie?<\/h2>\n\n\n\n<p>Jak pokazuje do\u015bwiadczenie z rozm\u00f3w z r\u00f3\u017cnymi osobami, a tak\u017ce i potwierdzaj\u0105 badania przeprowadzone przez Szlachetn\u0105 Paczk\u0119, \u0142atwiej jest nam okaza\u0107 wsp\u00f3\u0142czucie konkretnej osobie, kt\u00f3r\u0105 poznamy bli\u017cej. Zainteresowanie si\u0119 Polak\u00f3w tematem wojny i obecnych wydarze\u0144 w Ukrainie spad\u0142o, Polacy nie \u015bledz\u0105 ju\u017c na bie\u017c\u0105co tego, co si\u0119 dzieje za wschodni\u0105 granic\u0105, co te\u017c pokazuje statystyka Google Trends<a id=\"_ftnref1\" href=\"#_ftn1\"><sup>[5]<\/sup><\/a>. Has\u0142a \u201cUkraina\u201d, \u201cRosja\u201d, \u201cwojna\u201d stabilnie trac\u0105 swoj\u0105 popularno\u015b\u0107. Wyszukiwanie \u201ewojny w Ukrainie\u201d osi\u0105gn\u0119\u0142o sw\u00f3j szczyt w dniu inwazji, a nast\u0119pnie zainteresowanie tematem spada\u0142o, 2 marca &#8211; ju\u017c o po\u0142ow\u0119. Te dane r\u00f3wnie\u017c odzwierciedlaj\u0105 \u201cprzyzwyczajenie\u201d, o kt\u00f3rym wspomina\u0142 w wywiadzie z Oko.press dr hab. Tomasz Grzyb (Uniwersytet SWPS). Mimo powszechnie ju\u017c panuj\u0105cego \u201cprzyzwyczajenia\u201d, nie mo\u017cemy jednak bagatelizowa\u0107 pojawiaj\u0105cego si\u0119 nieraz strachu czy niepokoju spowodowanego wojn\u0105, chocia\u017cby z tego wzgl\u0119du, \u017ce sam konflikt rozgrywa si\u0119 bardzo blisko nas i nie powinni\u015bmy o tym zapomina\u0107.<\/p>\n\n\n\n<h2 class=\"wp-block-heading advgb-dyn-bfe47bb3\">Wnioski z obserwacji<\/h2>\n\n\n\n<p>W tym artykule skupili\u015bmy si\u0119 na wa\u017cnym aspekcie, kt\u00f3rym jest pomoc Polak\u00f3w Ukrai\u0144com.&nbsp; Wierzymy, \u017ce ta solidarno\u015b\u0107 i wyrazy wsp\u00f3\u0142czucia spowoduj\u0105 wi\u0119ksze zrozumienie obu spo\u0142ecze\u0144stw, co prze\u0142o\u017cy si\u0119 na wi\u0119ksz\u0105 tolerancj\u0119 i jedno\u015b\u0107, do kt\u00f3rej d\u0105\u017cymy na polskim podw\u00f3rku migranckim. Mimo czasem zauwa\u017calnych antyukrai\u0144skich nastroj\u00f3w w przestrzeni Internetu, z sonda\u017cu pod nazw\u0105 &#8220;W obliczu agresji&#8221;<a id=\"_ftnref2\" href=\"#_ftn2\"><sup>[6]<\/sup><\/a> wynika, \u017ce wi\u0119kszo\u015bc Polak\u00f3w wci\u0105\u017c akceptuje przyjmowanie uchod\u017ac\u00f3w na terenie Polski, a tak\u017ce nie sprzeciwia si\u0119 pomocy tym osobom. Z sonda\u017cu wynika tak\u017ce, \u017ce z\u0142owrogie nastawienie do naszych wschodnich s\u0105siad\u00f3w dotyczy tylko niewielkiej cz\u0119\u015bci spo\u0142ecze\u0144stwa polskiego.<\/p>\n\n\n\n<hr class=\"wp-block-separator has-alpha-channel-opacity\"\/>\n\n\n\n<p><a href=\"https:\/\/instytutpm.eu\/wp-admin\/post.php?post=1236&amp;action=edit#_ftnref1\"><sup>[1]<\/sup><\/a> Pomoc uchod\u017acom \u2013 jak nas zmienia?\u201d\u2013 2. cz. raportu Szlachetnej Paczki, [https:\/\/www.szlachetnapaczka.pl\/aktualnosci\/pomoc-uchodzcom-jak-nas-zmienia-2-cz-raportu-szlachetnej-paczki\/].<\/p>\n\n\n\n<p><a id=\"_ftn1\" href=\"#_ftnref1\"><sup>[2]<\/sup><\/a> Wiosenne Wyzwania 2022, [https:\/\/www.santanderconsumer.pl\/gfx\/santander\/userfiles\/_public\/raport_ppw_wiosenne_wyzwania_2022.pdf].<\/p>\n\n\n\n<p><a id=\"_ftn2\" href=\"#_ftnref2\"><sup>[3]<\/sup><\/a> Jak Polacy pomagaj\u0105 uchod\u017acom z Ukrainy. Wyniki bada\u0144 PIE<\/p>\n\n\n\n[https:\/\/www.rp.pl\/dane-gospodarcze\/art36770771-jak-polacy-pomagaja-uchodzcom-z-ukrainy-wyniki-badan-pie].<\/p>\n\n\n\n<p><a href=\"https:\/\/instytutpm.eu\/wp-admin\/post.php?post=1236&amp;action=edit#_ftnref1\"><sup>[4]<\/sup><\/a> Oko.press, 24.07.2022, [https:\/\/oko.press\/jak-kurczy-sie-nasze-zainteresowanie-wojna].<\/p>\n\n\n\n<p><a id=\"_ftn1\" href=\"#_ftnref1\"><sup>5]<\/sup><\/a> Press, [https:\/\/www.press.pl\/tresc\/70087,wedlug-google-trends-zainteresowanie-internautow-wojna-w-ukrainie-spada].<\/p>\n\n\n\n<p><a id=\"_ftn2\" href=\"#_ftnref2\"><sup>[6]<\/sup><\/a> Wi\u0119kszo\u015b\u0107 Polak\u00f3w nadal chce pomaga\u0107 Ukrai\u0144com, [https:\/\/polskieradio24.pl\/5\/1222\/artykul\/3068296,wiekszosc-polakow-nadal-chce-pomagac-ukraincom-zobacz-nowy-sondaz].<\/p>\n\n\n\n<hr class=\"wp-block-separator has-alpha-channel-opacity\"\/>\n\n\n\n\n","protected":false},"excerpt":{"rendered":"<p>Ju\u017c od prawie roku Ukraina walczy z Rosj\u0105 na pe\u0142n\u0105 skal\u0119. W tym czasie obywatele Ukrainy dostali du\u017co wsparcia od w\u0142adz innych kraj\u00f3w, a przede wszystkim od ludzi, kt\u00f3rzy dzielili si\u0119 z nimi swoimi domami, ubraniami i jedzeniem. Coraz cz\u0119\u015bciej rzuca nam si\u0119 w oczy powoli narastaj\u0105ca nieprzyja\u017a\u0144 do naszych wschodnich s\u0105siad\u00f3w. W polskiej przestrzeni&#8230;<\/p>\n","protected":false},"author":11,"featured_media":1665,"comment_status":"closed","ping_status":"closed","sticky":false,"template":"","format":"standard","meta":{"inline_featured_image":false,"advgb_blocks_editor_width":"","advgb_blocks_columns_visual_guide":"","footnotes":""},"categories":[5],"tags":[],"class_list":["post-1236","post","type-post","status-publish","format-standard","has-post-thumbnail","hentry","category-ciekawostka"],"yoast_head":"<!-- This site is optimized with the Yoast SEO plugin v27.5 - https:\/\/yoast.com\/product\/yoast-seo-wordpress\/ -->\n<title>Czy Polacy wci\u0105\u017c chc\u0105 pomaga\u0107 Ukrainie? O znieczulicy, wsparciu i powrocie do normalno\u015bci - \u0406\u043d\u0441\u0442\u0438\u0442\u0443\u0442 \u041f\u0440\u0430\u0432 \u041c\u0456\u0433\u0440\u0430\u043d\u0442\u0456\u0432<\/title>\n<meta name=\"description\" content=\"Naszyme celem jest kszta\u0142cenie spo\u0142ecze\u0144stwa r\u00f3wnych szans \u015bwiadomego swoich praw, poprzez prowadzenie dzia\u0142alno\u015bci konsultacyjnej i szkoleniowej.\" \/>\n<meta name=\"robots\" content=\"index, follow, max-snippet:-1, max-image-preview:large, max-video-preview:-1\" \/>\n<link rel=\"canonical\" href=\"https:\/\/instytutpm.eu\/czy-polacy-wciaz-chca-pomagac-ukrainie-o-znieczulicy-wsparciu-i-powrocie-do-normalnosci\/\" \/>\n<meta property=\"og:locale\" content=\"en_US\" \/>\n<meta property=\"og:type\" content=\"article\" \/>\n<meta property=\"og:title\" content=\"Czy Polacy wci\u0105\u017c chc\u0105 pomaga\u0107 Ukrainie? O znieczulicy, wsparciu i powrocie do normalno\u015bci - \u0406\u043d\u0441\u0442\u0438\u0442\u0443\u0442 \u041f\u0440\u0430\u0432 \u041c\u0456\u0433\u0440\u0430\u043d\u0442\u0456\u0432\" \/>\n<meta property=\"og:description\" content=\"Naszyme celem jest kszta\u0142cenie spo\u0142ecze\u0144stwa r\u00f3wnych szans \u015bwiadomego swoich praw, poprzez prowadzenie dzia\u0142alno\u015bci konsultacyjnej i szkoleniowej.\" \/>\n<meta property=\"og:url\" content=\"https:\/\/instytutpm.eu\/czy-polacy-wciaz-chca-pomagac-ukrainie-o-znieczulicy-wsparciu-i-powrocie-do-normalnosci\/\" \/>\n<meta property=\"og:site_name\" content=\"\u0406\u043d\u0441\u0442\u0438\u0442\u0443\u0442 \u041f\u0440\u0430\u0432 \u041c\u0456\u0433\u0440\u0430\u043d\u0442\u0456\u0432\" \/>\n<meta property=\"article:publisher\" content=\"https:\/\/www.facebook.com\/Instytutpm\" \/>\n<meta property=\"article:published_time\" content=\"2023-01-19T14:52:20+00:00\" \/>\n<meta property=\"article:modified_time\" content=\"2023-08-08T12:17:10+00:00\" \/>\n<meta property=\"og:image\" content=\"https:\/\/instytutpm.eu\/wp-content\/uploads\/2023\/01\/demonstration.jpg\" \/>\n\t<meta property=\"og:image:width\" content=\"1920\" \/>\n\t<meta property=\"og:image:height\" content=\"1280\" \/>\n\t<meta property=\"og:image:type\" content=\"image\/jpeg\" \/>\n<meta name=\"author\" content=\"Ksenia Pletnova\" \/>\n<meta name=\"twitter:card\" content=\"summary_large_image\" \/>\n<meta name=\"twitter:creator\" content=\"@Instytutipm\" \/>\n<meta name=\"twitter:site\" content=\"@Instytutipm\" \/>\n<meta name=\"twitter:label1\" content=\"Written by\" \/>\n\t<meta name=\"twitter:data1\" content=\"Ksenia Pletnova\" \/>\n\t<meta name=\"twitter:label2\" content=\"Est. reading time\" \/>\n\t<meta name=\"twitter:data2\" content=\"6 minutes\" \/>\n<script type=\"application\/ld+json\" class=\"yoast-schema-graph\">{\"@context\":\"https:\\\/\\\/schema.org\",\"@graph\":[{\"@type\":\"Article\",\"@id\":\"https:\\\/\\\/instytutpm.eu\\\/czy-polacy-wciaz-chca-pomagac-ukrainie-o-znieczulicy-wsparciu-i-powrocie-do-normalnosci\\\/#article\",\"isPartOf\":{\"@id\":\"https:\\\/\\\/instytutpm.eu\\\/czy-polacy-wciaz-chca-pomagac-ukrainie-o-znieczulicy-wsparciu-i-powrocie-do-normalnosci\\\/\"},\"author\":{\"name\":\"Ksenia Pletnova\",\"@id\":\"https:\\\/\\\/instytutpm.eu\\\/#\\\/schema\\\/person\\\/d5f966e83d4ad4b83ac2991f8d7b6868\"},\"headline\":\"Czy Polacy wci\u0105\u017c chc\u0105 pomaga\u0107 Ukrainie? O znieczulicy, wsparciu i powrocie do normalno\u015bci\",\"datePublished\":\"2023-01-19T14:52:20+00:00\",\"dateModified\":\"2023-08-08T12:17:10+00:00\",\"mainEntityOfPage\":{\"@id\":\"https:\\\/\\\/instytutpm.eu\\\/czy-polacy-wciaz-chca-pomagac-ukrainie-o-znieczulicy-wsparciu-i-powrocie-do-normalnosci\\\/\"},\"wordCount\":1423,\"publisher\":{\"@id\":\"https:\\\/\\\/instytutpm.eu\\\/#organization\"},\"image\":{\"@id\":\"https:\\\/\\\/instytutpm.eu\\\/czy-polacy-wciaz-chca-pomagac-ukrainie-o-znieczulicy-wsparciu-i-powrocie-do-normalnosci\\\/#primaryimage\"},\"thumbnailUrl\":\"https:\\\/\\\/instytutpm.eu\\\/wp-content\\\/uploads\\\/2023\\\/01\\\/demonstration.jpg\",\"articleSection\":[\"Ciekawostka\"],\"inLanguage\":\"ua\"},{\"@type\":\"WebPage\",\"@id\":\"https:\\\/\\\/instytutpm.eu\\\/czy-polacy-wciaz-chca-pomagac-ukrainie-o-znieczulicy-wsparciu-i-powrocie-do-normalnosci\\\/\",\"url\":\"https:\\\/\\\/instytutpm.eu\\\/czy-polacy-wciaz-chca-pomagac-ukrainie-o-znieczulicy-wsparciu-i-powrocie-do-normalnosci\\\/\",\"name\":\"Czy Polacy wci\u0105\u017c chc\u0105 pomaga\u0107 Ukrainie? O znieczulicy, wsparciu i powrocie do normalno\u015bci - \u0406\u043d\u0441\u0442\u0438\u0442\u0443\u0442 \u041f\u0440\u0430\u0432 \u041c\u0456\u0433\u0440\u0430\u043d\u0442\u0456\u0432\",\"isPartOf\":{\"@id\":\"https:\\\/\\\/instytutpm.eu\\\/#website\"},\"primaryImageOfPage\":{\"@id\":\"https:\\\/\\\/instytutpm.eu\\\/czy-polacy-wciaz-chca-pomagac-ukrainie-o-znieczulicy-wsparciu-i-powrocie-do-normalnosci\\\/#primaryimage\"},\"image\":{\"@id\":\"https:\\\/\\\/instytutpm.eu\\\/czy-polacy-wciaz-chca-pomagac-ukrainie-o-znieczulicy-wsparciu-i-powrocie-do-normalnosci\\\/#primaryimage\"},\"thumbnailUrl\":\"https:\\\/\\\/instytutpm.eu\\\/wp-content\\\/uploads\\\/2023\\\/01\\\/demonstration.jpg\",\"datePublished\":\"2023-01-19T14:52:20+00:00\",\"dateModified\":\"2023-08-08T12:17:10+00:00\",\"description\":\"Naszyme celem jest kszta\u0142cenie spo\u0142ecze\u0144stwa r\u00f3wnych szans \u015bwiadomego swoich praw, poprzez prowadzenie dzia\u0142alno\u015bci konsultacyjnej i szkoleniowej.\",\"breadcrumb\":{\"@id\":\"https:\\\/\\\/instytutpm.eu\\\/czy-polacy-wciaz-chca-pomagac-ukrainie-o-znieczulicy-wsparciu-i-powrocie-do-normalnosci\\\/#breadcrumb\"},\"inLanguage\":\"ua\",\"potentialAction\":[{\"@type\":\"ReadAction\",\"target\":[\"https:\\\/\\\/instytutpm.eu\\\/czy-polacy-wciaz-chca-pomagac-ukrainie-o-znieczulicy-wsparciu-i-powrocie-do-normalnosci\\\/\"]}]},{\"@type\":\"ImageObject\",\"inLanguage\":\"ua\",\"@id\":\"https:\\\/\\\/instytutpm.eu\\\/czy-polacy-wciaz-chca-pomagac-ukrainie-o-znieczulicy-wsparciu-i-powrocie-do-normalnosci\\\/#primaryimage\",\"url\":\"https:\\\/\\\/instytutpm.eu\\\/wp-content\\\/uploads\\\/2023\\\/01\\\/demonstration.jpg\",\"contentUrl\":\"https:\\\/\\\/instytutpm.eu\\\/wp-content\\\/uploads\\\/2023\\\/01\\\/demonstration.jpg\",\"width\":1920,\"height\":1280,\"caption\":\"demonstration\"},{\"@type\":\"BreadcrumbList\",\"@id\":\"https:\\\/\\\/instytutpm.eu\\\/czy-polacy-wciaz-chca-pomagac-ukrainie-o-znieczulicy-wsparciu-i-powrocie-do-normalnosci\\\/#breadcrumb\",\"itemListElement\":[{\"@type\":\"ListItem\",\"position\":1,\"name\":\"Home\",\"item\":\"https:\\\/\\\/instytutpm.eu\\\/uk\\\/\"},{\"@type\":\"ListItem\",\"position\":2,\"name\":\"Czy Polacy wci\u0105\u017c chc\u0105 pomaga\u0107 Ukrainie? O znieczulicy, wsparciu i powrocie do normalno\u015bci\"}]},{\"@type\":\"WebSite\",\"@id\":\"https:\\\/\\\/instytutpm.eu\\\/#website\",\"url\":\"https:\\\/\\\/instytutpm.eu\\\/\",\"name\":\"Instytut Praw Migrant\u00f3w\",\"description\":\"\u041d\u0430\u0434\u0430\u0454\u043c\u043e \u0431\u0435\u0437\u043a\u043e\u0448\u0442\u043e\u0432\u043d\u0443 \u0456\u043d\u0444\u043e\u0440\u043c\u0430\u0446\u0456\u0439\u043d\u0443 \u043f\u0456\u0434\u0442\u0440\u0438\u043c\u043a\u0443 \u0434\u043b\u044f \u043c\u0456\u0433\u0440\u0430\u043d\u0442\u0456\u0432\",\"publisher\":{\"@id\":\"https:\\\/\\\/instytutpm.eu\\\/#organization\"},\"alternateName\":\"IPM\",\"potentialAction\":[{\"@type\":\"SearchAction\",\"target\":{\"@type\":\"EntryPoint\",\"urlTemplate\":\"https:\\\/\\\/instytutpm.eu\\\/?s={search_term_string}\"},\"query-input\":{\"@type\":\"PropertyValueSpecification\",\"valueRequired\":true,\"valueName\":\"search_term_string\"}}],\"inLanguage\":\"ua\"},{\"@type\":\"Organization\",\"@id\":\"https:\\\/\\\/instytutpm.eu\\\/#organization\",\"name\":\"Instytut Praw Migrant\u00f3w\",\"alternateName\":\"IPM\",\"url\":\"https:\\\/\\\/instytutpm.eu\\\/\",\"logo\":{\"@type\":\"ImageObject\",\"inLanguage\":\"ua\",\"@id\":\"https:\\\/\\\/instytutpm.eu\\\/#\\\/schema\\\/logo\\\/image\\\/\",\"url\":\"https:\\\/\\\/instytutpm.eu\\\/wp-content\\\/uploads\\\/2023\\\/05\\\/ipm-logo.jpg\",\"contentUrl\":\"https:\\\/\\\/instytutpm.eu\\\/wp-content\\\/uploads\\\/2023\\\/05\\\/ipm-logo.jpg\",\"width\":238,\"height\":238,\"caption\":\"Instytut Praw Migrant\u00f3w\"},\"image\":{\"@id\":\"https:\\\/\\\/instytutpm.eu\\\/#\\\/schema\\\/logo\\\/image\\\/\"},\"sameAs\":[\"https:\\\/\\\/www.facebook.com\\\/Instytutpm\",\"https:\\\/\\\/x.com\\\/Instytutipm\"]},{\"@type\":\"Person\",\"@id\":\"https:\\\/\\\/instytutpm.eu\\\/#\\\/schema\\\/person\\\/d5f966e83d4ad4b83ac2991f8d7b6868\",\"name\":\"Ksenia Pletnova\",\"image\":{\"@type\":\"ImageObject\",\"inLanguage\":\"ua\",\"@id\":\"https:\\\/\\\/instytutpm.eu\\\/wp-content\\\/uploads\\\/2023\\\/08\\\/ksenia-pletneva-96x96.webp\",\"url\":\"https:\\\/\\\/instytutpm.eu\\\/wp-content\\\/uploads\\\/2023\\\/08\\\/ksenia-pletneva-96x96.webp\",\"contentUrl\":\"https:\\\/\\\/instytutpm.eu\\\/wp-content\\\/uploads\\\/2023\\\/08\\\/ksenia-pletneva-96x96.webp\",\"caption\":\"Ksenia Pletnova\"},\"description\":\"Celem Instytutu Praw Migrant\u00f3w jest kszta\u0142cenie spo\u0142ecze\u0144stwa r\u00f3wnych szans \u015bwiadomego swoich praw, poprzez prowadzenie dzia\u0142alno\u015bci konsultacyjnej i szkoleniowej.\",\"url\":\"https:\\\/\\\/instytutpm.eu\\\/uk\\\/author\\\/kp-admin\\\/\"}]}<\/script>\n<!-- \/ Yoast SEO plugin. -->","yoast_head_json":{"title":"Czy Polacy wci\u0105\u017c chc\u0105 pomaga\u0107 Ukrainie? O znieczulicy, wsparciu i powrocie do normalno\u015bci - \u0406\u043d\u0441\u0442\u0438\u0442\u0443\u0442 \u041f\u0440\u0430\u0432 \u041c\u0456\u0433\u0440\u0430\u043d\u0442\u0456\u0432","description":"Naszyme celem jest kszta\u0142cenie spo\u0142ecze\u0144stwa r\u00f3wnych szans \u015bwiadomego swoich praw, poprzez prowadzenie dzia\u0142alno\u015bci konsultacyjnej i szkoleniowej.","robots":{"index":"index","follow":"follow","max-snippet":"max-snippet:-1","max-image-preview":"max-image-preview:large","max-video-preview":"max-video-preview:-1"},"canonical":"https:\/\/instytutpm.eu\/czy-polacy-wciaz-chca-pomagac-ukrainie-o-znieczulicy-wsparciu-i-powrocie-do-normalnosci\/","og_locale":"en_US","og_type":"article","og_title":"Czy Polacy wci\u0105\u017c chc\u0105 pomaga\u0107 Ukrainie? O znieczulicy, wsparciu i powrocie do normalno\u015bci - \u0406\u043d\u0441\u0442\u0438\u0442\u0443\u0442 \u041f\u0440\u0430\u0432 \u041c\u0456\u0433\u0440\u0430\u043d\u0442\u0456\u0432","og_description":"Naszyme celem jest kszta\u0142cenie spo\u0142ecze\u0144stwa r\u00f3wnych szans \u015bwiadomego swoich praw, poprzez prowadzenie dzia\u0142alno\u015bci konsultacyjnej i szkoleniowej.","og_url":"https:\/\/instytutpm.eu\/czy-polacy-wciaz-chca-pomagac-ukrainie-o-znieczulicy-wsparciu-i-powrocie-do-normalnosci\/","og_site_name":"\u0406\u043d\u0441\u0442\u0438\u0442\u0443\u0442 \u041f\u0440\u0430\u0432 \u041c\u0456\u0433\u0440\u0430\u043d\u0442\u0456\u0432","article_publisher":"https:\/\/www.facebook.com\/Instytutpm","article_published_time":"2023-01-19T14:52:20+00:00","article_modified_time":"2023-08-08T12:17:10+00:00","og_image":[{"width":1920,"height":1280,"url":"https:\/\/instytutpm.eu\/wp-content\/uploads\/2023\/01\/demonstration.jpg","type":"image\/jpeg"}],"author":"Ksenia Pletnova","twitter_card":"summary_large_image","twitter_creator":"@Instytutipm","twitter_site":"@Instytutipm","twitter_misc":{"Written by":"Ksenia Pletnova","Est. reading time":"6 minutes"},"schema":{"@context":"https:\/\/schema.org","@graph":[{"@type":"Article","@id":"https:\/\/instytutpm.eu\/czy-polacy-wciaz-chca-pomagac-ukrainie-o-znieczulicy-wsparciu-i-powrocie-do-normalnosci\/#article","isPartOf":{"@id":"https:\/\/instytutpm.eu\/czy-polacy-wciaz-chca-pomagac-ukrainie-o-znieczulicy-wsparciu-i-powrocie-do-normalnosci\/"},"author":{"name":"Ksenia Pletnova","@id":"https:\/\/instytutpm.eu\/#\/schema\/person\/d5f966e83d4ad4b83ac2991f8d7b6868"},"headline":"Czy Polacy wci\u0105\u017c chc\u0105 pomaga\u0107 Ukrainie? O znieczulicy, wsparciu i powrocie do normalno\u015bci","datePublished":"2023-01-19T14:52:20+00:00","dateModified":"2023-08-08T12:17:10+00:00","mainEntityOfPage":{"@id":"https:\/\/instytutpm.eu\/czy-polacy-wciaz-chca-pomagac-ukrainie-o-znieczulicy-wsparciu-i-powrocie-do-normalnosci\/"},"wordCount":1423,"publisher":{"@id":"https:\/\/instytutpm.eu\/#organization"},"image":{"@id":"https:\/\/instytutpm.eu\/czy-polacy-wciaz-chca-pomagac-ukrainie-o-znieczulicy-wsparciu-i-powrocie-do-normalnosci\/#primaryimage"},"thumbnailUrl":"https:\/\/instytutpm.eu\/wp-content\/uploads\/2023\/01\/demonstration.jpg","articleSection":["Ciekawostka"],"inLanguage":"ua"},{"@type":"WebPage","@id":"https:\/\/instytutpm.eu\/czy-polacy-wciaz-chca-pomagac-ukrainie-o-znieczulicy-wsparciu-i-powrocie-do-normalnosci\/","url":"https:\/\/instytutpm.eu\/czy-polacy-wciaz-chca-pomagac-ukrainie-o-znieczulicy-wsparciu-i-powrocie-do-normalnosci\/","name":"Czy Polacy wci\u0105\u017c chc\u0105 pomaga\u0107 Ukrainie? O znieczulicy, wsparciu i powrocie do normalno\u015bci - \u0406\u043d\u0441\u0442\u0438\u0442\u0443\u0442 \u041f\u0440\u0430\u0432 \u041c\u0456\u0433\u0440\u0430\u043d\u0442\u0456\u0432","isPartOf":{"@id":"https:\/\/instytutpm.eu\/#website"},"primaryImageOfPage":{"@id":"https:\/\/instytutpm.eu\/czy-polacy-wciaz-chca-pomagac-ukrainie-o-znieczulicy-wsparciu-i-powrocie-do-normalnosci\/#primaryimage"},"image":{"@id":"https:\/\/instytutpm.eu\/czy-polacy-wciaz-chca-pomagac-ukrainie-o-znieczulicy-wsparciu-i-powrocie-do-normalnosci\/#primaryimage"},"thumbnailUrl":"https:\/\/instytutpm.eu\/wp-content\/uploads\/2023\/01\/demonstration.jpg","datePublished":"2023-01-19T14:52:20+00:00","dateModified":"2023-08-08T12:17:10+00:00","description":"Naszyme celem jest kszta\u0142cenie spo\u0142ecze\u0144stwa r\u00f3wnych szans \u015bwiadomego swoich praw, poprzez prowadzenie dzia\u0142alno\u015bci konsultacyjnej i szkoleniowej.","breadcrumb":{"@id":"https:\/\/instytutpm.eu\/czy-polacy-wciaz-chca-pomagac-ukrainie-o-znieczulicy-wsparciu-i-powrocie-do-normalnosci\/#breadcrumb"},"inLanguage":"ua","potentialAction":[{"@type":"ReadAction","target":["https:\/\/instytutpm.eu\/czy-polacy-wciaz-chca-pomagac-ukrainie-o-znieczulicy-wsparciu-i-powrocie-do-normalnosci\/"]}]},{"@type":"ImageObject","inLanguage":"ua","@id":"https:\/\/instytutpm.eu\/czy-polacy-wciaz-chca-pomagac-ukrainie-o-znieczulicy-wsparciu-i-powrocie-do-normalnosci\/#primaryimage","url":"https:\/\/instytutpm.eu\/wp-content\/uploads\/2023\/01\/demonstration.jpg","contentUrl":"https:\/\/instytutpm.eu\/wp-content\/uploads\/2023\/01\/demonstration.jpg","width":1920,"height":1280,"caption":"demonstration"},{"@type":"BreadcrumbList","@id":"https:\/\/instytutpm.eu\/czy-polacy-wciaz-chca-pomagac-ukrainie-o-znieczulicy-wsparciu-i-powrocie-do-normalnosci\/#breadcrumb","itemListElement":[{"@type":"ListItem","position":1,"name":"Home","item":"https:\/\/instytutpm.eu\/uk\/"},{"@type":"ListItem","position":2,"name":"Czy Polacy wci\u0105\u017c chc\u0105 pomaga\u0107 Ukrainie? O znieczulicy, wsparciu i powrocie do normalno\u015bci"}]},{"@type":"WebSite","@id":"https:\/\/instytutpm.eu\/#website","url":"https:\/\/instytutpm.eu\/","name":"Instytut Praw Migrant\u00f3w","description":"\u041d\u0430\u0434\u0430\u0454\u043c\u043e \u0431\u0435\u0437\u043a\u043e\u0448\u0442\u043e\u0432\u043d\u0443 \u0456\u043d\u0444\u043e\u0440\u043c\u0430\u0446\u0456\u0439\u043d\u0443 \u043f\u0456\u0434\u0442\u0440\u0438\u043c\u043a\u0443 \u0434\u043b\u044f \u043c\u0456\u0433\u0440\u0430\u043d\u0442\u0456\u0432","publisher":{"@id":"https:\/\/instytutpm.eu\/#organization"},"alternateName":"IPM","potentialAction":[{"@type":"SearchAction","target":{"@type":"EntryPoint","urlTemplate":"https:\/\/instytutpm.eu\/?s={search_term_string}"},"query-input":{"@type":"PropertyValueSpecification","valueRequired":true,"valueName":"search_term_string"}}],"inLanguage":"ua"},{"@type":"Organization","@id":"https:\/\/instytutpm.eu\/#organization","name":"Instytut Praw Migrant\u00f3w","alternateName":"IPM","url":"https:\/\/instytutpm.eu\/","logo":{"@type":"ImageObject","inLanguage":"ua","@id":"https:\/\/instytutpm.eu\/#\/schema\/logo\/image\/","url":"https:\/\/instytutpm.eu\/wp-content\/uploads\/2023\/05\/ipm-logo.jpg","contentUrl":"https:\/\/instytutpm.eu\/wp-content\/uploads\/2023\/05\/ipm-logo.jpg","width":238,"height":238,"caption":"Instytut Praw Migrant\u00f3w"},"image":{"@id":"https:\/\/instytutpm.eu\/#\/schema\/logo\/image\/"},"sameAs":["https:\/\/www.facebook.com\/Instytutpm","https:\/\/x.com\/Instytutipm"]},{"@type":"Person","@id":"https:\/\/instytutpm.eu\/#\/schema\/person\/d5f966e83d4ad4b83ac2991f8d7b6868","name":"Ksenia Pletnova","image":{"@type":"ImageObject","inLanguage":"ua","@id":"https:\/\/instytutpm.eu\/wp-content\/uploads\/2023\/08\/ksenia-pletneva-96x96.webp","url":"https:\/\/instytutpm.eu\/wp-content\/uploads\/2023\/08\/ksenia-pletneva-96x96.webp","contentUrl":"https:\/\/instytutpm.eu\/wp-content\/uploads\/2023\/08\/ksenia-pletneva-96x96.webp","caption":"Ksenia Pletnova"},"description":"Celem Instytutu Praw Migrant\u00f3w jest kszta\u0142cenie spo\u0142ecze\u0144stwa r\u00f3wnych szans \u015bwiadomego swoich praw, poprzez prowadzenie dzia\u0142alno\u015bci konsultacyjnej i szkoleniowej.","url":"https:\/\/instytutpm.eu\/uk\/author\/kp-admin\/"}]}},"author_meta":{"display_name":"Ksenia Pletnova","author_link":"https:\/\/instytutpm.eu\/uk\/author\/kp-admin\/"},"featured_img":"https:\/\/instytutpm.eu\/wp-content\/uploads\/2023\/01\/demonstration-600x400.jpg","coauthors":[],"tax_additional":{"categories":{"linked":["<a href=\"https:\/\/instytutpm.eu\/uk\/category\/ciekawostka\/\" class=\"advgb-post-tax-term\">Ciekawostka<\/a>"],"unlinked":["<span class=\"advgb-post-tax-term\">Ciekawostka<\/span>"]}},"comment_count":"0","relative_dates":{"created":"Posted 3 years ago","modified":"Updated 3 years ago"},"absolute_dates":{"created":"Posted on 2023-01-19","modified":"Updated on 2023-08-08"},"absolute_dates_time":{"created":"Posted on 2023-01-19 15:52","modified":"Updated on 2023-08-08 14:17"},"featured_img_caption":"","series_order":"","_links":{"self":[{"href":"https:\/\/instytutpm.eu\/uk\/wp-json\/wp\/v2\/posts\/1236","targetHints":{"allow":["GET"]}}],"collection":[{"href":"https:\/\/instytutpm.eu\/uk\/wp-json\/wp\/v2\/posts"}],"about":[{"href":"https:\/\/instytutpm.eu\/uk\/wp-json\/wp\/v2\/types\/post"}],"author":[{"embeddable":true,"href":"https:\/\/instytutpm.eu\/uk\/wp-json\/wp\/v2\/users\/11"}],"replies":[{"embeddable":true,"href":"https:\/\/instytutpm.eu\/uk\/wp-json\/wp\/v2\/comments?post=1236"}],"version-history":[{"count":8,"href":"https:\/\/instytutpm.eu\/uk\/wp-json\/wp\/v2\/posts\/1236\/revisions"}],"predecessor-version":[{"id":1668,"href":"https:\/\/instytutpm.eu\/uk\/wp-json\/wp\/v2\/posts\/1236\/revisions\/1668"}],"wp:featuredmedia":[{"embeddable":true,"href":"https:\/\/instytutpm.eu\/uk\/wp-json\/wp\/v2\/media\/1665"}],"wp:attachment":[{"href":"https:\/\/instytutpm.eu\/uk\/wp-json\/wp\/v2\/media?parent=1236"}],"wp:term":[{"taxonomy":"category","embeddable":true,"href":"https:\/\/instytutpm.eu\/uk\/wp-json\/wp\/v2\/categories?post=1236"},{"taxonomy":"post_tag","embeddable":true,"href":"https:\/\/instytutpm.eu\/uk\/wp-json\/wp\/v2\/tags?post=1236"}],"curies":[{"name":"wp","href":"https:\/\/api.w.org\/{rel}","templated":true}]}}