{"id":1209,"date":"2022-12-06T13:59:00","date_gmt":"2022-12-06T12:59:00","guid":{"rendered":"https:\/\/instytutpm.eu\/?p=1209"},"modified":"2023-08-08T14:13:25","modified_gmt":"2023-08-08T12:13:25","slug":"jak-wiele-osob-zauwaza-od-lat-istniejacy-problem-z-mieszkalnictwem-w-polsce","status":"publish","type":"post","link":"https:\/\/instytutpm.eu\/uk\/jak-wiele-osob-zauwaza-od-lat-istniejacy-problem-z-mieszkalnictwem-w-polsce\/","title":{"rendered":"Jak wiele os\u00f3b zauwa\u017ca od lat istniej\u0105cy problem z mieszkalnictwem w Polsce?"},"content":{"rendered":"\n<p><em>Zaj\u0119li\u015bmy si\u0119 problemem mieszkalnictwa w Polsce i z ch\u0119ci\u0105 opowiemy wam, dlaczego problem z dost\u0119pno\u015bci\u0105 lokali mieszkalnych istnieje od lat i jak\u0105 rol\u0119 w tej kwestii odgrywaj\u0105 migranci i uchod\u017acy.<\/em><\/p>\n\n\n\n<ul class=\"wp-block-list\">\n<li><strong>Kiedy pojawi\u0142 si\u0119 problem z mieszkalnictwem w Polsce?<\/strong><\/li>\n\n\n\n<li><strong>Zaspokojenie potrzeb mieszkaniowych<\/strong><\/li>\n\n\n\n<li><strong>Zasoby mieszkaniowe nie s\u0105 r\u00f3wnomierne<\/strong><\/li>\n\n\n\n<li><strong>Jak i czy mo\u017cna rozwi\u0105za\u0107 problem z mieszkalnictwem w Polsce?<\/strong><\/li>\n\n\n\n<li><strong>Sytuacja zastana<\/strong><\/li>\n<\/ul>\n\n\n\n<p>Nie mog\u0119 nawet zliczy\u0107 jak wiele g\u0142os\u00f3w, komentarzy i opinii uda\u0142o mi si\u0119 zebra\u0107 w temacie mieszkalnictwa w do\u015b\u0107 kr\u00f3tkim czasie. Najbardziej pomocne przy poszukiwaniach nowego lokum zdecydowanie okaza\u0142y si\u0119 sformu\u0142owania typu \u201cwynajmuj\u0119 osobom wy\u0142\u0105cznie z polskim dowodem\u201d, tak jakby polski dow\u00f3d osobisty od razu by\u0142 dowodem na schludno\u015b\u0107, uczciwo\u015b\u0107 i odpowiedzialno\u015b\u0107 danej osoby. No w\u0142a\u015bnie, skoro nikt nie wynajmuje obcokrajowcom, a tym bardziej z dzie\u0107mi i zwierz\u0119tami, to dlaczego ci\u0105gle s\u0142ysz\u0119, \u017ce \u201cna rynku nie ma mieszka\u0144, bo ukrai\u0144cy je zajmuj\u0105\u201d. Zaj\u0119li\u015bmy si\u0119 tym tematem i z ch\u0119ci\u0105 opowiemy wam, dlaczego problem mieszkalnictwa istnieje w Polsce od lat i postaramy si\u0119 przybli\u017cy\u0107 rol\u0119 uchod\u017ac\u00f3w i migrant\u00f3w w tej kwestii.<\/p>\n\n\n\n<ul class=\"wp-block-list\">\n<li><strong>Kiedy pojawi\u0142 si\u0119 problem z mieszkalnictwem w Polsce?<\/strong><\/li>\n<\/ul>\n\n\n\n<p>Dyskryminacja na rynku mieszkaniowym jest na tyle obszernym tematem, \u017ce zas\u0142uguje na osobny artyku\u0142 i g\u0142\u0119bsze rozeznanie. Tutaj chcieliby\u015bmy od razu podkre\u015bli\u0107 i wyra\u017anie zaznaczy\u0107, \u017ce problemy na rynku mieszkaniowym w Polsce nie pojawi\u0142y si\u0119 znienacka, a s\u0105 jedynie konsekwencjami zaniedbywania potrzeb m\u0142odych os\u00f3b i koncepcji mieszka\u0144 spo\u0142ecznych. Ka\u017cdy z nas patrz\u0105c na obecn\u0105 sytuacj\u0119 jest w stanie zauwa\u017cy\u0107 dany problem. Gwa\u0142towny wzrost liczby os\u00f3b przyje\u017cd\u017caj\u0105cych do Polski w celach schronienia lub zarobku tylko zaostrzy\u0142 sytuacj\u0119, z kt\u00f3ra Polska i tak od lat mia\u0142a do czynienia. W naszych rozwa\u017caniach oprzemy si\u0119 o dane m.in. z Raportu o stanie mieszkalnictwa realizowanego przez Ministerstwo Rozwoju<a href=\"https:\/\/fundacjaukraina.eu\/jak-wiele-osob-zauwaza-od-lat-istniejacy-problem-z-mieszkalnictwem-w-polsce\/#_ftn1\"><sup>[1]<\/sup><\/a>.<\/p>\n\n\n\n<p>Mieszkanie prawem, a nie towarem! To jest pierwsze o czym w tej kwestii my\u015blimy my,&nbsp; ale pa\u0144stwo\u2026 ju\u017c niekoniecznie. Wed\u0142ug danych zaczerpni\u0119tych z artyku\u0142u Aliny Muzio\u0142\u2011W\u0119c\u0142awowicz z 2021 r.<a href=\"https:\/\/fundacjaukraina.eu\/jak-wiele-osob-zauwaza-od-lat-istniejacy-problem-z-mieszkalnictwem-w-polsce\/#_ftn2\"><sup>[2]<\/sup><\/a>, na koniec 2018 r. w Polsce by\u0142o 14,6 mln mieszka\u0144, z tego 78,9% og\u00f3\u0142u zasob\u00f3w stanowi\u0142y mieszkania prywatne, 13,9% to w\u0142asno\u015b\u0107 sp\u00f3\u0142dzielcza, 5,8% \u2013 w\u0142asno\u015b\u0107 komunalna, a 0,7% \u2013 w\u0142asno\u015b\u0107 TBS. Pozosta\u0142e 0,7% to mieszkania zak\u0142ad\u00f3w pracy i innych podmiot\u00f3w. Spis powszechny zrealizowany w 2021 r. wykaza\u0142 z kolei 15,34 miliona mieszka\u0144. Oko\u0142o 12,1% (1,86 mln) z nich jest pustych, s\u0105 to tzw. pustostany. Najcz\u0119\u015bciej s\u0105 to s\u0142abo skomunikowane i stare domy czy mieszkania. &nbsp;Te dane odzwierciedlaj\u0105 du\u017cy brak mieszka\u0144 komunalnych w skali krajowej, gdy\u017c to w\u0142a\u015bnie one mog\u0142yby zaradzi\u0107 problemowi z mieszkalnictwem w Polsce.<\/p>\n\n\n\n<p>Je\u015bli chodzi o TBS-y (Towarzystwo Budownictwa Spo\u0142ecznego), to funkcjonuj\u0105 one przede wszystkim w du\u017cych miastach i zdecydowanie bardziej rozwini\u0119te s\u0105 na zachodzie Polski, co wp\u0142ywa na niejednolity obraz problemu w skali krajowej.<\/p>\n\n\n\n<ul class=\"wp-block-list\">\n<li><strong>Zaspokojenie potrzeb mieszkaniowych<\/strong><\/li>\n<\/ul>\n\n\n\n<p>Jak stwierdza badaczka, do zapewnienia realnego wzrostu dost\u0119pno\u015bci mieszka\u0144 dla os\u00f3b, kt\u00f3re nie s\u0105 w stanie zaspokoi\u0107 swoich potrzeb mieszkaniowych (w szczeg\u00f3lno\u015bci s\u0105 to osoby m\u0142ode), konieczny jest skokowy wzrost liczby spo\u0142ecznych lokali czynszowych. Liczba mieszka\u0144 budowanych w ramach budownictwa komunalnego i TBS powinna wzrosn\u0105\u0107 z poziomu 3\u20134 tys. mieszka\u0144 rocznie do co najmniej 10 tys..<\/p>\n\n\n\n<p>Szacunkowa wielko\u015b\u0107 deficytu mieszkaniowego, czyli r\u00f3\u017cnicy mi\u0119dzy liczb\u0105 gospodarstw domowych a dost\u0119pnymi lokalami mieszkalnymi w skali kraju, na koniec 2019 r. (wed\u0142ug Raportu Ministerstwa Rozwoju o stanie mieszkalnictwa) wynios\u0142a 650 tys. lokali mieszkalnych (wed\u0142ug Aliny Muzio\u0142\u2011W\u0119c\u0142awowicz od 641 tys. do 2,1 mln lokali mieszkalnych). I tu wci\u0105\u017c m\u00f3wimy o sytuacji sprzed momentu, kiedy musieli\u015bmy si\u0119 zderzy\u0107 z du\u017c\u0105 fal\u0105 nap\u0142ywu uchod\u017ac\u00f3w.<\/p>\n\n\n\n<p>Dodatkowo warto zwr\u00f3ci\u0107 uwag\u0119 na pewnego rodzaju niedopasowanie zasob\u00f3w mieszkaniowych do kierunk\u00f3w migracyjnych, przede wszystkim wewn\u0105trz Polski. Cz\u0119sto nieruchomo\u015bci zostaj\u0105 w wyludniaj\u0105cych si\u0119 cz\u0119\u015bciach kraju, np. GUS od kilku lat notuje spadek ludno\u015bci w woj. \u015bwi\u0119tokrzyskim, a du\u017ce miasta takie jak Warszawa, Krak\u00f3w i Wroc\u0142aw stale maj\u0105 coraz wi\u0119kszy wsp\u00f3\u0142czynnik urbanizacji.<\/p>\n\n\n\n<ul class=\"wp-block-list\">\n<li><strong>Zasoby mieszkaniowe nie s\u0105 r\u00f3wnomierne<\/strong><\/li>\n<\/ul>\n\n\n\n<p>Najbardziej w tym momencie poszkodowane s\u0105 osoby m\u0142ode, kt\u00f3rych po prostu nie sta\u0107 na zakup mieszkania, a wi\u0119c musz\u0105 d\u0142u\u017cej wynajmowa\u0107 lub, co gorsza, d\u0142u\u017cej mieszka\u0107 z rodzicami. A wi\u0119c ok. 45% os\u00f3b w wieku od 25 do 34 lat mieszka z rodzicami i nie posiada w\u0142asnego k\u0105ta (przy \u015bredniej dla UE na poziomie 28,6%. Polska ma tym samym 8. pod tym wzgl\u0119dem wynik w Europie).<\/p>\n\n\n\n<p>W odniesieniu do tych informacji warto tak\u017ce odwo\u0142a\u0107 si\u0119 do wynik\u00f3w bada\u0144 fundacji Habitat for Humanity Poland<a href=\"https:\/\/fundacjaukraina.eu\/jak-wiele-osob-zauwaza-od-lat-istniejacy-problem-z-mieszkalnictwem-w-polsce\/#_ftn3\"><sup>[3]<\/sup><\/a>&nbsp;pt. Problemy mieszkaniowe Polek i Polak\u00f3w oraz ocena istniej\u0105cych rozwi\u0105za\u0144, zrealizowanych w 2018 roku. W tamtym momencie dla polskich rodzin g\u0142\u00f3wnymi problemami by\u0142y: brak sprawnie funkcjonuj\u0105cej s\u0142u\u017cby zdrowia, niskie zarobki, brak mieszkania lub z\u0142e warunki mieszkaniowe oraz brak odpowiedniej liczby \u017c\u0142obk\u00f3w i przedszkoli. Z\u0142e warunki mieszkaniowe lub brak mieszkania by\u0142y oceniane jako jeden z problem\u00f3w polskich rodzin dwukrotnie cz\u0119\u015bciej przez mieszka\u0144c\u00f3w du\u017cych miast i metropolii ni\u017c przez mieszka\u0144c\u00f3w ma\u0142ych miast i wsi, co tylko potwierdza sytuacj\u0119 nier\u00f3wnomiernych zasob\u00f3w mieszkaniowych w obr\u0119bie kraju.<\/p>\n\n\n\n<p>Migranci zarobkowi i uchod\u017acy w pierwszej kolejno\u015bci tak\u017ce kieruj\u0105 si\u0119 do du\u017cych miast, gdzie maj\u0105 dost\u0119p do pracy, medycyny i wszystkich potrzebnych im jednostek administracyjnych. Oczywi\u015bcie, taka sytuacja nie sprzyja pozytywnemu i r\u00f3wnomiernemu roz\u0142o\u017ceniu si\u0119 mieszka\u0144c\u00f3w w kraju. Cho\u0107 obecnie do\u015b\u0107 zauwa\u017calna staje si\u0119 tendencja przenoszenia si\u0119 migrant\u00f3w i uchod\u017ac\u00f3w do mniejszych miejscowo\u015bci, co pozwala im na wynajem lub zakup mieszkania w bardziej przyst\u0119pnej cenie.<\/p>\n\n\n\n<ul class=\"wp-block-list\">\n<li><strong>Jak i czy mo\u017cna rozwi\u0105za\u0107 problem z mieszkalnictwem w Polsce?<\/strong><\/li>\n<\/ul>\n\n\n\n<p>Z pewno\u015bci\u0105, wi\u0119ksza dost\u0119pno\u015b\u0107 mieszka\u0144 komunalnych, TBS-\u00f3w, oraz wi\u0119ksze zaanga\u017cowanie pa\u0144stwa i w\u0142adzy w problem mieszkaniowy wp\u0142yn\u0119\u0142yby na wzrost dost\u0119pno\u015bci mieszka\u0144 i na wi\u0119kszy komfort \u017cycia os\u00f3b m\u0142odych. Naszym zdaniem, dobrym rozwi\u0105zaniem m\u00f3g\u0142by okaza\u0107 si\u0119 rozw\u00f3j infrastruktury i inwestycja w mniejsze miejscowo\u015bci, do kt\u00f3rych chcia\u0142yby przeprowadza\u0107 si\u0119 osoby m\u0142ode, migranci i uchod\u017acy. To z pewno\u015bci\u0105 pomog\u0142oby w ujednoliceniu g\u0119sto\u015bci zaludnienia w poszczeg\u00f3lnych cz\u0119\u015bciach Polski. Obszary przygraniczne s\u0105 tak\u017ce miejscem z du\u017cym potencja\u0142em w tej kwestii.<\/p>\n\n\n\n<ul class=\"wp-block-list\">\n<li><strong>Sytuacja zastana<\/strong><\/li>\n<\/ul>\n\n\n\n<p>Jednak obecnie sytuacja wygl\u0105da nieco inaczej. Wi\u0119kszo\u015b\u0107 m\u0142odych os\u00f3b mieszkaj\u0105cych w du\u017cych miastach zaci\u0105ga kredyty lub kupuje mieszkania poza miastami ze wzgl\u0119du na ob\u0142\u0119dnie wysokie ceny, albo robi to pierwsze i to drugie. W takich sytuacjach zaczynamy mie\u0107 nadziej\u0119 na sprawnie dzia\u0142aj\u0105c\u0105 komunikacj\u0119 podmiejsk\u0105, by jednak m\u00f3c dojecha\u0107 do miasta, gdzie toczy si\u0119 \u017cycie kulturalne i spo\u0142eczne. I tak w\u0142a\u015bnie jeden niesprawny element, ci\u0105gn\u0105c za sob\u0105 kolejne cz\u0119\u015bci uk\u0142adanki, zamienia si\u0119 w k\u0142\u0119bek zwany pa\u0144stwem, na kt\u00f3re pracujemy, i kt\u00f3re z ca\u0142ego serca pragniemy naprawi\u0107, zar\u00f3wno dla siebie, jak i dla wszystkich innych, kt\u00f3rzy wybrali Polsk\u0119 na sw\u00f3j nowy dom.<\/p>\n\n\n\n<p><a href=\"https:\/\/fundacjaukraina.eu\/jak-wiele-osob-zauwaza-od-lat-istniejacy-problem-z-mieszkalnictwem-w-polsce\/#_ftnref1\"><sup>[1]<\/sup><\/a>&nbsp;Ministerstwo Rozwoju, Raport o stanie mieszkalnictwa w Polsce, 2020 [https:\/\/www.gov.pl\/attachment\/26de9999-ea40-42c0-9396-74d3e2684a14].<\/p>\n\n\n\n<p><a href=\"https:\/\/fundacjaukraina.eu\/jak-wiele-osob-zauwaza-od-lat-istniejacy-problem-z-mieszkalnictwem-w-polsce\/#_ftnref2\"><sup>[2]<\/sup><\/a>&nbsp;Alina Muzio\u0142\u2011W\u0119c\u0142awowicz, Mieszkalnictwo spo\u0142eczne w Polsce \u2013 wyzwania i ograniczenia, 2021<\/p>\n\n\n\n[https:\/\/orka.sejm.gov.pl\/WydBAS.nsf\/0\/ECC99D06EBF03ACBC125872000234A3E\/$file\/4.MuziolWeclawowicz.pdf].<\/p>\n\n\n\n<p><a href=\"https:\/\/fundacjaukraina.eu\/jak-wiele-osob-zauwaza-od-lat-istniejacy-problem-z-mieszkalnictwem-w-polsce\/#_ftnref3\"><sup>[3]<\/sup><\/a>&nbsp;Habitat for Humanity Poland, 2018,&nbsp; [https:\/\/habitat.pl\/wp-content\/uploads\/2018\/04\/HabitatPoland_badanie-opinii-publ_mieszkalnictwo2018.pdf].<\/p>\n","protected":false},"excerpt":{"rendered":"<p>Zaj\u0119li\u015bmy si\u0119 problemem mieszkalnictwa w Polsce i z ch\u0119ci\u0105 opowiemy wam, dlaczego problem z dost\u0119pno\u015bci\u0105 lokali mieszkalnych istnieje od lat i jak\u0105 rol\u0119 w tej kwestii odgrywaj\u0105 migranci i uchod\u017acy. Nie mog\u0119 nawet zliczy\u0107 jak wiele g\u0142os\u00f3w, komentarzy i opinii uda\u0142o mi si\u0119 zebra\u0107 w temacie mieszkalnictwa w do\u015b\u0107 kr\u00f3tkim czasie. Najbardziej pomocne przy poszukiwaniach&#8230;<\/p>\n","protected":false},"author":11,"featured_media":1695,"comment_status":"closed","ping_status":"closed","sticky":false,"template":"","format":"standard","meta":{"inline_featured_image":false,"advgb_blocks_editor_width":"","advgb_blocks_columns_visual_guide":"","footnotes":""},"categories":[5],"tags":[],"class_list":["post-1209","post","type-post","status-publish","format-standard","has-post-thumbnail","hentry","category-ciekawostka"],"yoast_head":"<!-- This site is optimized with the Yoast SEO plugin v27.5 - https:\/\/yoast.com\/product\/yoast-seo-wordpress\/ -->\n<title>Jak wiele os\u00f3b zauwa\u017ca od lat istniej\u0105cy problem z mieszkalnictwem w Polsce? - \u0406\u043d\u0441\u0442\u0438\u0442\u0443\u0442 \u041f\u0440\u0430\u0432 \u041c\u0456\u0433\u0440\u0430\u043d\u0442\u0456\u0432<\/title>\n<meta name=\"description\" content=\"Naszyme celem jest kszta\u0142cenie spo\u0142ecze\u0144stwa r\u00f3wnych szans \u015bwiadomego swoich praw, poprzez prowadzenie dzia\u0142alno\u015bci konsultacyjnej i szkoleniowej.\" \/>\n<meta name=\"robots\" content=\"index, follow, max-snippet:-1, max-image-preview:large, max-video-preview:-1\" \/>\n<link rel=\"canonical\" href=\"https:\/\/instytutpm.eu\/jak-wiele-osob-zauwaza-od-lat-istniejacy-problem-z-mieszkalnictwem-w-polsce\/\" \/>\n<meta property=\"og:locale\" content=\"en_US\" \/>\n<meta property=\"og:type\" content=\"article\" \/>\n<meta property=\"og:title\" content=\"Jak wiele os\u00f3b zauwa\u017ca od lat istniej\u0105cy problem z mieszkalnictwem w Polsce? - \u0406\u043d\u0441\u0442\u0438\u0442\u0443\u0442 \u041f\u0440\u0430\u0432 \u041c\u0456\u0433\u0440\u0430\u043d\u0442\u0456\u0432\" \/>\n<meta property=\"og:description\" content=\"Naszyme celem jest kszta\u0142cenie spo\u0142ecze\u0144stwa r\u00f3wnych szans \u015bwiadomego swoich praw, poprzez prowadzenie dzia\u0142alno\u015bci konsultacyjnej i szkoleniowej.\" \/>\n<meta property=\"og:url\" content=\"https:\/\/instytutpm.eu\/jak-wiele-osob-zauwaza-od-lat-istniejacy-problem-z-mieszkalnictwem-w-polsce\/\" \/>\n<meta property=\"og:site_name\" content=\"\u0406\u043d\u0441\u0442\u0438\u0442\u0443\u0442 \u041f\u0440\u0430\u0432 \u041c\u0456\u0433\u0440\u0430\u043d\u0442\u0456\u0432\" \/>\n<meta property=\"article:publisher\" content=\"https:\/\/www.facebook.com\/Instytutpm\" \/>\n<meta property=\"article:published_time\" content=\"2022-12-06T12:59:00+00:00\" \/>\n<meta property=\"article:modified_time\" content=\"2023-08-08T12:13:25+00:00\" \/>\n<meta property=\"og:image\" content=\"https:\/\/instytutpm.eu\/wp-content\/uploads\/2022\/12\/wroclaw-house.jpg\" \/>\n\t<meta property=\"og:image:width\" content=\"1508\" \/>\n\t<meta property=\"og:image:height\" content=\"1000\" \/>\n\t<meta property=\"og:image:type\" content=\"image\/jpeg\" \/>\n<meta name=\"author\" content=\"Ksenia Pletnova\" \/>\n<meta name=\"twitter:card\" content=\"summary_large_image\" \/>\n<meta name=\"twitter:creator\" content=\"@Instytutipm\" \/>\n<meta name=\"twitter:site\" content=\"@Instytutipm\" \/>\n<meta name=\"twitter:label1\" content=\"Written by\" \/>\n\t<meta name=\"twitter:data1\" content=\"Ksenia Pletnova\" \/>\n\t<meta name=\"twitter:label2\" content=\"Est. reading time\" \/>\n\t<meta name=\"twitter:data2\" content=\"5 minutes\" \/>\n<script type=\"application\/ld+json\" class=\"yoast-schema-graph\">{\"@context\":\"https:\\\/\\\/schema.org\",\"@graph\":[{\"@type\":\"Article\",\"@id\":\"https:\\\/\\\/instytutpm.eu\\\/jak-wiele-osob-zauwaza-od-lat-istniejacy-problem-z-mieszkalnictwem-w-polsce\\\/#article\",\"isPartOf\":{\"@id\":\"https:\\\/\\\/instytutpm.eu\\\/jak-wiele-osob-zauwaza-od-lat-istniejacy-problem-z-mieszkalnictwem-w-polsce\\\/\"},\"author\":{\"name\":\"Ksenia Pletnova\",\"@id\":\"https:\\\/\\\/instytutpm.eu\\\/#\\\/schema\\\/person\\\/d5f966e83d4ad4b83ac2991f8d7b6868\"},\"headline\":\"Jak wiele os\u00f3b zauwa\u017ca od lat istniej\u0105cy problem z mieszkalnictwem w Polsce?\",\"datePublished\":\"2022-12-06T12:59:00+00:00\",\"dateModified\":\"2023-08-08T12:13:25+00:00\",\"mainEntityOfPage\":{\"@id\":\"https:\\\/\\\/instytutpm.eu\\\/jak-wiele-osob-zauwaza-od-lat-istniejacy-problem-z-mieszkalnictwem-w-polsce\\\/\"},\"wordCount\":1327,\"publisher\":{\"@id\":\"https:\\\/\\\/instytutpm.eu\\\/#organization\"},\"image\":{\"@id\":\"https:\\\/\\\/instytutpm.eu\\\/jak-wiele-osob-zauwaza-od-lat-istniejacy-problem-z-mieszkalnictwem-w-polsce\\\/#primaryimage\"},\"thumbnailUrl\":\"https:\\\/\\\/instytutpm.eu\\\/wp-content\\\/uploads\\\/2022\\\/12\\\/wroclaw-house.jpg\",\"articleSection\":[\"Ciekawostka\"],\"inLanguage\":\"ua\"},{\"@type\":\"WebPage\",\"@id\":\"https:\\\/\\\/instytutpm.eu\\\/jak-wiele-osob-zauwaza-od-lat-istniejacy-problem-z-mieszkalnictwem-w-polsce\\\/\",\"url\":\"https:\\\/\\\/instytutpm.eu\\\/jak-wiele-osob-zauwaza-od-lat-istniejacy-problem-z-mieszkalnictwem-w-polsce\\\/\",\"name\":\"Jak wiele os\u00f3b zauwa\u017ca od lat istniej\u0105cy problem z mieszkalnictwem w Polsce? - \u0406\u043d\u0441\u0442\u0438\u0442\u0443\u0442 \u041f\u0440\u0430\u0432 \u041c\u0456\u0433\u0440\u0430\u043d\u0442\u0456\u0432\",\"isPartOf\":{\"@id\":\"https:\\\/\\\/instytutpm.eu\\\/#website\"},\"primaryImageOfPage\":{\"@id\":\"https:\\\/\\\/instytutpm.eu\\\/jak-wiele-osob-zauwaza-od-lat-istniejacy-problem-z-mieszkalnictwem-w-polsce\\\/#primaryimage\"},\"image\":{\"@id\":\"https:\\\/\\\/instytutpm.eu\\\/jak-wiele-osob-zauwaza-od-lat-istniejacy-problem-z-mieszkalnictwem-w-polsce\\\/#primaryimage\"},\"thumbnailUrl\":\"https:\\\/\\\/instytutpm.eu\\\/wp-content\\\/uploads\\\/2022\\\/12\\\/wroclaw-house.jpg\",\"datePublished\":\"2022-12-06T12:59:00+00:00\",\"dateModified\":\"2023-08-08T12:13:25+00:00\",\"description\":\"Naszyme celem jest kszta\u0142cenie spo\u0142ecze\u0144stwa r\u00f3wnych szans \u015bwiadomego swoich praw, poprzez prowadzenie dzia\u0142alno\u015bci konsultacyjnej i szkoleniowej.\",\"breadcrumb\":{\"@id\":\"https:\\\/\\\/instytutpm.eu\\\/jak-wiele-osob-zauwaza-od-lat-istniejacy-problem-z-mieszkalnictwem-w-polsce\\\/#breadcrumb\"},\"inLanguage\":\"ua\",\"potentialAction\":[{\"@type\":\"ReadAction\",\"target\":[\"https:\\\/\\\/instytutpm.eu\\\/jak-wiele-osob-zauwaza-od-lat-istniejacy-problem-z-mieszkalnictwem-w-polsce\\\/\"]}]},{\"@type\":\"ImageObject\",\"inLanguage\":\"ua\",\"@id\":\"https:\\\/\\\/instytutpm.eu\\\/jak-wiele-osob-zauwaza-od-lat-istniejacy-problem-z-mieszkalnictwem-w-polsce\\\/#primaryimage\",\"url\":\"https:\\\/\\\/instytutpm.eu\\\/wp-content\\\/uploads\\\/2022\\\/12\\\/wroclaw-house.jpg\",\"contentUrl\":\"https:\\\/\\\/instytutpm.eu\\\/wp-content\\\/uploads\\\/2022\\\/12\\\/wroclaw-house.jpg\",\"width\":1508,\"height\":1000,\"caption\":\"wroclaw-house\"},{\"@type\":\"BreadcrumbList\",\"@id\":\"https:\\\/\\\/instytutpm.eu\\\/jak-wiele-osob-zauwaza-od-lat-istniejacy-problem-z-mieszkalnictwem-w-polsce\\\/#breadcrumb\",\"itemListElement\":[{\"@type\":\"ListItem\",\"position\":1,\"name\":\"Home\",\"item\":\"https:\\\/\\\/instytutpm.eu\\\/uk\\\/\"},{\"@type\":\"ListItem\",\"position\":2,\"name\":\"Jak wiele os\u00f3b zauwa\u017ca od lat istniej\u0105cy problem z mieszkalnictwem w Polsce?\"}]},{\"@type\":\"WebSite\",\"@id\":\"https:\\\/\\\/instytutpm.eu\\\/#website\",\"url\":\"https:\\\/\\\/instytutpm.eu\\\/\",\"name\":\"Instytut Praw Migrant\u00f3w\",\"description\":\"\u041d\u0430\u0434\u0430\u0454\u043c\u043e \u0431\u0435\u0437\u043a\u043e\u0448\u0442\u043e\u0432\u043d\u0443 \u0456\u043d\u0444\u043e\u0440\u043c\u0430\u0446\u0456\u0439\u043d\u0443 \u043f\u0456\u0434\u0442\u0440\u0438\u043c\u043a\u0443 \u0434\u043b\u044f \u043c\u0456\u0433\u0440\u0430\u043d\u0442\u0456\u0432\",\"publisher\":{\"@id\":\"https:\\\/\\\/instytutpm.eu\\\/#organization\"},\"alternateName\":\"IPM\",\"potentialAction\":[{\"@type\":\"SearchAction\",\"target\":{\"@type\":\"EntryPoint\",\"urlTemplate\":\"https:\\\/\\\/instytutpm.eu\\\/?s={search_term_string}\"},\"query-input\":{\"@type\":\"PropertyValueSpecification\",\"valueRequired\":true,\"valueName\":\"search_term_string\"}}],\"inLanguage\":\"ua\"},{\"@type\":\"Organization\",\"@id\":\"https:\\\/\\\/instytutpm.eu\\\/#organization\",\"name\":\"Instytut Praw Migrant\u00f3w\",\"alternateName\":\"IPM\",\"url\":\"https:\\\/\\\/instytutpm.eu\\\/\",\"logo\":{\"@type\":\"ImageObject\",\"inLanguage\":\"ua\",\"@id\":\"https:\\\/\\\/instytutpm.eu\\\/#\\\/schema\\\/logo\\\/image\\\/\",\"url\":\"https:\\\/\\\/instytutpm.eu\\\/wp-content\\\/uploads\\\/2023\\\/05\\\/ipm-logo.jpg\",\"contentUrl\":\"https:\\\/\\\/instytutpm.eu\\\/wp-content\\\/uploads\\\/2023\\\/05\\\/ipm-logo.jpg\",\"width\":238,\"height\":238,\"caption\":\"Instytut Praw Migrant\u00f3w\"},\"image\":{\"@id\":\"https:\\\/\\\/instytutpm.eu\\\/#\\\/schema\\\/logo\\\/image\\\/\"},\"sameAs\":[\"https:\\\/\\\/www.facebook.com\\\/Instytutpm\",\"https:\\\/\\\/x.com\\\/Instytutipm\"]},{\"@type\":\"Person\",\"@id\":\"https:\\\/\\\/instytutpm.eu\\\/#\\\/schema\\\/person\\\/d5f966e83d4ad4b83ac2991f8d7b6868\",\"name\":\"Ksenia Pletnova\",\"image\":{\"@type\":\"ImageObject\",\"inLanguage\":\"ua\",\"@id\":\"https:\\\/\\\/instytutpm.eu\\\/wp-content\\\/uploads\\\/2023\\\/08\\\/ksenia-pletneva-96x96.webp\",\"url\":\"https:\\\/\\\/instytutpm.eu\\\/wp-content\\\/uploads\\\/2023\\\/08\\\/ksenia-pletneva-96x96.webp\",\"contentUrl\":\"https:\\\/\\\/instytutpm.eu\\\/wp-content\\\/uploads\\\/2023\\\/08\\\/ksenia-pletneva-96x96.webp\",\"caption\":\"Ksenia Pletnova\"},\"description\":\"Celem Instytutu Praw Migrant\u00f3w jest kszta\u0142cenie spo\u0142ecze\u0144stwa r\u00f3wnych szans \u015bwiadomego swoich praw, poprzez prowadzenie dzia\u0142alno\u015bci konsultacyjnej i szkoleniowej.\",\"url\":\"https:\\\/\\\/instytutpm.eu\\\/uk\\\/author\\\/kp-admin\\\/\"}]}<\/script>\n<!-- \/ Yoast SEO plugin. -->","yoast_head_json":{"title":"Jak wiele os\u00f3b zauwa\u017ca od lat istniej\u0105cy problem z mieszkalnictwem w Polsce? - \u0406\u043d\u0441\u0442\u0438\u0442\u0443\u0442 \u041f\u0440\u0430\u0432 \u041c\u0456\u0433\u0440\u0430\u043d\u0442\u0456\u0432","description":"Naszyme celem jest kszta\u0142cenie spo\u0142ecze\u0144stwa r\u00f3wnych szans \u015bwiadomego swoich praw, poprzez prowadzenie dzia\u0142alno\u015bci konsultacyjnej i szkoleniowej.","robots":{"index":"index","follow":"follow","max-snippet":"max-snippet:-1","max-image-preview":"max-image-preview:large","max-video-preview":"max-video-preview:-1"},"canonical":"https:\/\/instytutpm.eu\/jak-wiele-osob-zauwaza-od-lat-istniejacy-problem-z-mieszkalnictwem-w-polsce\/","og_locale":"en_US","og_type":"article","og_title":"Jak wiele os\u00f3b zauwa\u017ca od lat istniej\u0105cy problem z mieszkalnictwem w Polsce? - \u0406\u043d\u0441\u0442\u0438\u0442\u0443\u0442 \u041f\u0440\u0430\u0432 \u041c\u0456\u0433\u0440\u0430\u043d\u0442\u0456\u0432","og_description":"Naszyme celem jest kszta\u0142cenie spo\u0142ecze\u0144stwa r\u00f3wnych szans \u015bwiadomego swoich praw, poprzez prowadzenie dzia\u0142alno\u015bci konsultacyjnej i szkoleniowej.","og_url":"https:\/\/instytutpm.eu\/jak-wiele-osob-zauwaza-od-lat-istniejacy-problem-z-mieszkalnictwem-w-polsce\/","og_site_name":"\u0406\u043d\u0441\u0442\u0438\u0442\u0443\u0442 \u041f\u0440\u0430\u0432 \u041c\u0456\u0433\u0440\u0430\u043d\u0442\u0456\u0432","article_publisher":"https:\/\/www.facebook.com\/Instytutpm","article_published_time":"2022-12-06T12:59:00+00:00","article_modified_time":"2023-08-08T12:13:25+00:00","og_image":[{"width":1508,"height":1000,"url":"https:\/\/instytutpm.eu\/wp-content\/uploads\/2022\/12\/wroclaw-house.jpg","type":"image\/jpeg"}],"author":"Ksenia Pletnova","twitter_card":"summary_large_image","twitter_creator":"@Instytutipm","twitter_site":"@Instytutipm","twitter_misc":{"Written by":"Ksenia Pletnova","Est. reading time":"5 minutes"},"schema":{"@context":"https:\/\/schema.org","@graph":[{"@type":"Article","@id":"https:\/\/instytutpm.eu\/jak-wiele-osob-zauwaza-od-lat-istniejacy-problem-z-mieszkalnictwem-w-polsce\/#article","isPartOf":{"@id":"https:\/\/instytutpm.eu\/jak-wiele-osob-zauwaza-od-lat-istniejacy-problem-z-mieszkalnictwem-w-polsce\/"},"author":{"name":"Ksenia Pletnova","@id":"https:\/\/instytutpm.eu\/#\/schema\/person\/d5f966e83d4ad4b83ac2991f8d7b6868"},"headline":"Jak wiele os\u00f3b zauwa\u017ca od lat istniej\u0105cy problem z mieszkalnictwem w Polsce?","datePublished":"2022-12-06T12:59:00+00:00","dateModified":"2023-08-08T12:13:25+00:00","mainEntityOfPage":{"@id":"https:\/\/instytutpm.eu\/jak-wiele-osob-zauwaza-od-lat-istniejacy-problem-z-mieszkalnictwem-w-polsce\/"},"wordCount":1327,"publisher":{"@id":"https:\/\/instytutpm.eu\/#organization"},"image":{"@id":"https:\/\/instytutpm.eu\/jak-wiele-osob-zauwaza-od-lat-istniejacy-problem-z-mieszkalnictwem-w-polsce\/#primaryimage"},"thumbnailUrl":"https:\/\/instytutpm.eu\/wp-content\/uploads\/2022\/12\/wroclaw-house.jpg","articleSection":["Ciekawostka"],"inLanguage":"ua"},{"@type":"WebPage","@id":"https:\/\/instytutpm.eu\/jak-wiele-osob-zauwaza-od-lat-istniejacy-problem-z-mieszkalnictwem-w-polsce\/","url":"https:\/\/instytutpm.eu\/jak-wiele-osob-zauwaza-od-lat-istniejacy-problem-z-mieszkalnictwem-w-polsce\/","name":"Jak wiele os\u00f3b zauwa\u017ca od lat istniej\u0105cy problem z mieszkalnictwem w Polsce? - \u0406\u043d\u0441\u0442\u0438\u0442\u0443\u0442 \u041f\u0440\u0430\u0432 \u041c\u0456\u0433\u0440\u0430\u043d\u0442\u0456\u0432","isPartOf":{"@id":"https:\/\/instytutpm.eu\/#website"},"primaryImageOfPage":{"@id":"https:\/\/instytutpm.eu\/jak-wiele-osob-zauwaza-od-lat-istniejacy-problem-z-mieszkalnictwem-w-polsce\/#primaryimage"},"image":{"@id":"https:\/\/instytutpm.eu\/jak-wiele-osob-zauwaza-od-lat-istniejacy-problem-z-mieszkalnictwem-w-polsce\/#primaryimage"},"thumbnailUrl":"https:\/\/instytutpm.eu\/wp-content\/uploads\/2022\/12\/wroclaw-house.jpg","datePublished":"2022-12-06T12:59:00+00:00","dateModified":"2023-08-08T12:13:25+00:00","description":"Naszyme celem jest kszta\u0142cenie spo\u0142ecze\u0144stwa r\u00f3wnych szans \u015bwiadomego swoich praw, poprzez prowadzenie dzia\u0142alno\u015bci konsultacyjnej i szkoleniowej.","breadcrumb":{"@id":"https:\/\/instytutpm.eu\/jak-wiele-osob-zauwaza-od-lat-istniejacy-problem-z-mieszkalnictwem-w-polsce\/#breadcrumb"},"inLanguage":"ua","potentialAction":[{"@type":"ReadAction","target":["https:\/\/instytutpm.eu\/jak-wiele-osob-zauwaza-od-lat-istniejacy-problem-z-mieszkalnictwem-w-polsce\/"]}]},{"@type":"ImageObject","inLanguage":"ua","@id":"https:\/\/instytutpm.eu\/jak-wiele-osob-zauwaza-od-lat-istniejacy-problem-z-mieszkalnictwem-w-polsce\/#primaryimage","url":"https:\/\/instytutpm.eu\/wp-content\/uploads\/2022\/12\/wroclaw-house.jpg","contentUrl":"https:\/\/instytutpm.eu\/wp-content\/uploads\/2022\/12\/wroclaw-house.jpg","width":1508,"height":1000,"caption":"wroclaw-house"},{"@type":"BreadcrumbList","@id":"https:\/\/instytutpm.eu\/jak-wiele-osob-zauwaza-od-lat-istniejacy-problem-z-mieszkalnictwem-w-polsce\/#breadcrumb","itemListElement":[{"@type":"ListItem","position":1,"name":"Home","item":"https:\/\/instytutpm.eu\/uk\/"},{"@type":"ListItem","position":2,"name":"Jak wiele os\u00f3b zauwa\u017ca od lat istniej\u0105cy problem z mieszkalnictwem w Polsce?"}]},{"@type":"WebSite","@id":"https:\/\/instytutpm.eu\/#website","url":"https:\/\/instytutpm.eu\/","name":"Instytut Praw Migrant\u00f3w","description":"\u041d\u0430\u0434\u0430\u0454\u043c\u043e \u0431\u0435\u0437\u043a\u043e\u0448\u0442\u043e\u0432\u043d\u0443 \u0456\u043d\u0444\u043e\u0440\u043c\u0430\u0446\u0456\u0439\u043d\u0443 \u043f\u0456\u0434\u0442\u0440\u0438\u043c\u043a\u0443 \u0434\u043b\u044f \u043c\u0456\u0433\u0440\u0430\u043d\u0442\u0456\u0432","publisher":{"@id":"https:\/\/instytutpm.eu\/#organization"},"alternateName":"IPM","potentialAction":[{"@type":"SearchAction","target":{"@type":"EntryPoint","urlTemplate":"https:\/\/instytutpm.eu\/?s={search_term_string}"},"query-input":{"@type":"PropertyValueSpecification","valueRequired":true,"valueName":"search_term_string"}}],"inLanguage":"ua"},{"@type":"Organization","@id":"https:\/\/instytutpm.eu\/#organization","name":"Instytut Praw Migrant\u00f3w","alternateName":"IPM","url":"https:\/\/instytutpm.eu\/","logo":{"@type":"ImageObject","inLanguage":"ua","@id":"https:\/\/instytutpm.eu\/#\/schema\/logo\/image\/","url":"https:\/\/instytutpm.eu\/wp-content\/uploads\/2023\/05\/ipm-logo.jpg","contentUrl":"https:\/\/instytutpm.eu\/wp-content\/uploads\/2023\/05\/ipm-logo.jpg","width":238,"height":238,"caption":"Instytut Praw Migrant\u00f3w"},"image":{"@id":"https:\/\/instytutpm.eu\/#\/schema\/logo\/image\/"},"sameAs":["https:\/\/www.facebook.com\/Instytutpm","https:\/\/x.com\/Instytutipm"]},{"@type":"Person","@id":"https:\/\/instytutpm.eu\/#\/schema\/person\/d5f966e83d4ad4b83ac2991f8d7b6868","name":"Ksenia Pletnova","image":{"@type":"ImageObject","inLanguage":"ua","@id":"https:\/\/instytutpm.eu\/wp-content\/uploads\/2023\/08\/ksenia-pletneva-96x96.webp","url":"https:\/\/instytutpm.eu\/wp-content\/uploads\/2023\/08\/ksenia-pletneva-96x96.webp","contentUrl":"https:\/\/instytutpm.eu\/wp-content\/uploads\/2023\/08\/ksenia-pletneva-96x96.webp","caption":"Ksenia Pletnova"},"description":"Celem Instytutu Praw Migrant\u00f3w jest kszta\u0142cenie spo\u0142ecze\u0144stwa r\u00f3wnych szans \u015bwiadomego swoich praw, poprzez prowadzenie dzia\u0142alno\u015bci konsultacyjnej i szkoleniowej.","url":"https:\/\/instytutpm.eu\/uk\/author\/kp-admin\/"}]}},"author_meta":{"display_name":"Ksenia Pletnova","author_link":"https:\/\/instytutpm.eu\/uk\/author\/kp-admin\/"},"featured_img":"https:\/\/instytutpm.eu\/wp-content\/uploads\/2022\/12\/wroclaw-house-600x398.jpg","coauthors":[],"tax_additional":{"categories":{"linked":["<a href=\"https:\/\/instytutpm.eu\/uk\/category\/ciekawostka\/\" class=\"advgb-post-tax-term\">Ciekawostka<\/a>"],"unlinked":["<span class=\"advgb-post-tax-term\">Ciekawostka<\/span>"]}},"comment_count":"0","relative_dates":{"created":"Posted 3 years ago","modified":"Updated 3 years ago"},"absolute_dates":{"created":"Posted on 2022-12-06","modified":"Updated on 2023-08-08"},"absolute_dates_time":{"created":"Posted on 2022-12-06 13:59","modified":"Updated on 2023-08-08 14:13"},"featured_img_caption":"","series_order":"","_links":{"self":[{"href":"https:\/\/instytutpm.eu\/uk\/wp-json\/wp\/v2\/posts\/1209","targetHints":{"allow":["GET"]}}],"collection":[{"href":"https:\/\/instytutpm.eu\/uk\/wp-json\/wp\/v2\/posts"}],"about":[{"href":"https:\/\/instytutpm.eu\/uk\/wp-json\/wp\/v2\/types\/post"}],"author":[{"embeddable":true,"href":"https:\/\/instytutpm.eu\/uk\/wp-json\/wp\/v2\/users\/11"}],"replies":[{"embeddable":true,"href":"https:\/\/instytutpm.eu\/uk\/wp-json\/wp\/v2\/comments?post=1209"}],"version-history":[{"count":2,"href":"https:\/\/instytutpm.eu\/uk\/wp-json\/wp\/v2\/posts\/1209\/revisions"}],"predecessor-version":[{"id":2230,"href":"https:\/\/instytutpm.eu\/uk\/wp-json\/wp\/v2\/posts\/1209\/revisions\/2230"}],"wp:featuredmedia":[{"embeddable":true,"href":"https:\/\/instytutpm.eu\/uk\/wp-json\/wp\/v2\/media\/1695"}],"wp:attachment":[{"href":"https:\/\/instytutpm.eu\/uk\/wp-json\/wp\/v2\/media?parent=1209"}],"wp:term":[{"taxonomy":"category","embeddable":true,"href":"https:\/\/instytutpm.eu\/uk\/wp-json\/wp\/v2\/categories?post=1209"},{"taxonomy":"post_tag","embeddable":true,"href":"https:\/\/instytutpm.eu\/uk\/wp-json\/wp\/v2\/tags?post=1209"}],"curies":[{"name":"wp","href":"https:\/\/api.w.org\/{rel}","templated":true}]}}