{"id":1202,"date":"2022-12-20T16:43:37","date_gmt":"2022-12-20T15:43:37","guid":{"rendered":"https:\/\/instytutpm.eu\/?p=1202"},"modified":"2023-05-19T11:14:58","modified_gmt":"2023-05-19T09:14:58","slug":"zaproszenie-do-skladania-ofert","status":"publish","type":"post","link":"https:\/\/instytutpm.eu\/uk\/zaproszenie-do-skladania-ofert\/","title":{"rendered":"<strong>Zaproszenie do sk\u0142adania ofert<\/strong>"},"content":{"rendered":"\n<p class=\"has-medium-font-size\">Instytut Praw Migrant\u00f3w zaprasza do sk\u0142adania ofert na realizacj\u0119 zlecenia w ramach organizowanego przez Fundacj\u0119 Ukraina projektu InterPoint Wroc\u0142aw.<\/p>\n\n\n\n<figure class=\"wp-block-image size-full\"><img loading=\"lazy\" decoding=\"async\" width=\"1280\" height=\"720\" src=\"https:\/\/instytutpm.eu\/wp-content\/uploads\/2022\/12\/oferta-zgloszenie.jpeg\" alt=\"Sk\u0142adanie ofert\" class=\"wp-image-1720\"\/><\/figure>\n\n\n\n\n\n\n\n<p><strong>Szczeg\u00f3\u0142owy zakres obowi\u0105zk\u00f3w:<\/strong><\/p>\n\n\n\n<p>&#8211; wykonywanie opracowa\u0144 graficznych publikacji popularnonaukowych Instytutu Praw Migrant\u00f3w,<\/p>\n\n\n\n<p>&#8211; przygotowywanie publikacji Instytutu Praw Migrant\u00f3w do wydruku,<\/p>\n\n\n\n<p>&#8211; udzia\u0142 w zebraniach walnych Instytutu Praw Migrant\u00f3w oraz w spotkaniach grup roboczych,<\/p>\n\n\n\n<p>&#8211; sta\u0142y kontakt z koordynatorem biura IPM.<\/p>\n\n\n\n<p><strong>Termin realizacji zlecenia:<\/strong><\/p>\n\n\n\n<p>01.01.2023 &#8211; 20.01.2023<\/p>\n\n\n\n<p><strong>Wymagania:<\/strong><\/p>\n\n\n\n<ul class=\"wp-block-list\">\n<li>Zaawansowana obs\u0142uga program\u00f3w graficznych z pakietu Adobe, w szczeg\u00f3lno\u015bci:\n<ul class=\"wp-block-list\">\n<li>Adobe Photoshop,<\/li>\n\n\n\n<li>Adobe InDesign,<\/li>\n\n\n\n<li>Adobe Ilustrator,<\/li>\n<\/ul>\n<\/li>\n\n\n\n<li>autorstwo lub wsp\u00f3\u0142autorstwo co najmniej dw\u00f3ch opracowa\u0144 graficzno-tekstowych w dowolnym zakresie tematycznym (udokumentowane w za\u0142\u0105czonym portfolio),<\/li>\n\n\n\n<li>Umiej\u0119tno\u015b\u0107 opracowywania graficznej prezentacji danych ilo\u015bciowych,<\/li>\n\n\n\n<li>Bieg\u0142a znajomo\u015b\u0107 j\u0119zyka polskiego i angielskiego w mowie i w pi\u015bmie,<\/li>\n\n\n\n<li>Dyspozycyjno\u015b\u0107 czasowa w okresie realizacji zlecenia.<\/li>\n<\/ul>\n\n\n\n<p><strong>Kryteria oceny oferty:<\/strong><\/p>\n\n\n\n<ol class=\"wp-block-list\" type=\"1\">\n<li>Cena za godzin\u0119 brutto (60%) \u2013 najwy\u017csza cena 0 punkt\u00f3w, najni\u017csza cena 60 punkt\u00f3w,<\/li>\n\n\n\n<li>Liczba autorskich opracowa\u0144 graficzno-tekstowych (40%) \u2013 2 opracowania 0 punkt\u00f3w, 6 lub wi\u0119cej opracowa\u0144 40 punkt\u00f3w,<\/li>\n\n\n\n<li>Ponadto dla pozytywnego rozpatrzenia oferty konieczne jest spe\u0142nienie wszystkich wskazanych wymaga\u0144.<\/li>\n<\/ol>\n\n\n\n<p>Oferty prosimy sk\u0142ada\u0107 do 27.12.2022 (godzina 23:59) mailowo na adres: <em><a href=\"mailto:karol.korczynski@instytutpm.eu\">karol.korczynski@instytutpm.eu<\/a><\/em><\/p>\n","protected":false},"excerpt":{"rendered":"<p>Instytut Praw Migrant\u00f3w zaprasza do sk\u0142adania ofert na realizacj\u0119 zlecenia w ramach organizowanego przez Fundacj\u0119 Ukraina projektu InterPoint Wroc\u0142aw. Szczeg\u00f3\u0142owy zakres obowi\u0105zk\u00f3w: &#8211; wykonywanie opracowa\u0144 graficznych publikacji popularnonaukowych Instytutu Praw Migrant\u00f3w, &#8211; przygotowywanie publikacji Instytutu Praw Migrant\u00f3w do wydruku, &#8211; udzia\u0142 w zebraniach walnych Instytutu Praw Migrant\u00f3w oraz w spotkaniach grup roboczych, &#8211; sta\u0142y kontakt&#8230;<\/p>\n","protected":false},"author":2,"featured_media":1720,"comment_status":"closed","ping_status":"closed","sticky":false,"template":"","format":"standard","meta":{"inline_featured_image":false,"advgb_blocks_editor_width":"","advgb_blocks_columns_visual_guide":"","footnotes":""},"categories":[1],"tags":[],"class_list":["post-1202","post","type-post","status-publish","format-standard","has-post-thumbnail","hentry","category-instytut-praw-migrantow"],"yoast_head":"<!-- This site is optimized with the Yoast SEO plugin v27.5 - https:\/\/yoast.com\/product\/yoast-seo-wordpress\/ -->\n<title>Zaproszenie do sk\u0142adania ofert - \u0406\u043d\u0441\u0442\u0438\u0442\u0443\u0442 \u041f\u0440\u0430\u0432 \u041c\u0456\u0433\u0440\u0430\u043d\u0442\u0456\u0432<\/title>\n<meta name=\"description\" content=\"Naszyme celem jest kszta\u0142cenie spo\u0142ecze\u0144stwa r\u00f3wnych szans \u015bwiadomego swoich praw, poprzez prowadzenie dzia\u0142alno\u015bci konsultacyjnej i szkoleniowej.\" \/>\n<meta name=\"robots\" content=\"index, follow, max-snippet:-1, max-image-preview:large, max-video-preview:-1\" \/>\n<link rel=\"canonical\" href=\"https:\/\/instytutpm.eu\/zaproszenie-do-skladania-ofert\/\" \/>\n<meta property=\"og:locale\" content=\"en_US\" \/>\n<meta property=\"og:type\" content=\"article\" \/>\n<meta property=\"og:title\" content=\"Zaproszenie do sk\u0142adania ofert - \u0406\u043d\u0441\u0442\u0438\u0442\u0443\u0442 \u041f\u0440\u0430\u0432 \u041c\u0456\u0433\u0440\u0430\u043d\u0442\u0456\u0432\" \/>\n<meta property=\"og:description\" content=\"Naszyme celem jest kszta\u0142cenie spo\u0142ecze\u0144stwa r\u00f3wnych szans \u015bwiadomego swoich praw, poprzez prowadzenie dzia\u0142alno\u015bci konsultacyjnej i szkoleniowej.\" \/>\n<meta property=\"og:url\" content=\"https:\/\/instytutpm.eu\/zaproszenie-do-skladania-ofert\/\" \/>\n<meta property=\"og:site_name\" content=\"\u0406\u043d\u0441\u0442\u0438\u0442\u0443\u0442 \u041f\u0440\u0430\u0432 \u041c\u0456\u0433\u0440\u0430\u043d\u0442\u0456\u0432\" \/>\n<meta property=\"article:publisher\" content=\"https:\/\/www.facebook.com\/Instytutpm\" \/>\n<meta property=\"article:published_time\" content=\"2022-12-20T15:43:37+00:00\" \/>\n<meta property=\"article:modified_time\" content=\"2023-05-19T09:14:58+00:00\" \/>\n<meta property=\"og:image\" content=\"https:\/\/instytutpm.eu\/wp-content\/uploads\/2022\/12\/oferta-zgloszenie.jpeg\" \/>\n\t<meta property=\"og:image:width\" content=\"1280\" \/>\n\t<meta property=\"og:image:height\" content=\"720\" \/>\n\t<meta property=\"og:image:type\" content=\"image\/jpeg\" \/>\n<meta name=\"author\" content=\"Instytut Praw Migrant\u00f3w\" \/>\n<meta name=\"twitter:card\" content=\"summary_large_image\" \/>\n<meta name=\"twitter:creator\" content=\"@Instytutipm\" \/>\n<meta name=\"twitter:site\" content=\"@Instytutipm\" \/>\n<meta name=\"twitter:label1\" content=\"Written by\" \/>\n\t<meta name=\"twitter:data1\" content=\"Instytut Praw Migrant\u00f3w\" \/>\n\t<meta name=\"twitter:label2\" content=\"Est. reading time\" \/>\n\t<meta name=\"twitter:data2\" content=\"1 minute\" \/>\n<script type=\"application\/ld+json\" class=\"yoast-schema-graph\">{\"@context\":\"https:\\\/\\\/schema.org\",\"@graph\":[{\"@type\":\"Article\",\"@id\":\"https:\\\/\\\/instytutpm.eu\\\/zaproszenie-do-skladania-ofert\\\/#article\",\"isPartOf\":{\"@id\":\"https:\\\/\\\/instytutpm.eu\\\/zaproszenie-do-skladania-ofert\\\/\"},\"author\":{\"name\":\"Instytut Praw Migrant\u00f3w\",\"@id\":\"https:\\\/\\\/instytutpm.eu\\\/#\\\/schema\\\/person\\\/786e05d0f6f22e29b93c5ded632d8bd2\"},\"headline\":\"Zaproszenie do sk\u0142adania ofert\",\"datePublished\":\"2022-12-20T15:43:37+00:00\",\"dateModified\":\"2023-05-19T09:14:58+00:00\",\"mainEntityOfPage\":{\"@id\":\"https:\\\/\\\/instytutpm.eu\\\/zaproszenie-do-skladania-ofert\\\/\"},\"wordCount\":200,\"publisher\":{\"@id\":\"https:\\\/\\\/instytutpm.eu\\\/#organization\"},\"image\":{\"@id\":\"https:\\\/\\\/instytutpm.eu\\\/zaproszenie-do-skladania-ofert\\\/#primaryimage\"},\"thumbnailUrl\":\"https:\\\/\\\/instytutpm.eu\\\/wp-content\\\/uploads\\\/2022\\\/12\\\/oferta-zgloszenie.jpeg\",\"articleSection\":[\"IPM\"],\"inLanguage\":\"ua\"},{\"@type\":\"WebPage\",\"@id\":\"https:\\\/\\\/instytutpm.eu\\\/zaproszenie-do-skladania-ofert\\\/\",\"url\":\"https:\\\/\\\/instytutpm.eu\\\/zaproszenie-do-skladania-ofert\\\/\",\"name\":\"Zaproszenie do sk\u0142adania ofert - \u0406\u043d\u0441\u0442\u0438\u0442\u0443\u0442 \u041f\u0440\u0430\u0432 \u041c\u0456\u0433\u0440\u0430\u043d\u0442\u0456\u0432\",\"isPartOf\":{\"@id\":\"https:\\\/\\\/instytutpm.eu\\\/#website\"},\"primaryImageOfPage\":{\"@id\":\"https:\\\/\\\/instytutpm.eu\\\/zaproszenie-do-skladania-ofert\\\/#primaryimage\"},\"image\":{\"@id\":\"https:\\\/\\\/instytutpm.eu\\\/zaproszenie-do-skladania-ofert\\\/#primaryimage\"},\"thumbnailUrl\":\"https:\\\/\\\/instytutpm.eu\\\/wp-content\\\/uploads\\\/2022\\\/12\\\/oferta-zgloszenie.jpeg\",\"datePublished\":\"2022-12-20T15:43:37+00:00\",\"dateModified\":\"2023-05-19T09:14:58+00:00\",\"description\":\"Naszyme celem jest kszta\u0142cenie spo\u0142ecze\u0144stwa r\u00f3wnych szans \u015bwiadomego swoich praw, poprzez prowadzenie dzia\u0142alno\u015bci konsultacyjnej i szkoleniowej.\",\"breadcrumb\":{\"@id\":\"https:\\\/\\\/instytutpm.eu\\\/zaproszenie-do-skladania-ofert\\\/#breadcrumb\"},\"inLanguage\":\"ua\",\"potentialAction\":[{\"@type\":\"ReadAction\",\"target\":[\"https:\\\/\\\/instytutpm.eu\\\/zaproszenie-do-skladania-ofert\\\/\"]}]},{\"@type\":\"ImageObject\",\"inLanguage\":\"ua\",\"@id\":\"https:\\\/\\\/instytutpm.eu\\\/zaproszenie-do-skladania-ofert\\\/#primaryimage\",\"url\":\"https:\\\/\\\/instytutpm.eu\\\/wp-content\\\/uploads\\\/2022\\\/12\\\/oferta-zgloszenie.jpeg\",\"contentUrl\":\"https:\\\/\\\/instytutpm.eu\\\/wp-content\\\/uploads\\\/2022\\\/12\\\/oferta-zgloszenie.jpeg\",\"width\":1280,\"height\":720,\"caption\":\"Sk\u0142adanie ofert\"},{\"@type\":\"BreadcrumbList\",\"@id\":\"https:\\\/\\\/instytutpm.eu\\\/zaproszenie-do-skladania-ofert\\\/#breadcrumb\",\"itemListElement\":[{\"@type\":\"ListItem\",\"position\":1,\"name\":\"Home\",\"item\":\"https:\\\/\\\/instytutpm.eu\\\/uk\\\/\"},{\"@type\":\"ListItem\",\"position\":2,\"name\":\"Zaproszenie do sk\u0142adania ofert\"}]},{\"@type\":\"WebSite\",\"@id\":\"https:\\\/\\\/instytutpm.eu\\\/#website\",\"url\":\"https:\\\/\\\/instytutpm.eu\\\/\",\"name\":\"Instytut Praw Migrant\u00f3w\",\"description\":\"\u041d\u0430\u0434\u0430\u0454\u043c\u043e \u0431\u0435\u0437\u043a\u043e\u0448\u0442\u043e\u0432\u043d\u0443 \u0456\u043d\u0444\u043e\u0440\u043c\u0430\u0446\u0456\u0439\u043d\u0443 \u043f\u0456\u0434\u0442\u0440\u0438\u043c\u043a\u0443 \u0434\u043b\u044f \u043c\u0456\u0433\u0440\u0430\u043d\u0442\u0456\u0432\",\"publisher\":{\"@id\":\"https:\\\/\\\/instytutpm.eu\\\/#organization\"},\"alternateName\":\"IPM\",\"potentialAction\":[{\"@type\":\"SearchAction\",\"target\":{\"@type\":\"EntryPoint\",\"urlTemplate\":\"https:\\\/\\\/instytutpm.eu\\\/?s={search_term_string}\"},\"query-input\":{\"@type\":\"PropertyValueSpecification\",\"valueRequired\":true,\"valueName\":\"search_term_string\"}}],\"inLanguage\":\"ua\"},{\"@type\":\"Organization\",\"@id\":\"https:\\\/\\\/instytutpm.eu\\\/#organization\",\"name\":\"Instytut Praw Migrant\u00f3w\",\"alternateName\":\"IPM\",\"url\":\"https:\\\/\\\/instytutpm.eu\\\/\",\"logo\":{\"@type\":\"ImageObject\",\"inLanguage\":\"ua\",\"@id\":\"https:\\\/\\\/instytutpm.eu\\\/#\\\/schema\\\/logo\\\/image\\\/\",\"url\":\"https:\\\/\\\/instytutpm.eu\\\/wp-content\\\/uploads\\\/2023\\\/05\\\/ipm-logo.jpg\",\"contentUrl\":\"https:\\\/\\\/instytutpm.eu\\\/wp-content\\\/uploads\\\/2023\\\/05\\\/ipm-logo.jpg\",\"width\":238,\"height\":238,\"caption\":\"Instytut Praw Migrant\u00f3w\"},\"image\":{\"@id\":\"https:\\\/\\\/instytutpm.eu\\\/#\\\/schema\\\/logo\\\/image\\\/\"},\"sameAs\":[\"https:\\\/\\\/www.facebook.com\\\/Instytutpm\",\"https:\\\/\\\/x.com\\\/Instytutipm\"]},{\"@type\":\"Person\",\"@id\":\"https:\\\/\\\/instytutpm.eu\\\/#\\\/schema\\\/person\\\/786e05d0f6f22e29b93c5ded632d8bd2\",\"name\":\"Instytut Praw Migrant\u00f3w\",\"image\":{\"@type\":\"ImageObject\",\"inLanguage\":\"ua\",\"@id\":\"https:\\\/\\\/instytutpm.eu\\\/wp-content\\\/uploads\\\/2023\\\/05\\\/instytut-praw-migrantow_avatar-96x96.jpg\",\"url\":\"https:\\\/\\\/instytutpm.eu\\\/wp-content\\\/uploads\\\/2023\\\/05\\\/instytut-praw-migrantow_avatar-96x96.jpg\",\"contentUrl\":\"https:\\\/\\\/instytutpm.eu\\\/wp-content\\\/uploads\\\/2023\\\/05\\\/instytut-praw-migrantow_avatar-96x96.jpg\",\"caption\":\"Instytut Praw Migrant\u00f3w\"},\"description\":\"Naszym celem jest kszta\u0142cenie spo\u0142ecze\u0144stwa r\u00f3wnych szans \u015bwiadomego swoich praw, poprzez prowadzenie dzia\u0142alno\u015bci konsultacyjnej i szkoleniowej.\",\"url\":\"https:\\\/\\\/instytutpm.eu\\\/uk\\\/author\\\/bp-admin\\\/\"}]}<\/script>\n<!-- \/ Yoast SEO plugin. -->","yoast_head_json":{"title":"Zaproszenie do sk\u0142adania ofert - \u0406\u043d\u0441\u0442\u0438\u0442\u0443\u0442 \u041f\u0440\u0430\u0432 \u041c\u0456\u0433\u0440\u0430\u043d\u0442\u0456\u0432","description":"Naszyme celem jest kszta\u0142cenie spo\u0142ecze\u0144stwa r\u00f3wnych szans \u015bwiadomego swoich praw, poprzez prowadzenie dzia\u0142alno\u015bci konsultacyjnej i szkoleniowej.","robots":{"index":"index","follow":"follow","max-snippet":"max-snippet:-1","max-image-preview":"max-image-preview:large","max-video-preview":"max-video-preview:-1"},"canonical":"https:\/\/instytutpm.eu\/zaproszenie-do-skladania-ofert\/","og_locale":"en_US","og_type":"article","og_title":"Zaproszenie do sk\u0142adania ofert - \u0406\u043d\u0441\u0442\u0438\u0442\u0443\u0442 \u041f\u0440\u0430\u0432 \u041c\u0456\u0433\u0440\u0430\u043d\u0442\u0456\u0432","og_description":"Naszyme celem jest kszta\u0142cenie spo\u0142ecze\u0144stwa r\u00f3wnych szans \u015bwiadomego swoich praw, poprzez prowadzenie dzia\u0142alno\u015bci konsultacyjnej i szkoleniowej.","og_url":"https:\/\/instytutpm.eu\/zaproszenie-do-skladania-ofert\/","og_site_name":"\u0406\u043d\u0441\u0442\u0438\u0442\u0443\u0442 \u041f\u0440\u0430\u0432 \u041c\u0456\u0433\u0440\u0430\u043d\u0442\u0456\u0432","article_publisher":"https:\/\/www.facebook.com\/Instytutpm","article_published_time":"2022-12-20T15:43:37+00:00","article_modified_time":"2023-05-19T09:14:58+00:00","og_image":[{"width":1280,"height":720,"url":"https:\/\/instytutpm.eu\/wp-content\/uploads\/2022\/12\/oferta-zgloszenie.jpeg","type":"image\/jpeg"}],"author":"Instytut Praw Migrant\u00f3w","twitter_card":"summary_large_image","twitter_creator":"@Instytutipm","twitter_site":"@Instytutipm","twitter_misc":{"Written by":"Instytut Praw Migrant\u00f3w","Est. reading time":"1 minute"},"schema":{"@context":"https:\/\/schema.org","@graph":[{"@type":"Article","@id":"https:\/\/instytutpm.eu\/zaproszenie-do-skladania-ofert\/#article","isPartOf":{"@id":"https:\/\/instytutpm.eu\/zaproszenie-do-skladania-ofert\/"},"author":{"name":"Instytut Praw Migrant\u00f3w","@id":"https:\/\/instytutpm.eu\/#\/schema\/person\/786e05d0f6f22e29b93c5ded632d8bd2"},"headline":"Zaproszenie do sk\u0142adania ofert","datePublished":"2022-12-20T15:43:37+00:00","dateModified":"2023-05-19T09:14:58+00:00","mainEntityOfPage":{"@id":"https:\/\/instytutpm.eu\/zaproszenie-do-skladania-ofert\/"},"wordCount":200,"publisher":{"@id":"https:\/\/instytutpm.eu\/#organization"},"image":{"@id":"https:\/\/instytutpm.eu\/zaproszenie-do-skladania-ofert\/#primaryimage"},"thumbnailUrl":"https:\/\/instytutpm.eu\/wp-content\/uploads\/2022\/12\/oferta-zgloszenie.jpeg","articleSection":["IPM"],"inLanguage":"ua"},{"@type":"WebPage","@id":"https:\/\/instytutpm.eu\/zaproszenie-do-skladania-ofert\/","url":"https:\/\/instytutpm.eu\/zaproszenie-do-skladania-ofert\/","name":"Zaproszenie do sk\u0142adania ofert - \u0406\u043d\u0441\u0442\u0438\u0442\u0443\u0442 \u041f\u0440\u0430\u0432 \u041c\u0456\u0433\u0440\u0430\u043d\u0442\u0456\u0432","isPartOf":{"@id":"https:\/\/instytutpm.eu\/#website"},"primaryImageOfPage":{"@id":"https:\/\/instytutpm.eu\/zaproszenie-do-skladania-ofert\/#primaryimage"},"image":{"@id":"https:\/\/instytutpm.eu\/zaproszenie-do-skladania-ofert\/#primaryimage"},"thumbnailUrl":"https:\/\/instytutpm.eu\/wp-content\/uploads\/2022\/12\/oferta-zgloszenie.jpeg","datePublished":"2022-12-20T15:43:37+00:00","dateModified":"2023-05-19T09:14:58+00:00","description":"Naszyme celem jest kszta\u0142cenie spo\u0142ecze\u0144stwa r\u00f3wnych szans \u015bwiadomego swoich praw, poprzez prowadzenie dzia\u0142alno\u015bci konsultacyjnej i szkoleniowej.","breadcrumb":{"@id":"https:\/\/instytutpm.eu\/zaproszenie-do-skladania-ofert\/#breadcrumb"},"inLanguage":"ua","potentialAction":[{"@type":"ReadAction","target":["https:\/\/instytutpm.eu\/zaproszenie-do-skladania-ofert\/"]}]},{"@type":"ImageObject","inLanguage":"ua","@id":"https:\/\/instytutpm.eu\/zaproszenie-do-skladania-ofert\/#primaryimage","url":"https:\/\/instytutpm.eu\/wp-content\/uploads\/2022\/12\/oferta-zgloszenie.jpeg","contentUrl":"https:\/\/instytutpm.eu\/wp-content\/uploads\/2022\/12\/oferta-zgloszenie.jpeg","width":1280,"height":720,"caption":"Sk\u0142adanie ofert"},{"@type":"BreadcrumbList","@id":"https:\/\/instytutpm.eu\/zaproszenie-do-skladania-ofert\/#breadcrumb","itemListElement":[{"@type":"ListItem","position":1,"name":"Home","item":"https:\/\/instytutpm.eu\/uk\/"},{"@type":"ListItem","position":2,"name":"Zaproszenie do sk\u0142adania ofert"}]},{"@type":"WebSite","@id":"https:\/\/instytutpm.eu\/#website","url":"https:\/\/instytutpm.eu\/","name":"Instytut Praw Migrant\u00f3w","description":"\u041d\u0430\u0434\u0430\u0454\u043c\u043e \u0431\u0435\u0437\u043a\u043e\u0448\u0442\u043e\u0432\u043d\u0443 \u0456\u043d\u0444\u043e\u0440\u043c\u0430\u0446\u0456\u0439\u043d\u0443 \u043f\u0456\u0434\u0442\u0440\u0438\u043c\u043a\u0443 \u0434\u043b\u044f \u043c\u0456\u0433\u0440\u0430\u043d\u0442\u0456\u0432","publisher":{"@id":"https:\/\/instytutpm.eu\/#organization"},"alternateName":"IPM","potentialAction":[{"@type":"SearchAction","target":{"@type":"EntryPoint","urlTemplate":"https:\/\/instytutpm.eu\/?s={search_term_string}"},"query-input":{"@type":"PropertyValueSpecification","valueRequired":true,"valueName":"search_term_string"}}],"inLanguage":"ua"},{"@type":"Organization","@id":"https:\/\/instytutpm.eu\/#organization","name":"Instytut Praw Migrant\u00f3w","alternateName":"IPM","url":"https:\/\/instytutpm.eu\/","logo":{"@type":"ImageObject","inLanguage":"ua","@id":"https:\/\/instytutpm.eu\/#\/schema\/logo\/image\/","url":"https:\/\/instytutpm.eu\/wp-content\/uploads\/2023\/05\/ipm-logo.jpg","contentUrl":"https:\/\/instytutpm.eu\/wp-content\/uploads\/2023\/05\/ipm-logo.jpg","width":238,"height":238,"caption":"Instytut Praw Migrant\u00f3w"},"image":{"@id":"https:\/\/instytutpm.eu\/#\/schema\/logo\/image\/"},"sameAs":["https:\/\/www.facebook.com\/Instytutpm","https:\/\/x.com\/Instytutipm"]},{"@type":"Person","@id":"https:\/\/instytutpm.eu\/#\/schema\/person\/786e05d0f6f22e29b93c5ded632d8bd2","name":"Instytut Praw Migrant\u00f3w","image":{"@type":"ImageObject","inLanguage":"ua","@id":"https:\/\/instytutpm.eu\/wp-content\/uploads\/2023\/05\/instytut-praw-migrantow_avatar-96x96.jpg","url":"https:\/\/instytutpm.eu\/wp-content\/uploads\/2023\/05\/instytut-praw-migrantow_avatar-96x96.jpg","contentUrl":"https:\/\/instytutpm.eu\/wp-content\/uploads\/2023\/05\/instytut-praw-migrantow_avatar-96x96.jpg","caption":"Instytut Praw Migrant\u00f3w"},"description":"Naszym celem jest kszta\u0142cenie spo\u0142ecze\u0144stwa r\u00f3wnych szans \u015bwiadomego swoich praw, poprzez prowadzenie dzia\u0142alno\u015bci konsultacyjnej i szkoleniowej.","url":"https:\/\/instytutpm.eu\/uk\/author\/bp-admin\/"}]}},"author_meta":{"display_name":"Instytut Praw Migrant\u00f3w","author_link":"https:\/\/instytutpm.eu\/uk\/author\/bp-admin\/"},"featured_img":"https:\/\/instytutpm.eu\/wp-content\/uploads\/2022\/12\/oferta-zgloszenie-600x338.jpeg","coauthors":[],"tax_additional":{"categories":{"linked":["<a href=\"https:\/\/instytutpm.eu\/uk\/category\/instytut-praw-migrantow\/\" class=\"advgb-post-tax-term\">IPM<\/a>"],"unlinked":["<span class=\"advgb-post-tax-term\">IPM<\/span>"]}},"comment_count":"0","relative_dates":{"created":"Posted 3 years ago","modified":"Updated 3 years ago"},"absolute_dates":{"created":"Posted on 2022-12-20","modified":"Updated on 2023-05-19"},"absolute_dates_time":{"created":"Posted on 2022-12-20 16:43","modified":"Updated on 2023-05-19 11:14"},"featured_img_caption":"","series_order":"","_links":{"self":[{"href":"https:\/\/instytutpm.eu\/uk\/wp-json\/wp\/v2\/posts\/1202","targetHints":{"allow":["GET"]}}],"collection":[{"href":"https:\/\/instytutpm.eu\/uk\/wp-json\/wp\/v2\/posts"}],"about":[{"href":"https:\/\/instytutpm.eu\/uk\/wp-json\/wp\/v2\/types\/post"}],"author":[{"embeddable":true,"href":"https:\/\/instytutpm.eu\/uk\/wp-json\/wp\/v2\/users\/2"}],"replies":[{"embeddable":true,"href":"https:\/\/instytutpm.eu\/uk\/wp-json\/wp\/v2\/comments?post=1202"}],"version-history":[{"count":3,"href":"https:\/\/instytutpm.eu\/uk\/wp-json\/wp\/v2\/posts\/1202\/revisions"}],"predecessor-version":[{"id":1727,"href":"https:\/\/instytutpm.eu\/uk\/wp-json\/wp\/v2\/posts\/1202\/revisions\/1727"}],"wp:featuredmedia":[{"embeddable":true,"href":"https:\/\/instytutpm.eu\/uk\/wp-json\/wp\/v2\/media\/1720"}],"wp:attachment":[{"href":"https:\/\/instytutpm.eu\/uk\/wp-json\/wp\/v2\/media?parent=1202"}],"wp:term":[{"taxonomy":"category","embeddable":true,"href":"https:\/\/instytutpm.eu\/uk\/wp-json\/wp\/v2\/categories?post=1202"},{"taxonomy":"post_tag","embeddable":true,"href":"https:\/\/instytutpm.eu\/uk\/wp-json\/wp\/v2\/tags?post=1202"}],"curies":[{"name":"wp","href":"https:\/\/api.w.org\/{rel}","templated":true}]}}