{"id":240,"date":"2020-12-08T12:02:00","date_gmt":"2020-12-08T11:02:00","guid":{"rendered":"https:\/\/instytutpm.eu\/?p=240"},"modified":"2023-05-19T12:05:24","modified_gmt":"2023-05-19T10:05:24","slug":"jak-dzialac-systemowo-czy-jednostkowo","status":"publish","type":"post","link":"https:\/\/instytutpm.eu\/en\/jak-dzialac-systemowo-czy-jednostkowo\/","title":{"rendered":"Jak dzia\u0142a\u0107? Systemowo czy jednostkowo?"},"content":{"rendered":"\n<p>Our Institute works for the most deprived for free. We operate thanks to the projects of the Polish state and the European Union, thanks to donors. How many people can we help? We can see after our projects, which we have done so far, that there are thousands of unique people, so there are thousands of advice, thousands of resolved problems. We want to change the system in general. It must not be the case that, thanks to our intervention, only one person will receive his\/her residence permit more quickly after passing through all steps of the administrative procedure. We want to amend the Law on Foreigners, we want the proceedings to be solved more quickly, more efficiently, better contact with foreigners and to make the instructions in the language understood for foreigners.<\/p>\n\n\n\n<figure class=\"wp-block-image size-full\"><img loading=\"lazy\" decoding=\"async\" width=\"1280\" height=\"853\" src=\"https:\/\/instytutpm.eu\/wp-content\/uploads\/2020\/12\/ipm-zespol-large.jpg\" alt=\"IPM Zesp\u00f3\u0142\" class=\"wp-image-1781\"\/><\/figure>\n\n\n\n<h2 class=\"wp-block-heading advgb-dyn-2082fe3a\"><strong>Tysi\u0105ce udzielonych porad, tysi\u0105ce rozwi\u0105zanych problem\u00f3w&#8230;<\/strong><\/h2>\n\n\n\n<p>Nasze si\u0142y s\u0105 ograniczone. Z jednej strony jest to zrozumia\u0142e i nie mo\u017cna si\u0119 temu dziwi\u0107,&nbsp; mamy ograniczon\u0105 liczb\u0119 pracownik\u00f3w czy te\u017c podmiot\u00f3w zewn\u0119trznych wsp\u00f3\u0142pracuj\u0105cych z nami, a przez to ograniczone mo\u017cliwo\u015bci dzia\u0142ania. Dlatego kiedy przychodz\u0105 pa\u0144stwo do nas po konsultacje, czy po porad\u0119, nasi specjali\u015bci zawsze rzetelnie i jak najlepiej tylko, b\u0119d\u0105 w stanie pom\u00f3c ka\u017cdej osobie. Pytanie jednak nasuwa si\u0119 inne, ilu osobom jeste\u015bmy w stanie pom\u00f3c? Widzimy po naszych projektach, kt\u00f3re do tej pory robili\u015bmy, \u017ce s\u0105 to tysi\u0105ce niepowtarzalnych os\u00f3b. Jeste\u015bmy z tego dumni, ale cudzoziemc\u00f3w w samym Wroc\u0142awiu jest oko\u0142o stu tysi\u0119cy. W takim razie je\u017celi zsumowaliby\u015bmy wszystkie nasze dzia\u0142ania, to by\u0107 mo\u017ce pomogli\u015bmy dziesi\u0119ciu procentom cudzoziemc\u00f3w zamieszkuj\u0105cych Wroc\u0142aw. Jest to ogromna liczba, ale co z reszt\u0105?&nbsp; Zwyk\u0142a firma nastawiona na zysk, jaki\u015b po\u015brednik legalizacji pobytu, by\u0142by pewnie zadowolony, \u017ce na rynku jeszcze pozosta\u0142o tyle przestrzeni. Tyle os\u00f3b, kt\u00f3rym mo\u017cna zaoferowa\u0107 swoje p\u0142atne us\u0142ugi. Nasz Instytut dzia\u0142a inaczej, my dzia\u0142amy na rzecz najbardziej potrzebuj\u0105cych za darmo. Dzia\u0142amy dzi\u0119ki projektom pa\u0144stwa polskiego i Unii Europejskiej, dzia\u0142amy Dzi\u0119ki darczy\u0144com. Dzi\u0119ki ka\u017cdemu, kto odm\u00f3wi sobie raz w miesi\u0105cu jednej kaw\u0119 i wp\u0142aci to na nasze konto w serwisie Patronite.&nbsp;&nbsp;<\/p>\n\n\n\n<h2 class=\"wp-block-heading advgb-dyn-7795f378\"><strong>Co zatem jest naszym celem?<\/strong><\/h2>\n\n\n\n<p>Chcemy zmieni\u0107 system generalnie. Nie mo\u017ce by\u0107 tak, \u017ce dzi\u0119ki naszej interwencji po przej\u015bciu przez wszystkie pi\u0119tra procedury administracyjnej, tylko jedna osoba otrzyma szybciej swoje zezwolenie pobytowe. Chcemy zmieni\u0107 ustaw\u0119 o cudzoziemcach, chcemy, aby post\u0119powania toczy\u0142y si\u0119 szybciej, sprawniej, w lepszym kontakcie z cudzoziemcami i aby pouczenia by\u0142y w j\u0119zyku zrozumia\u0142ym dla cudzoziemca. Budynek Urz\u0119du Wojew\u00f3dzkiego nie by\u0142 d\u0142u\u017cej niezdobyt\u0105 twierdz\u0105, tylko miejscem, w kt\u00f3rym cudzoziemiec otrzyma pomoc porad\u0119 i miejscem, na kt\u00f3re mo\u017ce liczy\u0107, jako na urz\u0105d zajmuj\u0105cy si\u0119 realizacj\u0105 polityki migracyjnej pa\u0144stwa.&nbsp;&nbsp;<\/p>\n\n\n\n<h3 class=\"wp-block-heading advgb-dyn-6ca2c0e7\">OBIECUJEMY, \u017bE NIE B\u0118DZIEMY W TYM WSZYSTKIM PATRZE\u0106 JEDNOSTRONNIE, CHCEMY I\u015a\u0106 DROG\u0104 \u015aRODKA, DROG\u0104 DEMOKRATYCZNEGO PA\u0143STWA PRAWNEGO, DROG\u0104 ROZWOJU POLSKI, POLSKIGO GOSPODARSTWA, BUDOWY SPO\u0141ECZE\u0143STWA OBYWATELSKIEGO I POSZANOWANIA PRAW PODSTAWOWYCH.<\/h3>\n\n\n\n<p>Nasz Instytut b\u0119dzie z jednej strony nadal wspiera\u0142 dzia\u0142ania indywidualne, ale nasze g\u0142\u00f3wne dzia\u0142ania b\u0119d\u0105 du\u017co d\u0105\u017cy\u0142y do zmian systemowych, do systemowego polepszenia sytuacji pobytowej cudzoziemc\u00f3w na terenie Rzeczypospolitej Polskiej. To s\u0105 drogowskazy naszego Instytutu i nawet je\u017celi b\u0119dzie to nie na r\u0119k\u0119 takiej czy innej grupie interes\u00f3w, to nasz Instytut b\u0119dzie robi\u0142 swoje bez ogl\u0105dania si\u0119 na innych.<\/p>\n","protected":false},"excerpt":{"rendered":"<p>Our Institute works for the most deprived for free. We operate thanks to the projects of the Polish state and the European Union, thanks to donors. How many people can we help? We can see after our projects, which we have done so far, that there are thousands of unique people, so there are thousands&#8230;<\/p>\n","protected":false},"author":2,"featured_media":1781,"comment_status":"closed","ping_status":"closed","sticky":false,"template":"","format":"standard","meta":{"inline_featured_image":false,"advgb_blocks_editor_width":"","advgb_blocks_columns_visual_guide":"","footnotes":""},"categories":[1],"tags":[],"class_list":["post-240","post","type-post","status-publish","format-standard","has-post-thumbnail","hentry","category-instytut-praw-migrantow"],"yoast_head":"<!-- This site is optimized with the Yoast SEO plugin v27.5 - https:\/\/yoast.com\/product\/yoast-seo-wordpress\/ -->\n<title>Jak dzia\u0142a\u0107? Systemowo czy jednostkowo? - Institute Of Migrant Rights<\/title>\n<meta name=\"description\" content=\"Naszyme celem jest kszta\u0142cenie spo\u0142ecze\u0144stwa r\u00f3wnych szans \u015bwiadomego swoich praw, poprzez prowadzenie dzia\u0142alno\u015bci konsultacyjnej i szkoleniowej.\" \/>\n<meta name=\"robots\" content=\"index, follow, max-snippet:-1, max-image-preview:large, max-video-preview:-1\" \/>\n<link rel=\"canonical\" href=\"https:\/\/instytutpm.eu\/jak-dzialac-systemowo-czy-jednostkowo\/\" \/>\n<meta property=\"og:locale\" content=\"en_US\" \/>\n<meta property=\"og:type\" content=\"article\" \/>\n<meta property=\"og:title\" content=\"Jak dzia\u0142a\u0107? Systemowo czy jednostkowo? - Institute Of Migrant Rights\" \/>\n<meta property=\"og:description\" content=\"Naszyme celem jest kszta\u0142cenie spo\u0142ecze\u0144stwa r\u00f3wnych szans \u015bwiadomego swoich praw, poprzez prowadzenie dzia\u0142alno\u015bci konsultacyjnej i szkoleniowej.\" \/>\n<meta property=\"og:url\" content=\"https:\/\/instytutpm.eu\/jak-dzialac-systemowo-czy-jednostkowo\/\" \/>\n<meta property=\"og:site_name\" content=\"Institute Of Migrant Rights\" \/>\n<meta property=\"article:publisher\" content=\"https:\/\/www.facebook.com\/Instytutpm\" \/>\n<meta property=\"article:published_time\" content=\"2020-12-08T11:02:00+00:00\" \/>\n<meta property=\"article:modified_time\" content=\"2023-05-19T10:05:24+00:00\" \/>\n<meta property=\"og:image\" content=\"https:\/\/instytutpm.eu\/wp-content\/uploads\/2020\/12\/ipm-zespol-large.jpg\" \/>\n\t<meta property=\"og:image:width\" content=\"1280\" \/>\n\t<meta property=\"og:image:height\" content=\"853\" \/>\n\t<meta property=\"og:image:type\" content=\"image\/jpeg\" \/>\n<meta name=\"author\" content=\"Instytut Praw Migrant\u00f3w\" \/>\n<meta name=\"twitter:card\" content=\"summary_large_image\" \/>\n<meta name=\"twitter:creator\" content=\"@Instytutipm\" \/>\n<meta name=\"twitter:site\" content=\"@Instytutipm\" \/>\n<meta name=\"twitter:label1\" content=\"Written by\" \/>\n\t<meta name=\"twitter:data1\" content=\"Instytut Praw Migrant\u00f3w\" \/>\n\t<meta name=\"twitter:label2\" content=\"Est. reading time\" \/>\n\t<meta name=\"twitter:data2\" content=\"3 minutes\" \/>\n<script type=\"application\/ld+json\" class=\"yoast-schema-graph\">{\"@context\":\"https:\\\/\\\/schema.org\",\"@graph\":[{\"@type\":\"Article\",\"@id\":\"https:\\\/\\\/instytutpm.eu\\\/jak-dzialac-systemowo-czy-jednostkowo\\\/#article\",\"isPartOf\":{\"@id\":\"https:\\\/\\\/instytutpm.eu\\\/jak-dzialac-systemowo-czy-jednostkowo\\\/\"},\"author\":{\"name\":\"Instytut Praw Migrant\u00f3w\",\"@id\":\"https:\\\/\\\/instytutpm.eu\\\/#\\\/schema\\\/person\\\/786e05d0f6f22e29b93c5ded632d8bd2\"},\"headline\":\"Jak dzia\u0142a\u0107? Systemowo czy jednostkowo?\",\"datePublished\":\"2020-12-08T11:02:00+00:00\",\"dateModified\":\"2023-05-19T10:05:24+00:00\",\"mainEntityOfPage\":{\"@id\":\"https:\\\/\\\/instytutpm.eu\\\/jak-dzialac-systemowo-czy-jednostkowo\\\/\"},\"wordCount\":621,\"publisher\":{\"@id\":\"https:\\\/\\\/instytutpm.eu\\\/#organization\"},\"image\":{\"@id\":\"https:\\\/\\\/instytutpm.eu\\\/jak-dzialac-systemowo-czy-jednostkowo\\\/#primaryimage\"},\"thumbnailUrl\":\"https:\\\/\\\/instytutpm.eu\\\/wp-content\\\/uploads\\\/2020\\\/12\\\/ipm-zespol-large.jpg\",\"articleSection\":[\"IPM\"],\"inLanguage\":\"en-US\"},{\"@type\":\"WebPage\",\"@id\":\"https:\\\/\\\/instytutpm.eu\\\/jak-dzialac-systemowo-czy-jednostkowo\\\/\",\"url\":\"https:\\\/\\\/instytutpm.eu\\\/jak-dzialac-systemowo-czy-jednostkowo\\\/\",\"name\":\"Jak dzia\u0142a\u0107? Systemowo czy jednostkowo? - Institute Of Migrant Rights\",\"isPartOf\":{\"@id\":\"https:\\\/\\\/instytutpm.eu\\\/#website\"},\"primaryImageOfPage\":{\"@id\":\"https:\\\/\\\/instytutpm.eu\\\/jak-dzialac-systemowo-czy-jednostkowo\\\/#primaryimage\"},\"image\":{\"@id\":\"https:\\\/\\\/instytutpm.eu\\\/jak-dzialac-systemowo-czy-jednostkowo\\\/#primaryimage\"},\"thumbnailUrl\":\"https:\\\/\\\/instytutpm.eu\\\/wp-content\\\/uploads\\\/2020\\\/12\\\/ipm-zespol-large.jpg\",\"datePublished\":\"2020-12-08T11:02:00+00:00\",\"dateModified\":\"2023-05-19T10:05:24+00:00\",\"description\":\"Naszyme celem jest kszta\u0142cenie spo\u0142ecze\u0144stwa r\u00f3wnych szans \u015bwiadomego swoich praw, poprzez prowadzenie dzia\u0142alno\u015bci konsultacyjnej i szkoleniowej.\",\"breadcrumb\":{\"@id\":\"https:\\\/\\\/instytutpm.eu\\\/jak-dzialac-systemowo-czy-jednostkowo\\\/#breadcrumb\"},\"inLanguage\":\"en-US\",\"potentialAction\":[{\"@type\":\"ReadAction\",\"target\":[\"https:\\\/\\\/instytutpm.eu\\\/jak-dzialac-systemowo-czy-jednostkowo\\\/\"]}]},{\"@type\":\"ImageObject\",\"inLanguage\":\"en-US\",\"@id\":\"https:\\\/\\\/instytutpm.eu\\\/jak-dzialac-systemowo-czy-jednostkowo\\\/#primaryimage\",\"url\":\"https:\\\/\\\/instytutpm.eu\\\/wp-content\\\/uploads\\\/2020\\\/12\\\/ipm-zespol-large.jpg\",\"contentUrl\":\"https:\\\/\\\/instytutpm.eu\\\/wp-content\\\/uploads\\\/2020\\\/12\\\/ipm-zespol-large.jpg\",\"width\":1280,\"height\":853},{\"@type\":\"BreadcrumbList\",\"@id\":\"https:\\\/\\\/instytutpm.eu\\\/jak-dzialac-systemowo-czy-jednostkowo\\\/#breadcrumb\",\"itemListElement\":[{\"@type\":\"ListItem\",\"position\":1,\"name\":\"Home\",\"item\":\"https:\\\/\\\/instytutpm.eu\\\/en\\\/\"},{\"@type\":\"ListItem\",\"position\":2,\"name\":\"Jak dzia\u0142a\u0107? Systemowo czy jednostkowo?\"}]},{\"@type\":\"WebSite\",\"@id\":\"https:\\\/\\\/instytutpm.eu\\\/#website\",\"url\":\"https:\\\/\\\/instytutpm.eu\\\/\",\"name\":\"Instytut Praw Migrant\u00f3w\",\"description\":\"Free information support for migrants living in Poland\",\"publisher\":{\"@id\":\"https:\\\/\\\/instytutpm.eu\\\/#organization\"},\"alternateName\":\"IPM\",\"potentialAction\":[{\"@type\":\"SearchAction\",\"target\":{\"@type\":\"EntryPoint\",\"urlTemplate\":\"https:\\\/\\\/instytutpm.eu\\\/?s={search_term_string}\"},\"query-input\":{\"@type\":\"PropertyValueSpecification\",\"valueRequired\":true,\"valueName\":\"search_term_string\"}}],\"inLanguage\":\"en-US\"},{\"@type\":\"Organization\",\"@id\":\"https:\\\/\\\/instytutpm.eu\\\/#organization\",\"name\":\"Instytut Praw Migrant\u00f3w\",\"alternateName\":\"IPM\",\"url\":\"https:\\\/\\\/instytutpm.eu\\\/\",\"logo\":{\"@type\":\"ImageObject\",\"inLanguage\":\"en-US\",\"@id\":\"https:\\\/\\\/instytutpm.eu\\\/#\\\/schema\\\/logo\\\/image\\\/\",\"url\":\"https:\\\/\\\/instytutpm.eu\\\/wp-content\\\/uploads\\\/2023\\\/05\\\/ipm-logo.jpg\",\"contentUrl\":\"https:\\\/\\\/instytutpm.eu\\\/wp-content\\\/uploads\\\/2023\\\/05\\\/ipm-logo.jpg\",\"width\":238,\"height\":238,\"caption\":\"Instytut Praw Migrant\u00f3w\"},\"image\":{\"@id\":\"https:\\\/\\\/instytutpm.eu\\\/#\\\/schema\\\/logo\\\/image\\\/\"},\"sameAs\":[\"https:\\\/\\\/www.facebook.com\\\/Instytutpm\",\"https:\\\/\\\/x.com\\\/Instytutipm\"]},{\"@type\":\"Person\",\"@id\":\"https:\\\/\\\/instytutpm.eu\\\/#\\\/schema\\\/person\\\/786e05d0f6f22e29b93c5ded632d8bd2\",\"name\":\"Instytut Praw Migrant\u00f3w\",\"image\":{\"@type\":\"ImageObject\",\"inLanguage\":\"en-US\",\"@id\":\"https:\\\/\\\/instytutpm.eu\\\/wp-content\\\/uploads\\\/2023\\\/05\\\/instytut-praw-migrantow_avatar-96x96.jpg\",\"url\":\"https:\\\/\\\/instytutpm.eu\\\/wp-content\\\/uploads\\\/2023\\\/05\\\/instytut-praw-migrantow_avatar-96x96.jpg\",\"contentUrl\":\"https:\\\/\\\/instytutpm.eu\\\/wp-content\\\/uploads\\\/2023\\\/05\\\/instytut-praw-migrantow_avatar-96x96.jpg\",\"caption\":\"Instytut Praw Migrant\u00f3w\"},\"description\":\"Naszym celem jest kszta\u0142cenie spo\u0142ecze\u0144stwa r\u00f3wnych szans \u015bwiadomego swoich praw, poprzez prowadzenie dzia\u0142alno\u015bci konsultacyjnej i szkoleniowej.\",\"url\":\"https:\\\/\\\/instytutpm.eu\\\/en\\\/author\\\/bp-admin\\\/\"}]}<\/script>\n<!-- \/ Yoast SEO plugin. -->","yoast_head_json":{"title":"Jak dzia\u0142a\u0107? Systemowo czy jednostkowo? - Institute Of Migrant Rights","description":"Naszyme celem jest kszta\u0142cenie spo\u0142ecze\u0144stwa r\u00f3wnych szans \u015bwiadomego swoich praw, poprzez prowadzenie dzia\u0142alno\u015bci konsultacyjnej i szkoleniowej.","robots":{"index":"index","follow":"follow","max-snippet":"max-snippet:-1","max-image-preview":"max-image-preview:large","max-video-preview":"max-video-preview:-1"},"canonical":"https:\/\/instytutpm.eu\/jak-dzialac-systemowo-czy-jednostkowo\/","og_locale":"en_US","og_type":"article","og_title":"Jak dzia\u0142a\u0107? Systemowo czy jednostkowo? - Institute Of Migrant Rights","og_description":"Naszyme celem jest kszta\u0142cenie spo\u0142ecze\u0144stwa r\u00f3wnych szans \u015bwiadomego swoich praw, poprzez prowadzenie dzia\u0142alno\u015bci konsultacyjnej i szkoleniowej.","og_url":"https:\/\/instytutpm.eu\/jak-dzialac-systemowo-czy-jednostkowo\/","og_site_name":"Institute Of Migrant Rights","article_publisher":"https:\/\/www.facebook.com\/Instytutpm","article_published_time":"2020-12-08T11:02:00+00:00","article_modified_time":"2023-05-19T10:05:24+00:00","og_image":[{"width":1280,"height":853,"url":"https:\/\/instytutpm.eu\/wp-content\/uploads\/2020\/12\/ipm-zespol-large.jpg","type":"image\/jpeg"}],"author":"Instytut Praw Migrant\u00f3w","twitter_card":"summary_large_image","twitter_creator":"@Instytutipm","twitter_site":"@Instytutipm","twitter_misc":{"Written by":"Instytut Praw Migrant\u00f3w","Est. reading time":"3 minutes"},"schema":{"@context":"https:\/\/schema.org","@graph":[{"@type":"Article","@id":"https:\/\/instytutpm.eu\/jak-dzialac-systemowo-czy-jednostkowo\/#article","isPartOf":{"@id":"https:\/\/instytutpm.eu\/jak-dzialac-systemowo-czy-jednostkowo\/"},"author":{"name":"Instytut Praw Migrant\u00f3w","@id":"https:\/\/instytutpm.eu\/#\/schema\/person\/786e05d0f6f22e29b93c5ded632d8bd2"},"headline":"Jak dzia\u0142a\u0107? Systemowo czy jednostkowo?","datePublished":"2020-12-08T11:02:00+00:00","dateModified":"2023-05-19T10:05:24+00:00","mainEntityOfPage":{"@id":"https:\/\/instytutpm.eu\/jak-dzialac-systemowo-czy-jednostkowo\/"},"wordCount":621,"publisher":{"@id":"https:\/\/instytutpm.eu\/#organization"},"image":{"@id":"https:\/\/instytutpm.eu\/jak-dzialac-systemowo-czy-jednostkowo\/#primaryimage"},"thumbnailUrl":"https:\/\/instytutpm.eu\/wp-content\/uploads\/2020\/12\/ipm-zespol-large.jpg","articleSection":["IPM"],"inLanguage":"en-US"},{"@type":"WebPage","@id":"https:\/\/instytutpm.eu\/jak-dzialac-systemowo-czy-jednostkowo\/","url":"https:\/\/instytutpm.eu\/jak-dzialac-systemowo-czy-jednostkowo\/","name":"Jak dzia\u0142a\u0107? Systemowo czy jednostkowo? - Institute Of Migrant Rights","isPartOf":{"@id":"https:\/\/instytutpm.eu\/#website"},"primaryImageOfPage":{"@id":"https:\/\/instytutpm.eu\/jak-dzialac-systemowo-czy-jednostkowo\/#primaryimage"},"image":{"@id":"https:\/\/instytutpm.eu\/jak-dzialac-systemowo-czy-jednostkowo\/#primaryimage"},"thumbnailUrl":"https:\/\/instytutpm.eu\/wp-content\/uploads\/2020\/12\/ipm-zespol-large.jpg","datePublished":"2020-12-08T11:02:00+00:00","dateModified":"2023-05-19T10:05:24+00:00","description":"Naszyme celem jest kszta\u0142cenie spo\u0142ecze\u0144stwa r\u00f3wnych szans \u015bwiadomego swoich praw, poprzez prowadzenie dzia\u0142alno\u015bci konsultacyjnej i szkoleniowej.","breadcrumb":{"@id":"https:\/\/instytutpm.eu\/jak-dzialac-systemowo-czy-jednostkowo\/#breadcrumb"},"inLanguage":"en-US","potentialAction":[{"@type":"ReadAction","target":["https:\/\/instytutpm.eu\/jak-dzialac-systemowo-czy-jednostkowo\/"]}]},{"@type":"ImageObject","inLanguage":"en-US","@id":"https:\/\/instytutpm.eu\/jak-dzialac-systemowo-czy-jednostkowo\/#primaryimage","url":"https:\/\/instytutpm.eu\/wp-content\/uploads\/2020\/12\/ipm-zespol-large.jpg","contentUrl":"https:\/\/instytutpm.eu\/wp-content\/uploads\/2020\/12\/ipm-zespol-large.jpg","width":1280,"height":853},{"@type":"BreadcrumbList","@id":"https:\/\/instytutpm.eu\/jak-dzialac-systemowo-czy-jednostkowo\/#breadcrumb","itemListElement":[{"@type":"ListItem","position":1,"name":"Home","item":"https:\/\/instytutpm.eu\/en\/"},{"@type":"ListItem","position":2,"name":"Jak dzia\u0142a\u0107? Systemowo czy jednostkowo?"}]},{"@type":"WebSite","@id":"https:\/\/instytutpm.eu\/#website","url":"https:\/\/instytutpm.eu\/","name":"Instytut Praw Migrant\u00f3w","description":"Free information support for migrants living in Poland","publisher":{"@id":"https:\/\/instytutpm.eu\/#organization"},"alternateName":"IPM","potentialAction":[{"@type":"SearchAction","target":{"@type":"EntryPoint","urlTemplate":"https:\/\/instytutpm.eu\/?s={search_term_string}"},"query-input":{"@type":"PropertyValueSpecification","valueRequired":true,"valueName":"search_term_string"}}],"inLanguage":"en-US"},{"@type":"Organization","@id":"https:\/\/instytutpm.eu\/#organization","name":"Instytut Praw Migrant\u00f3w","alternateName":"IPM","url":"https:\/\/instytutpm.eu\/","logo":{"@type":"ImageObject","inLanguage":"en-US","@id":"https:\/\/instytutpm.eu\/#\/schema\/logo\/image\/","url":"https:\/\/instytutpm.eu\/wp-content\/uploads\/2023\/05\/ipm-logo.jpg","contentUrl":"https:\/\/instytutpm.eu\/wp-content\/uploads\/2023\/05\/ipm-logo.jpg","width":238,"height":238,"caption":"Instytut Praw Migrant\u00f3w"},"image":{"@id":"https:\/\/instytutpm.eu\/#\/schema\/logo\/image\/"},"sameAs":["https:\/\/www.facebook.com\/Instytutpm","https:\/\/x.com\/Instytutipm"]},{"@type":"Person","@id":"https:\/\/instytutpm.eu\/#\/schema\/person\/786e05d0f6f22e29b93c5ded632d8bd2","name":"Instytut Praw Migrant\u00f3w","image":{"@type":"ImageObject","inLanguage":"en-US","@id":"https:\/\/instytutpm.eu\/wp-content\/uploads\/2023\/05\/instytut-praw-migrantow_avatar-96x96.jpg","url":"https:\/\/instytutpm.eu\/wp-content\/uploads\/2023\/05\/instytut-praw-migrantow_avatar-96x96.jpg","contentUrl":"https:\/\/instytutpm.eu\/wp-content\/uploads\/2023\/05\/instytut-praw-migrantow_avatar-96x96.jpg","caption":"Instytut Praw Migrant\u00f3w"},"description":"Naszym celem jest kszta\u0142cenie spo\u0142ecze\u0144stwa r\u00f3wnych szans \u015bwiadomego swoich praw, poprzez prowadzenie dzia\u0142alno\u015bci konsultacyjnej i szkoleniowej.","url":"https:\/\/instytutpm.eu\/en\/author\/bp-admin\/"}]}},"author_meta":{"display_name":"Instytut Praw Migrant\u00f3w","author_link":"https:\/\/instytutpm.eu\/en\/author\/bp-admin\/"},"featured_img":"https:\/\/instytutpm.eu\/wp-content\/uploads\/2020\/12\/ipm-zespol-large-600x400.jpg","coauthors":[],"tax_additional":{"categories":{"linked":["<a href=\"https:\/\/instytutpm.eu\/en\/category\/instytut-praw-migrantow\/\" class=\"advgb-post-tax-term\">IPM<\/a>"],"unlinked":["<span class=\"advgb-post-tax-term\">IPM<\/span>"]}},"comment_count":"0","relative_dates":{"created":"Posted 5 years ago","modified":"Updated 3 years ago"},"absolute_dates":{"created":"Posted on 2020-12-08","modified":"Updated on 2023-05-19"},"absolute_dates_time":{"created":"Posted on 2020-12-08 12:02","modified":"Updated on 2023-05-19 12:05"},"featured_img_caption":"","series_order":"","_links":{"self":[{"href":"https:\/\/instytutpm.eu\/en\/wp-json\/wp\/v2\/posts\/240","targetHints":{"allow":["GET"]}}],"collection":[{"href":"https:\/\/instytutpm.eu\/en\/wp-json\/wp\/v2\/posts"}],"about":[{"href":"https:\/\/instytutpm.eu\/en\/wp-json\/wp\/v2\/types\/post"}],"author":[{"embeddable":true,"href":"https:\/\/instytutpm.eu\/en\/wp-json\/wp\/v2\/users\/2"}],"replies":[{"embeddable":true,"href":"https:\/\/instytutpm.eu\/en\/wp-json\/wp\/v2\/comments?post=240"}],"version-history":[{"count":3,"href":"https:\/\/instytutpm.eu\/en\/wp-json\/wp\/v2\/posts\/240\/revisions"}],"predecessor-version":[{"id":1786,"href":"https:\/\/instytutpm.eu\/en\/wp-json\/wp\/v2\/posts\/240\/revisions\/1786"}],"wp:featuredmedia":[{"embeddable":true,"href":"https:\/\/instytutpm.eu\/en\/wp-json\/wp\/v2\/media\/1781"}],"wp:attachment":[{"href":"https:\/\/instytutpm.eu\/en\/wp-json\/wp\/v2\/media?parent=240"}],"wp:term":[{"taxonomy":"category","embeddable":true,"href":"https:\/\/instytutpm.eu\/en\/wp-json\/wp\/v2\/categories?post=240"},{"taxonomy":"post_tag","embeddable":true,"href":"https:\/\/instytutpm.eu\/en\/wp-json\/wp\/v2\/tags?post=240"}],"curies":[{"name":"wp","href":"https:\/\/api.w.org\/{rel}","templated":true}]}}