{"id":2267,"date":"2023-12-29T14:54:18","date_gmt":"2023-12-29T13:54:18","guid":{"rendered":"https:\/\/instytutpm.eu\/?p=2267"},"modified":"2023-12-29T14:54:42","modified_gmt":"2023-12-29T13:54:42","slug":"rzadowy-program-rodzina-500-zmiana-wysokosci-swiadczenia-w-2024-roku","status":"publish","type":"post","link":"https:\/\/instytutpm.eu\/en\/rzadowy-program-rodzina-500-zmiana-wysokosci-swiadczenia-w-2024-roku\/","title":{"rendered":"Rz\u0105dowy program &#8220;Rodzina 500+&#8221;\u00a0 &#8211; zmiana wysoko\u015bci \u015bwiadczenia w 2024 roku\u00a0"},"content":{"rendered":"\n<p><strong><em>Rz\u0105dowy program &#8220;Rodzina 500+&#8221; to program, kt\u00f3ry wszed\u0142 w \u017cycie 1 kwietnia 2016 roku. W ramach tego programu rodzinom z dzie\u0107mi na utrzymaniu przys\u0142uguje \u015bwiadczenie wychowawcze w wysoko\u015bci 500 z\u0142 na dziecko w wieku do uko\u0144czenia 18 roku \u017cycia, bez wzgl\u0119du na doch\u00f3d osi\u0105gany przez rodzin\u0119. Od 1 stycznia 2024 r. wysoko\u015b\u0107 \u015bwiadczenia wychowawczego b\u0119dzie podwy\u017cszona. Dowiedz si\u0119 wi\u0119cej w artykule.\u00a0<\/em><\/strong><\/p>\n\n\n\n<figure class=\"wp-block-image aligncenter size-full\"><img loading=\"lazy\" decoding=\"async\" width=\"1125\" height=\"750\" src=\"https:\/\/instytutpm.eu\/wp-content\/uploads\/2023\/12\/rzadowy-program.webp\" alt=\"Rz\u0105dowy program &quot;Rodzina 500+&quot; - zmiana wysoko\u015bci \u015bwiadczenia w 2024 roku\" class=\"wp-image-2268\"\/><\/figure>\n\n\n\n<p>Od 1 stycznia 2024 r. kwota \u015bwiadczenia 500+ zostanie podniesiona do 800 z\u0142. ZUS, kt\u00f3ry wyp\u0142aca to \u015bwiadczenie, sam zmieni jego wysoko\u015b\u0107, dlatego nie trzeba sk\u0142ada\u0107 \u017cadnego dodatkowego wniosku. Zmiana nast\u0105pi automatycznie i obejmie wszystkich, kt\u00f3rzy 1 stycznia 2024 r. b\u0119d\u0105 mieli prawo do \u015bwiadczenia w bie\u017c\u0105cym okresie \u015bwiadczeniowym, kt\u00f3ry trwa od 1 czerwca 2023 r. do 31 maja 2024 r.<\/p>\n\n\n\n<p>Po 1 stycznia 2024 r., wszystkie osoby, kt\u00f3rym przys\u0142uguje to \u015bwiadczenie, zostan\u0105 poinformowane o zmianie wysoko\u015bci op\u0142aty za po\u015brednictwem PUE ZUS.<\/p>\n\n\n\n<p><strong>A co robi\u0107 w sytuacji, gdy nie otrzymujesz op\u0142at 500+ kt\u00f3re ci przys\u0142uguj\u0105?&nbsp;<\/strong><\/p>\n\n\n\n<p>Taka sytuacja zazwyczaj zdarza si\u0119 w momencie utraty statusu UKR. Wtedy ZUS przestaje wyp\u0142aca\u0107 zasi\u0142ek, gdy\u017c podejrzewa, \u017ce taka osoba na sta\u0142e wr\u00f3ci\u0142a do kraju ojczystego. Status UKR traci si\u0119 w sytuacji, gdy wyje\u017cd\u017camy z Polski na okres ponad 30 dni.&nbsp;<\/p>\n\n\n\n<p>Je\u015bli straci\u0142e\u015b 500+, ale przez ca\u0142y czas by\u0142e\u015b w Polsce lub wyje\u017cd\u017ca\u0142e\u015b, ale na mniej ni\u017c 30 dni, to nale\u017cy sprawdzi\u0107 sw\u00f3j status UKR. Mo\u017ce zosta\u0142 on b\u0142\u0119dnie odebrany. Sprawdzi\u0107 sw\u00f3j status mo\u017cna loguj\u0105c si\u0119 na Profil Zaufany: <a href=\"https:\/\/obywatel.gov.pl\/pl\/dokumenty-i-dane-osobowe\/sprawdz-swoje-dane-w-rejestrze-pesel\" target=\"_blank\" rel=\"noreferrer noopener nofollow\">Sprawd\u017a swoje dane w rejestrze PESEL<\/a>. Je\u015bli oka\u017ce si\u0119, \u017ce straci\u0142e\u015b sw\u00f3j status &#8211; nale\u017cy zwr\u00f3ci\u0107 si\u0119 do urz\u0119du miejskiego wraz z potwierdzeniem tego, \u017ce nie opu\u015bci\u0142e\u015b kraju na d\u0142u\u017cej ni\u017c 30 dni.\u00a0<\/p>\n\n\n\n<p>Po odnowieniu statusu UKR nale\u017cy odnowi\u0107 tak\u017ce p\u0142atno\u015bci 500+. Mo\u017cna to zrobi\u0107 ju\u017c online, sk\u0142adaj\u0105c nowy wniosek na stronie ZUS\u2019u.<\/p>\n\n\n\n<p>Kolejny wniosek na nowy okres \u015bwiadczeniowy (od 1 czerwca 2024 r. do 31 maja 2025 r.) mo\u017cna b\u0119dzie z\u0142o\u017cy\u0107 ju\u017c od 1 lutego 2024 r. Wszystkie inne zasady wyp\u0142aty \u015bwiadczenia pozostaj\u0105 bez zmian.&nbsp;<\/p>\n\n\n\n<p>Wnioski o \u015bwiadczenie wychowawcze mo\u017cna sk\u0142ada\u0107 elektronicznie, przez:<\/p>\n\n\n\n<ul class=\"wp-block-list\">\n<li>aplikacj\u0119 mobiln\u0105 mZUS,<\/li>\n\n\n\n<li>PUE ZUS,<\/li>\n\n\n\n<li>portal Emp@tia,<\/li>\n\n\n\n<li>bankowo\u015b\u0107 elektroniczn\u0105 bank\u00f3w lub SKOK, kt\u00f3re wsp\u00f3\u0142pracuj\u0105 z ZUS.<\/li>\n<\/ul>\n\n\n\n<div style=\"height:30px\" aria-hidden=\"true\" class=\"wp-block-spacer\"><\/div>\n\n\n\n<p><strong>Po wi\u0119cej informacji zapraszamy na bezp\u0142atne konsultacje do Instytutu Praw Migrant\u00f3w:<\/strong><\/p>\n\n\n\n<p>Instytut Praw Migrant\u00f3w, ul.Ruska 46A\/202 (3 na domofonie).&nbsp;<\/p>\n\n\n\n<p>A je\u015bli nie mieszkasz we Wroc\u0142awiu, ale potrzebujesz wsparcia, to zapraszamy na nasz\u0105 infolini\u0119. Z ch\u0119ci\u0105 odpowiemy na Pa\u0144stwa pytania:<\/p>\n\n\n\n<p>Telefon: <a href=\"tel:+48 510 011 846\">+48 510 011 846<\/a>; <a href=\"tel:+48 571 330 203\">+48 571 330 203<\/a>.<\/p>\n\n\n\n<hr class=\"wp-block-separator has-alpha-channel-opacity\"\/>\n\n\n\n<p>Artyku\u0142 powsta\u0142 w ramach projektu \u201cIntegracja, adaptacja, akceptacja. Wsparcie obywateli pa\u0144stw trzecich na Dolnym \u015al\u0105sku \u2013 Etap II\u201d, kt\u00f3ry wsp\u00f3\u0142finansowany jest z Programu Krajowego Funduszu Azylu, Migracji i Integracji oraz bud\u017cetu pa\u0144stwa.<\/p>\n","protected":false},"excerpt":{"rendered":"<p>Rz\u0105dowy program &#8220;Rodzina 500+&#8221; to program, kt\u00f3ry wszed\u0142 w \u017cycie 1 kwietnia 2016 roku. W ramach tego programu rodzinom z dzie\u0107mi na utrzymaniu przys\u0142uguje \u015bwiadczenie wychowawcze w wysoko\u015bci 500 z\u0142 na dziecko w wieku do uko\u0144czenia 18 roku \u017cycia, bez wzgl\u0119du na doch\u00f3d osi\u0105gany przez rodzin\u0119. Od 1 stycznia 2024 r. wysoko\u015b\u0107 \u015bwiadczenia wychowawczego b\u0119dzie&#8230;<\/p>\n","protected":false},"author":2,"featured_media":2268,"comment_status":"closed","ping_status":"closed","sticky":false,"template":"","format":"standard","meta":{"inline_featured_image":false,"advgb_blocks_editor_width":"","advgb_blocks_columns_visual_guide":"","footnotes":""},"categories":[1],"tags":[],"class_list":["post-2267","post","type-post","status-publish","format-standard","has-post-thumbnail","hentry","category-instytut-praw-migrantow"],"yoast_head":"<!-- This site is optimized with the Yoast SEO plugin v27.5 - https:\/\/yoast.com\/product\/yoast-seo-wordpress\/ -->\n<title>Rz\u0105dowy program &quot;Rodzina 500+&quot;\u00a0 - zmiana wysoko\u015bci \u015bwiadczenia w 2024 roku\u00a0 - Institute Of Migrant Rights<\/title>\n<meta name=\"description\" content=\"Naszyme celem jest kszta\u0142cenie spo\u0142ecze\u0144stwa r\u00f3wnych szans \u015bwiadomego swoich praw, poprzez prowadzenie dzia\u0142alno\u015bci konsultacyjnej i szkoleniowej.\" \/>\n<meta name=\"robots\" content=\"index, follow, max-snippet:-1, max-image-preview:large, max-video-preview:-1\" \/>\n<link rel=\"canonical\" href=\"https:\/\/instytutpm.eu\/rzadowy-program-rodzina-500-zmiana-wysokosci-swiadczenia-w-2024-roku\/\" \/>\n<meta property=\"og:locale\" content=\"en_US\" \/>\n<meta property=\"og:type\" content=\"article\" \/>\n<meta property=\"og:title\" content=\"Rz\u0105dowy program &quot;Rodzina 500+&quot;\u00a0 - zmiana wysoko\u015bci \u015bwiadczenia w 2024 roku\u00a0 - Institute Of Migrant Rights\" \/>\n<meta property=\"og:description\" content=\"Naszyme celem jest kszta\u0142cenie spo\u0142ecze\u0144stwa r\u00f3wnych szans \u015bwiadomego swoich praw, poprzez prowadzenie dzia\u0142alno\u015bci konsultacyjnej i szkoleniowej.\" \/>\n<meta property=\"og:url\" content=\"https:\/\/instytutpm.eu\/rzadowy-program-rodzina-500-zmiana-wysokosci-swiadczenia-w-2024-roku\/\" \/>\n<meta property=\"og:site_name\" content=\"Institute Of Migrant Rights\" \/>\n<meta property=\"article:publisher\" content=\"https:\/\/www.facebook.com\/Instytutpm\" \/>\n<meta property=\"article:published_time\" content=\"2023-12-29T13:54:18+00:00\" \/>\n<meta property=\"article:modified_time\" content=\"2023-12-29T13:54:42+00:00\" \/>\n<meta property=\"og:image\" content=\"https:\/\/instytutpm.eu\/wp-content\/uploads\/2023\/12\/rzadowy-program.webp\" \/>\n\t<meta property=\"og:image:width\" content=\"1125\" \/>\n\t<meta property=\"og:image:height\" content=\"750\" \/>\n\t<meta property=\"og:image:type\" content=\"image\/webp\" \/>\n<meta name=\"author\" content=\"Instytut Praw Migrant\u00f3w\" \/>\n<meta name=\"twitter:card\" content=\"summary_large_image\" \/>\n<meta name=\"twitter:creator\" content=\"@Instytutipm\" \/>\n<meta name=\"twitter:site\" content=\"@Instytutipm\" \/>\n<meta name=\"twitter:label1\" content=\"Written by\" \/>\n\t<meta name=\"twitter:data1\" content=\"Instytut Praw Migrant\u00f3w\" \/>\n\t<meta name=\"twitter:label2\" content=\"Est. reading time\" \/>\n\t<meta name=\"twitter:data2\" content=\"3 minutes\" \/>\n<script type=\"application\/ld+json\" class=\"yoast-schema-graph\">{\"@context\":\"https:\\\/\\\/schema.org\",\"@graph\":[{\"@type\":\"Article\",\"@id\":\"https:\\\/\\\/instytutpm.eu\\\/rzadowy-program-rodzina-500-zmiana-wysokosci-swiadczenia-w-2024-roku\\\/#article\",\"isPartOf\":{\"@id\":\"https:\\\/\\\/instytutpm.eu\\\/rzadowy-program-rodzina-500-zmiana-wysokosci-swiadczenia-w-2024-roku\\\/\"},\"author\":{\"name\":\"Instytut Praw Migrant\u00f3w\",\"@id\":\"https:\\\/\\\/instytutpm.eu\\\/#\\\/schema\\\/person\\\/786e05d0f6f22e29b93c5ded632d8bd2\"},\"headline\":\"Rz\u0105dowy program &#8220;Rodzina 500+&#8221;\u00a0 &#8211; zmiana wysoko\u015bci \u015bwiadczenia w 2024 roku\u00a0\",\"datePublished\":\"2023-12-29T13:54:18+00:00\",\"dateModified\":\"2023-12-29T13:54:42+00:00\",\"mainEntityOfPage\":{\"@id\":\"https:\\\/\\\/instytutpm.eu\\\/rzadowy-program-rodzina-500-zmiana-wysokosci-swiadczenia-w-2024-roku\\\/\"},\"wordCount\":493,\"publisher\":{\"@id\":\"https:\\\/\\\/instytutpm.eu\\\/#organization\"},\"image\":{\"@id\":\"https:\\\/\\\/instytutpm.eu\\\/rzadowy-program-rodzina-500-zmiana-wysokosci-swiadczenia-w-2024-roku\\\/#primaryimage\"},\"thumbnailUrl\":\"https:\\\/\\\/instytutpm.eu\\\/wp-content\\\/uploads\\\/2023\\\/12\\\/rzadowy-program.webp\",\"articleSection\":[\"IPM\"],\"inLanguage\":\"en-US\"},{\"@type\":\"WebPage\",\"@id\":\"https:\\\/\\\/instytutpm.eu\\\/rzadowy-program-rodzina-500-zmiana-wysokosci-swiadczenia-w-2024-roku\\\/\",\"url\":\"https:\\\/\\\/instytutpm.eu\\\/rzadowy-program-rodzina-500-zmiana-wysokosci-swiadczenia-w-2024-roku\\\/\",\"name\":\"Rz\u0105dowy program \\\"Rodzina 500+\\\"\u00a0 - zmiana wysoko\u015bci \u015bwiadczenia w 2024 roku\u00a0 - Institute Of Migrant Rights\",\"isPartOf\":{\"@id\":\"https:\\\/\\\/instytutpm.eu\\\/#website\"},\"primaryImageOfPage\":{\"@id\":\"https:\\\/\\\/instytutpm.eu\\\/rzadowy-program-rodzina-500-zmiana-wysokosci-swiadczenia-w-2024-roku\\\/#primaryimage\"},\"image\":{\"@id\":\"https:\\\/\\\/instytutpm.eu\\\/rzadowy-program-rodzina-500-zmiana-wysokosci-swiadczenia-w-2024-roku\\\/#primaryimage\"},\"thumbnailUrl\":\"https:\\\/\\\/instytutpm.eu\\\/wp-content\\\/uploads\\\/2023\\\/12\\\/rzadowy-program.webp\",\"datePublished\":\"2023-12-29T13:54:18+00:00\",\"dateModified\":\"2023-12-29T13:54:42+00:00\",\"description\":\"Naszyme celem jest kszta\u0142cenie spo\u0142ecze\u0144stwa r\u00f3wnych szans \u015bwiadomego swoich praw, poprzez prowadzenie dzia\u0142alno\u015bci konsultacyjnej i szkoleniowej.\",\"breadcrumb\":{\"@id\":\"https:\\\/\\\/instytutpm.eu\\\/rzadowy-program-rodzina-500-zmiana-wysokosci-swiadczenia-w-2024-roku\\\/#breadcrumb\"},\"inLanguage\":\"en-US\",\"potentialAction\":[{\"@type\":\"ReadAction\",\"target\":[\"https:\\\/\\\/instytutpm.eu\\\/rzadowy-program-rodzina-500-zmiana-wysokosci-swiadczenia-w-2024-roku\\\/\"]}]},{\"@type\":\"ImageObject\",\"inLanguage\":\"en-US\",\"@id\":\"https:\\\/\\\/instytutpm.eu\\\/rzadowy-program-rodzina-500-zmiana-wysokosci-swiadczenia-w-2024-roku\\\/#primaryimage\",\"url\":\"https:\\\/\\\/instytutpm.eu\\\/wp-content\\\/uploads\\\/2023\\\/12\\\/rzadowy-program.webp\",\"contentUrl\":\"https:\\\/\\\/instytutpm.eu\\\/wp-content\\\/uploads\\\/2023\\\/12\\\/rzadowy-program.webp\",\"width\":1125,\"height\":750,\"caption\":\"Rz\u0105dowy program \\\"Rodzina 500+\\\" - zmiana wysoko\u015bci \u015bwiadczenia w 2024 roku\"},{\"@type\":\"BreadcrumbList\",\"@id\":\"https:\\\/\\\/instytutpm.eu\\\/rzadowy-program-rodzina-500-zmiana-wysokosci-swiadczenia-w-2024-roku\\\/#breadcrumb\",\"itemListElement\":[{\"@type\":\"ListItem\",\"position\":1,\"name\":\"Home\",\"item\":\"https:\\\/\\\/instytutpm.eu\\\/en\\\/\"},{\"@type\":\"ListItem\",\"position\":2,\"name\":\"Rz\u0105dowy program &#8220;Rodzina 500+&#8221;\u00a0 &#8211; zmiana wysoko\u015bci \u015bwiadczenia w 2024 roku\u00a0\"}]},{\"@type\":\"WebSite\",\"@id\":\"https:\\\/\\\/instytutpm.eu\\\/#website\",\"url\":\"https:\\\/\\\/instytutpm.eu\\\/\",\"name\":\"Instytut Praw Migrant\u00f3w\",\"description\":\"Free information support for migrants living in Poland\",\"publisher\":{\"@id\":\"https:\\\/\\\/instytutpm.eu\\\/#organization\"},\"alternateName\":\"IPM\",\"potentialAction\":[{\"@type\":\"SearchAction\",\"target\":{\"@type\":\"EntryPoint\",\"urlTemplate\":\"https:\\\/\\\/instytutpm.eu\\\/?s={search_term_string}\"},\"query-input\":{\"@type\":\"PropertyValueSpecification\",\"valueRequired\":true,\"valueName\":\"search_term_string\"}}],\"inLanguage\":\"en-US\"},{\"@type\":\"Organization\",\"@id\":\"https:\\\/\\\/instytutpm.eu\\\/#organization\",\"name\":\"Instytut Praw Migrant\u00f3w\",\"alternateName\":\"IPM\",\"url\":\"https:\\\/\\\/instytutpm.eu\\\/\",\"logo\":{\"@type\":\"ImageObject\",\"inLanguage\":\"en-US\",\"@id\":\"https:\\\/\\\/instytutpm.eu\\\/#\\\/schema\\\/logo\\\/image\\\/\",\"url\":\"https:\\\/\\\/instytutpm.eu\\\/wp-content\\\/uploads\\\/2023\\\/05\\\/ipm-logo.jpg\",\"contentUrl\":\"https:\\\/\\\/instytutpm.eu\\\/wp-content\\\/uploads\\\/2023\\\/05\\\/ipm-logo.jpg\",\"width\":238,\"height\":238,\"caption\":\"Instytut Praw Migrant\u00f3w\"},\"image\":{\"@id\":\"https:\\\/\\\/instytutpm.eu\\\/#\\\/schema\\\/logo\\\/image\\\/\"},\"sameAs\":[\"https:\\\/\\\/www.facebook.com\\\/Instytutpm\",\"https:\\\/\\\/x.com\\\/Instytutipm\"]},{\"@type\":\"Person\",\"@id\":\"https:\\\/\\\/instytutpm.eu\\\/#\\\/schema\\\/person\\\/786e05d0f6f22e29b93c5ded632d8bd2\",\"name\":\"Instytut Praw Migrant\u00f3w\",\"image\":{\"@type\":\"ImageObject\",\"inLanguage\":\"en-US\",\"@id\":\"https:\\\/\\\/instytutpm.eu\\\/wp-content\\\/uploads\\\/2023\\\/05\\\/instytut-praw-migrantow_avatar-96x96.jpg\",\"url\":\"https:\\\/\\\/instytutpm.eu\\\/wp-content\\\/uploads\\\/2023\\\/05\\\/instytut-praw-migrantow_avatar-96x96.jpg\",\"contentUrl\":\"https:\\\/\\\/instytutpm.eu\\\/wp-content\\\/uploads\\\/2023\\\/05\\\/instytut-praw-migrantow_avatar-96x96.jpg\",\"caption\":\"Instytut Praw Migrant\u00f3w\"},\"description\":\"Naszym celem jest kszta\u0142cenie spo\u0142ecze\u0144stwa r\u00f3wnych szans \u015bwiadomego swoich praw, poprzez prowadzenie dzia\u0142alno\u015bci konsultacyjnej i szkoleniowej.\",\"url\":\"https:\\\/\\\/instytutpm.eu\\\/en\\\/author\\\/bp-admin\\\/\"}]}<\/script>\n<!-- \/ Yoast SEO plugin. -->","yoast_head_json":{"title":"Rz\u0105dowy program \"Rodzina 500+\"\u00a0 - zmiana wysoko\u015bci \u015bwiadczenia w 2024 roku\u00a0 - Institute Of Migrant Rights","description":"Naszyme celem jest kszta\u0142cenie spo\u0142ecze\u0144stwa r\u00f3wnych szans \u015bwiadomego swoich praw, poprzez prowadzenie dzia\u0142alno\u015bci konsultacyjnej i szkoleniowej.","robots":{"index":"index","follow":"follow","max-snippet":"max-snippet:-1","max-image-preview":"max-image-preview:large","max-video-preview":"max-video-preview:-1"},"canonical":"https:\/\/instytutpm.eu\/rzadowy-program-rodzina-500-zmiana-wysokosci-swiadczenia-w-2024-roku\/","og_locale":"en_US","og_type":"article","og_title":"Rz\u0105dowy program \"Rodzina 500+\"\u00a0 - zmiana wysoko\u015bci \u015bwiadczenia w 2024 roku\u00a0 - Institute Of Migrant Rights","og_description":"Naszyme celem jest kszta\u0142cenie spo\u0142ecze\u0144stwa r\u00f3wnych szans \u015bwiadomego swoich praw, poprzez prowadzenie dzia\u0142alno\u015bci konsultacyjnej i szkoleniowej.","og_url":"https:\/\/instytutpm.eu\/rzadowy-program-rodzina-500-zmiana-wysokosci-swiadczenia-w-2024-roku\/","og_site_name":"Institute Of Migrant Rights","article_publisher":"https:\/\/www.facebook.com\/Instytutpm","article_published_time":"2023-12-29T13:54:18+00:00","article_modified_time":"2023-12-29T13:54:42+00:00","og_image":[{"width":1125,"height":750,"url":"https:\/\/instytutpm.eu\/wp-content\/uploads\/2023\/12\/rzadowy-program.webp","type":"image\/webp"}],"author":"Instytut Praw Migrant\u00f3w","twitter_card":"summary_large_image","twitter_creator":"@Instytutipm","twitter_site":"@Instytutipm","twitter_misc":{"Written by":"Instytut Praw Migrant\u00f3w","Est. reading time":"3 minutes"},"schema":{"@context":"https:\/\/schema.org","@graph":[{"@type":"Article","@id":"https:\/\/instytutpm.eu\/rzadowy-program-rodzina-500-zmiana-wysokosci-swiadczenia-w-2024-roku\/#article","isPartOf":{"@id":"https:\/\/instytutpm.eu\/rzadowy-program-rodzina-500-zmiana-wysokosci-swiadczenia-w-2024-roku\/"},"author":{"name":"Instytut Praw Migrant\u00f3w","@id":"https:\/\/instytutpm.eu\/#\/schema\/person\/786e05d0f6f22e29b93c5ded632d8bd2"},"headline":"Rz\u0105dowy program &#8220;Rodzina 500+&#8221;\u00a0 &#8211; zmiana wysoko\u015bci \u015bwiadczenia w 2024 roku\u00a0","datePublished":"2023-12-29T13:54:18+00:00","dateModified":"2023-12-29T13:54:42+00:00","mainEntityOfPage":{"@id":"https:\/\/instytutpm.eu\/rzadowy-program-rodzina-500-zmiana-wysokosci-swiadczenia-w-2024-roku\/"},"wordCount":493,"publisher":{"@id":"https:\/\/instytutpm.eu\/#organization"},"image":{"@id":"https:\/\/instytutpm.eu\/rzadowy-program-rodzina-500-zmiana-wysokosci-swiadczenia-w-2024-roku\/#primaryimage"},"thumbnailUrl":"https:\/\/instytutpm.eu\/wp-content\/uploads\/2023\/12\/rzadowy-program.webp","articleSection":["IPM"],"inLanguage":"en-US"},{"@type":"WebPage","@id":"https:\/\/instytutpm.eu\/rzadowy-program-rodzina-500-zmiana-wysokosci-swiadczenia-w-2024-roku\/","url":"https:\/\/instytutpm.eu\/rzadowy-program-rodzina-500-zmiana-wysokosci-swiadczenia-w-2024-roku\/","name":"Rz\u0105dowy program \"Rodzina 500+\"\u00a0 - zmiana wysoko\u015bci \u015bwiadczenia w 2024 roku\u00a0 - Institute Of Migrant Rights","isPartOf":{"@id":"https:\/\/instytutpm.eu\/#website"},"primaryImageOfPage":{"@id":"https:\/\/instytutpm.eu\/rzadowy-program-rodzina-500-zmiana-wysokosci-swiadczenia-w-2024-roku\/#primaryimage"},"image":{"@id":"https:\/\/instytutpm.eu\/rzadowy-program-rodzina-500-zmiana-wysokosci-swiadczenia-w-2024-roku\/#primaryimage"},"thumbnailUrl":"https:\/\/instytutpm.eu\/wp-content\/uploads\/2023\/12\/rzadowy-program.webp","datePublished":"2023-12-29T13:54:18+00:00","dateModified":"2023-12-29T13:54:42+00:00","description":"Naszyme celem jest kszta\u0142cenie spo\u0142ecze\u0144stwa r\u00f3wnych szans \u015bwiadomego swoich praw, poprzez prowadzenie dzia\u0142alno\u015bci konsultacyjnej i szkoleniowej.","breadcrumb":{"@id":"https:\/\/instytutpm.eu\/rzadowy-program-rodzina-500-zmiana-wysokosci-swiadczenia-w-2024-roku\/#breadcrumb"},"inLanguage":"en-US","potentialAction":[{"@type":"ReadAction","target":["https:\/\/instytutpm.eu\/rzadowy-program-rodzina-500-zmiana-wysokosci-swiadczenia-w-2024-roku\/"]}]},{"@type":"ImageObject","inLanguage":"en-US","@id":"https:\/\/instytutpm.eu\/rzadowy-program-rodzina-500-zmiana-wysokosci-swiadczenia-w-2024-roku\/#primaryimage","url":"https:\/\/instytutpm.eu\/wp-content\/uploads\/2023\/12\/rzadowy-program.webp","contentUrl":"https:\/\/instytutpm.eu\/wp-content\/uploads\/2023\/12\/rzadowy-program.webp","width":1125,"height":750,"caption":"Rz\u0105dowy program \"Rodzina 500+\" - zmiana wysoko\u015bci \u015bwiadczenia w 2024 roku"},{"@type":"BreadcrumbList","@id":"https:\/\/instytutpm.eu\/rzadowy-program-rodzina-500-zmiana-wysokosci-swiadczenia-w-2024-roku\/#breadcrumb","itemListElement":[{"@type":"ListItem","position":1,"name":"Home","item":"https:\/\/instytutpm.eu\/en\/"},{"@type":"ListItem","position":2,"name":"Rz\u0105dowy program &#8220;Rodzina 500+&#8221;\u00a0 &#8211; zmiana wysoko\u015bci \u015bwiadczenia w 2024 roku\u00a0"}]},{"@type":"WebSite","@id":"https:\/\/instytutpm.eu\/#website","url":"https:\/\/instytutpm.eu\/","name":"Instytut Praw Migrant\u00f3w","description":"Free information support for migrants living in Poland","publisher":{"@id":"https:\/\/instytutpm.eu\/#organization"},"alternateName":"IPM","potentialAction":[{"@type":"SearchAction","target":{"@type":"EntryPoint","urlTemplate":"https:\/\/instytutpm.eu\/?s={search_term_string}"},"query-input":{"@type":"PropertyValueSpecification","valueRequired":true,"valueName":"search_term_string"}}],"inLanguage":"en-US"},{"@type":"Organization","@id":"https:\/\/instytutpm.eu\/#organization","name":"Instytut Praw Migrant\u00f3w","alternateName":"IPM","url":"https:\/\/instytutpm.eu\/","logo":{"@type":"ImageObject","inLanguage":"en-US","@id":"https:\/\/instytutpm.eu\/#\/schema\/logo\/image\/","url":"https:\/\/instytutpm.eu\/wp-content\/uploads\/2023\/05\/ipm-logo.jpg","contentUrl":"https:\/\/instytutpm.eu\/wp-content\/uploads\/2023\/05\/ipm-logo.jpg","width":238,"height":238,"caption":"Instytut Praw Migrant\u00f3w"},"image":{"@id":"https:\/\/instytutpm.eu\/#\/schema\/logo\/image\/"},"sameAs":["https:\/\/www.facebook.com\/Instytutpm","https:\/\/x.com\/Instytutipm"]},{"@type":"Person","@id":"https:\/\/instytutpm.eu\/#\/schema\/person\/786e05d0f6f22e29b93c5ded632d8bd2","name":"Instytut Praw Migrant\u00f3w","image":{"@type":"ImageObject","inLanguage":"en-US","@id":"https:\/\/instytutpm.eu\/wp-content\/uploads\/2023\/05\/instytut-praw-migrantow_avatar-96x96.jpg","url":"https:\/\/instytutpm.eu\/wp-content\/uploads\/2023\/05\/instytut-praw-migrantow_avatar-96x96.jpg","contentUrl":"https:\/\/instytutpm.eu\/wp-content\/uploads\/2023\/05\/instytut-praw-migrantow_avatar-96x96.jpg","caption":"Instytut Praw Migrant\u00f3w"},"description":"Naszym celem jest kszta\u0142cenie spo\u0142ecze\u0144stwa r\u00f3wnych szans \u015bwiadomego swoich praw, poprzez prowadzenie dzia\u0142alno\u015bci konsultacyjnej i szkoleniowej.","url":"https:\/\/instytutpm.eu\/en\/author\/bp-admin\/"}]}},"author_meta":{"display_name":"Instytut Praw Migrant\u00f3w","author_link":"https:\/\/instytutpm.eu\/en\/author\/bp-admin\/"},"featured_img":"https:\/\/instytutpm.eu\/wp-content\/uploads\/2023\/12\/rzadowy-program-600x400.webp","coauthors":[],"tax_additional":{"categories":{"linked":["<a href=\"https:\/\/instytutpm.eu\/en\/category\/instytut-praw-migrantow\/\" class=\"advgb-post-tax-term\">IPM<\/a>"],"unlinked":["<span class=\"advgb-post-tax-term\">IPM<\/span>"]}},"comment_count":"0","relative_dates":{"created":"Posted 2 years ago","modified":"Updated 2 years ago"},"absolute_dates":{"created":"Posted on 2023-12-29","modified":"Updated on 2023-12-29"},"absolute_dates_time":{"created":"Posted on 2023-12-29 14:54","modified":"Updated on 2023-12-29 14:54"},"featured_img_caption":"","series_order":"","_links":{"self":[{"href":"https:\/\/instytutpm.eu\/en\/wp-json\/wp\/v2\/posts\/2267","targetHints":{"allow":["GET"]}}],"collection":[{"href":"https:\/\/instytutpm.eu\/en\/wp-json\/wp\/v2\/posts"}],"about":[{"href":"https:\/\/instytutpm.eu\/en\/wp-json\/wp\/v2\/types\/post"}],"author":[{"embeddable":true,"href":"https:\/\/instytutpm.eu\/en\/wp-json\/wp\/v2\/users\/2"}],"replies":[{"embeddable":true,"href":"https:\/\/instytutpm.eu\/en\/wp-json\/wp\/v2\/comments?post=2267"}],"version-history":[{"count":1,"href":"https:\/\/instytutpm.eu\/en\/wp-json\/wp\/v2\/posts\/2267\/revisions"}],"predecessor-version":[{"id":2271,"href":"https:\/\/instytutpm.eu\/en\/wp-json\/wp\/v2\/posts\/2267\/revisions\/2271"}],"wp:featuredmedia":[{"embeddable":true,"href":"https:\/\/instytutpm.eu\/en\/wp-json\/wp\/v2\/media\/2268"}],"wp:attachment":[{"href":"https:\/\/instytutpm.eu\/en\/wp-json\/wp\/v2\/media?parent=2267"}],"wp:term":[{"taxonomy":"category","embeddable":true,"href":"https:\/\/instytutpm.eu\/en\/wp-json\/wp\/v2\/categories?post=2267"},{"taxonomy":"post_tag","embeddable":true,"href":"https:\/\/instytutpm.eu\/en\/wp-json\/wp\/v2\/tags?post=2267"}],"curies":[{"name":"wp","href":"https:\/\/api.w.org\/{rel}","templated":true}]}}