{"id":2235,"date":"2023-09-05T11:24:14","date_gmt":"2023-09-05T09:24:14","guid":{"rendered":"https:\/\/instytutpm.eu\/?p=2235"},"modified":"2023-09-05T11:32:40","modified_gmt":"2023-09-05T09:32:40","slug":"integracja-i-partycypacja-spoleczna-na-poziomie-lokalnym","status":"publish","type":"post","link":"https:\/\/instytutpm.eu\/en\/integracja-i-partycypacja-spoleczna-na-poziomie-lokalnym\/","title":{"rendered":"Integracja i partycypacja spo\u0142eczna na poziomie lokalnym. Jak mo\u017cemy w\u0142\u0105cza\u0107 spo\u0142ecze\u0144stwo przyjmuj\u0105ce w integracj\u0119 migrant\u00f3w na przyk\u0142adzie do\u015bwiadcze\u0144 z Nadrenii P\u00f3\u0142nocnej \u2013 Westfalii."},"content":{"rendered":"\n<figure class=\"wp-block-image aligncenter size-full\"><img loading=\"lazy\" decoding=\"async\" width=\"1280\" height=\"853\" src=\"https:\/\/instytutpm.eu\/wp-content\/uploads\/2023\/09\/ipm-post-integracja.jpeg\" alt=\"Integracja i partycypacja spo\u0142eczna\" class=\"wp-image-2236\"\/><\/figure>\n\n\n\n<p>Artyku\u0142 zosta\u0142 opracowany na podstawie dyskusji w ramach \u015arodkowoeuropejskiego Forum Integracyjnego, kt\u00f3re odby\u0142o si\u0119 5 czerwca we Wroc\u0142awiu. Dyskusja dotyczy\u0142a partycypacji spo\u0142ecznej migrant\u00f3w oraz uchod\u017ac\u00f3w na przyk\u0142adzie dzia\u0142a\u0144 w Nadrenii P\u00f3\u0142nocnej-Westfalii i we Wroc\u0142awiu. W rozmowie wzi\u0119li udzia\u0142 Ksenija Sakel\u0161ek, przewodnicz\u0105ca rady integracyjnej miasta Unna i cz\u0142onkini zarz\u0105du landowej rady integracyjnej Nadrenii P\u00f3\u0142nocnej-Westfalii, aktywistka spo\u0142eczna z Berlina Anna Krenz, pe\u0142nomocniczka do spraw integracji miasta Meerbusch dr Fida Soubaiti oraz wiceprezydent Wroc\u0142awia ds. spo\u0142ecznych Bart\u0142omiej Ci\u0105\u017cy\u0144ski. Za moderacj\u0119 odpowiada\u0142a Joanna Szyma\u0144ska, kierowniczka naukowa niemieckiej organizacji Info \u2013 Forum \u2013 Polregio.<\/p>\n\n\n\n<p>M\u00f3wi\u0105c o polityce migracyjnej i jej sukcesie nale\u017cy przede wszystkim zaznaczy\u0107, \u017ce kluczowe jest po\u0142\u0105czenie integracji i partycypacji spo\u0142ecznej. Dowodem na to s\u0105 do\u015bwiadczenia i inicjatywy z Nadrenii P\u00f3\u0142nocnej-Westfalii. Tamtejsze dzia\u0142ania integracyjne znacznie rozwin\u0119\u0142y si\u0119 po 2015 roku, kiedy to Niemcy musia\u0142y zmierzy\u0107 si\u0119 z licznymi migracjami z Bliskiego Wschodu. Okazuje si\u0119, \u017ce Polska wcale nie pozostaje daleko w tyle, a nawet niekt\u00f3re polskie inicjatywy mog\u0105 by\u0107 wzorem do na\u015bladowania dla naszych zachodnich s\u0105siad\u00f3w. Mowa tu o zaanga\u017cowaniu przestrzeni artystycznych w mi\u0119dzykulturowy dialog, tworzeniu wystaw wsp\u00f3lnie z artystami-migrantami, polsko-ukrai\u0144skich projektach artystycznych itp. Docenienie inicjatyw obu kraj\u00f3w \u015bwiadczy o du\u017cym znaczeniu i partnerskim charakterze wymiany do\u015bwiadcze\u0144 i wzajemnej obserwacji.<\/p>\n\n\n\n<p>Integracja na poziomie samorz\u0105dowym i oddolnym jest niezwykle wa\u017cn\u0105 cz\u0119\u015bci\u0105 procesu adaptacji do nowego miejsca. Anna Krenz podkre\u015bla, \u017ce w mniejszych spo\u0142eczno\u015bciach proces zarz\u0105dzania jest \u0142atwiejszy, co przek\u0142ada si\u0119 na zwi\u0119kszenie mo\u017cliwo\u015bci partycypacji migrant\u00f3w. W skali lokalnej, w por\u00f3wnaniu do du\u017cych miast, relacje spo\u0142eczne maj\u0105 bardziej osobisty charakter. To przek\u0142ada si\u0119 na budowanie zaufania mi\u0119dzy migrantami a cz\u0142onkami spo\u0142ecze\u0144stwa przyjmuj\u0105cego. Taka integracja od pocz\u0105tku ma wi\u0119ksze szanse na sukces. Dlatego to, co robi\u0105 samorz\u0105dy i NGOsy w kontek\u015bcie partycypacji i integracji jest niezwykle wa\u017cne, bo ich dzia\u0142ania s\u0105 bliskie ludziom, cz\u0119sto o wiele bli\u017csze, ni\u017c dzia\u0142ania odg\u00f3rne i rz\u0105dowe. A \u017ceby te bliskie ludziom inicjatywy by\u0142y skuteczne, to pomi\u0119dzy tymi rz\u0105dowymi i samorz\u0105dowymi musi istnie\u0107 dialog i pewno\u015b\u0107 co do tego, jak takie dzia\u0142ania powinny wygl\u0105da\u0107.<\/p>\n\n\n\n<p>\u017beby stworzy\u0107 model integracyjny oparty na dialogu, powinni\u015bmy zacz\u0105\u0107 s\u0142ucha\u0107 ludzi i ich potrzeb. Nale\u017cy etapowo w\u0142\u0105cza\u0107 mieszka\u0144c\u00f3w w dzia\u0142ania organizmu miejskiego, dzielnicy itd. Model inkluzywny, partycypacyjny i dialogiczny, to model do kt\u00f3rego otwarcie d\u0105\u017cy Wroc\u0142aw. W oparciu o ten model aktywi\u015bci i spo\u0142ecznicy odgrywaj\u0105 kluczow\u0105 rol\u0119 w docieraniu do mieszka\u0144c\u00f3w. Dzia\u0142acze spo\u0142eczni w\u0142\u0105czaj\u0105 ludzi we wsp\u00f3lne dzia\u0142ania dla wsp\u00f3lnego dobra. Ta strategia, polegaj\u0105ca na otwarto\u015bci, wi\u0105\u017ce si\u0119 z licznymi rozmowami i kompromisami. Na pocz\u0105tku nale\u017cy jednak uzgodni\u0107, czy chcemy co\u015b zmieni\u0107, co chcemy zmieni\u0107 i jakie s\u0105 potrzeby i oczekiwania ka\u017cdej ze stron. Odpowied\u017a na te pytania pozwoli okre\u015bli\u0107 zakres dzia\u0142a\u0144, kt\u00f3re maj\u0105 na celu nie tylko integracj\u0119 migrant\u00f3w, ale tak\u017ce zapewnienie komfortu wszystkim mieszka\u0144com danej spo\u0142eczno\u015bci.<\/p>\n\n\n\n<p>Ksenija Sakel\u0161ek zwraca uwag\u0119 na to, \u017ce dobrym i sprawdzonym krokiem w integracji migrat\u00f3w s\u0105 szkolenia, ale nie tylko te j\u0119zykowe. Wa\u017cna jest edukacja obejmuj\u0105ca tematy polityczne i administracyjne, kt\u00f3re pozwalaj\u0105 zwi\u0119kszy\u0107 \u015bwiadomo\u015bc migrant\u00f3w co do ich praw i dzia\u0142a\u0144, w kt\u00f3rych mog\u0105 uczestniczy\u0107 wraz z ca\u0142ym spo\u0142ecze\u0144stwem. Wsp\u00f3lne projekty realizowane przez spo\u0142ecze\u0144stwo przyjmuj\u0105ce i migrant\u00f3w s\u0105 jednym z kluczowych element\u00f3w skutecznej polityki integracyjnej i partycypacyjnej. Wed\u0142ug Kseniji Sakel\u0161ek migranci po przyje\u017adzie musz\u0105 mie\u0107 miejsce i przestrze\u0144, by m\u00f3c si\u0119 rozwija\u0107 w nowym miejscu. T\u0119 przestrze\u0144 powinno zapewni\u0107 im spo\u0142ecze\u0144stwo przyjmuj\u0105ce. Innym wa\u017cnym aspektem jest dostrze\u017cenie tego, i\u017c du\u017ca cz\u0119\u015b\u0107 pracy nad integracj\u0105 nie polega na bezpo\u015brednich dzia\u0142aniach integracyjnych. Chodzi o to, \u017ce niezb\u0119dne w tym procesie, a nawet jeszcze przed jego rozpocz\u0119ciem, jest wypracowanie r\u00f3wno\u015bci szans, antyrasizmu i otwarto\u015bci. Podsumowuj\u0105c s\u0142owa Kseniji Sakel\u0161ek, integracja musi by\u0107 rozpocz\u0119ta natychmiast po przyje\u017adzie, a spo\u0142ecze\u0144stwo wi\u0119kszo\u015bciowe nale\u017cy ca\u0142y czas edukowa\u0107 w kierunku otwarto\u015bci na inne osoby i kultury.<\/p>\n\n\n\n<p>Kolejnym wa\u017cnym elementem jest edukacja dzieci. Uczestniczki panelu jednog\u0142o\u015bnie opowiedzia\u0142y si\u0119 za tworzeniem mi\u0119dzykulturowych szk\u00f3\u0142 bez osobnych klas migranckich. Podzia\u0142 uczni\u00f3w ze wzgl\u0119du na pochodzenie wprowadza\u0142by pod\u015bwiadome warto\u015bciowanie dzieci migranckich w oczach innych. Mimo \u017ce nauka w klasie wielokulturowej na pocz\u0105tku mo\u017ce by\u0107 dla dzieci du\u017cym wyzwaniem, lecz po pewnym czasie pozwala na ich naturaln\u0105 i szybk\u0105 integracj\u0119 z pozosta\u0142ymi dzie\u0107mi. Fida Soubaiti porusza z kolei kwesti\u0119 doros\u0142ych migrant\u00f3w i towarzysz\u0105cego im poczucia wyobcowania. Wed\u0142ug niej, aby przeciwdzia\u0142a\u0107 poczuciu obco\u015bci i rozwijaj\u0105cej si\u0119 dyskryminacji, nale\u017cy uczy\u0107 migrant\u00f3w j\u0119zyka kraju do kt\u00f3rego przyjechali. Szczeg\u00f3lnie wa\u017cne jest, by wspiera\u0107 nauk\u0119 j\u0119zyka dla rodzic\u00f3w, dzieci i m\u0142odzie\u017cy. Nale\u017cy to robi\u0107 w taki spos\u00f3b, \u017ceby rodzice mogli odrabia\u0107 lekcj\u0119 z dzie\u0107mi i \u017ceby dzieci, kt\u00f3re naturalnie ucz\u0105 si\u0119 j\u0119zyka szybciej, wspierali swoich rodzic\u00f3w w nauce. Dr Soubaiti m\u00f3wi tak\u017ce o edukacji dzieci ze swojej perspektywy, jako pe\u0142nomocniczki obcokrajowc\u00f3w z kraj\u00f3w arabskich. Zajmowa\u0142a si\u0119 wyr\u00f3wnywaniem luki kulturowej i zapobieganiem nieporozumieniom wynikaj\u0105cym z r\u00f3\u017cnic kulturowych. Edukuj\u0105c dzieci i t\u0142umacz\u0105c rodzicom podstawy europejskiego systemu edukacji dosz\u0142a do wniosku, \u017ce integracja poprzez edukacj\u0119 tworzy solidny fundament uczciwo\u015bci spo\u0142ecznej i w\u0142\u0105czaj\u0105cego spo\u0142ecze\u0144stwa. Oczywi\u015bcie, z pomoc\u0105 odpowiednich struktur.<\/p>\n\n\n\n<p>Bart\u0142omiej Ci\u0105\u017cy\u0144ski podkre\u015bla, \u017ce w\u0142adze miasta maj\u0105 \u015bwiadomo\u015b\u0107 ogromu wyzwania i znaczenia samorz\u0105d\u00f3w lokalnych w tym zakresie, cho\u0107 prawda jest taka, \u017ce w \u015bwietle obowi\u0105zuj\u0105cych przepis\u00f3w budowanie strategii integracyjnej nie jest ich obowi\u0105zkiem. Integracji migrant\u00f3w nie dotycz\u0105 \u017cadne zapisy w polskim prawie. Tego zadania pa\u0144stwo polskie nie nak\u0142ada na gminy, zatem zainteresowanie t\u0105 kwesti\u0105 jest jedynie przejawem woli politycznej ich w\u0142adz. Brak podmiot\u00f3w odpowiedzialnych w strukturze organizacji pa\u0144stwa spowodowa\u0142, \u017ce dzia\u0142ania integracyjne podj\u0119li spo\u0142ecznicy, a obecnie wr\u0119cz oczekuje si\u0119 od nich, \u017ceby ta sfera pozosta\u0142a w ich r\u0119kach. Opieraj\u0105c si\u0119 o do\u015bwiadczenia polskie, zw\u0142aszcza od pocz\u0105tku ubieg\u0142ego roku, mo\u017cna stwierdzi\u0107, \u017ce obecna skala wyzwania ju\u017c nie pozwala na to, by prowadzi\u0107 integracj\u0119 wy\u0142\u0105cznie r\u0119kami spo\u0142ecze\u0144stwa. Potrzebni s\u0105 specjali\u015bci i Wroc\u0142aw sobie zdaje z tego spraw\u0119. W\u0142adze chc\u0105 budowa\u0107 miasto otwarte, aktywnie przyjmuj\u0105ce nowych mieszka\u0144c\u00f3w i mieszkanki. Dlatego nale\u017cy teraz pracowa\u0107 nad og\u00f3lnokrajowym systemem polityki migracyjnej, a lokalnie nale\u017cy otworzy\u0107 centrum wielokulturowe lub migracyjne, w kt\u00f3rym b\u0119d\u0105 spotyka\u0107 si\u0119 przedstawiciele r\u00f3\u017cnych kultur, w tym spo\u0142ecze\u0144stwa przyjmuj\u0105cego. Z drugiej strony, to w\u0142a\u015bnie dzia\u0142ania oddolne s\u0105 cz\u0119sto w\u0142a\u015bciwe na pocz\u0105tkowym etapie. <strong>\u201cCzasami najpierw jest troch\u0119 dora\u017anych, ad hoc\u2019owych dzia\u0142a\u0144. Nie widz\u0119 w tym nic z\u0142ego. Je\u015bli p\u00f3\u017aniej te dzia\u0142ania si\u0119 usystematyzuje, po\u0142\u0105czy kropki i dorzuci to, czego brakuje, to ju\u017c jest polityka\u201d, m\u00f3wi Bart\u0142omiej Ci\u0105\u017cy\u0144ski.<\/strong><\/p>\n\n\n\n<p>Dzia\u0142ania oddolne s\u0105 wa\u017cne chocia\u017cby w procesie integracji kulturowej. W tym kontek\u015bcie wa\u017cne jest by \u0142\u0105czy\u0107 si\u0142y i robi\u0107 co\u015b razem, a na pocz\u0105tkowych etapach anga\u017cowa\u0107 si\u0119 wsp\u00f3lnie w takie czynno\u015bci, gdzie j\u0119zyk nie gra g\u0142\u00f3wnej roli. Przyk\u0142ady z Niemiec to ch\u00f3r arabski prowadzony przez dr Soubaiti, wsp\u00f3lne gotowanie czy zaj\u0119cia muzyczne. Takie czynno\u015bci pozwalaj\u0105 zbli\u017cy\u0107 si\u0119 kulturowo i pozna\u0107 si\u0119 nawzajem, a to sprzyja integracji w najmniejszej skali.<\/p>\n\n\n\n<p>Ze wzgl\u0119du na wieloletnie i bogate do\u015bwiadczenia migracyjne w Niemczech, tamtejszy model integracyjny jest dobrym przyk\u0142adem dla Polski, a zw\u0142aszcza dla Wroc\u0142awia, kt\u00f3ry otwarcie d\u0105\u017cy do integracji i proaktywnej postawy migrant\u00f3w i ca\u0142ego spo\u0142ecze\u0144stwa. Dla Wroc\u0142awia pierwszym krokiem w tym kierunku by\u0142oby za\u0142o\u017cenie centrum wielokulturowego lub zapewnienie reprezentacji wszystkim grupom narodowym i etnicznym zamieszkuj\u0105cym nasz region. Stworzenie odg\u00f3rnie powo\u0142ywanych podmiot\u00f3w do reprezentacji jednej konkretnej narodowo\u015bci prowadzi\u0142oby do sytuacji wr\u0119cz odwrotnej ni\u017c partycypacja. Dlatego wi\u0119c centrum wielokulturowe czy oddolnie powo\u0142ywane organy wspieraj\u0105ce wszystkich cudzoziemc\u00f3w to rozwi\u0105zania pozwalaj\u0105ce na bardziej skuteczny przebieg procesu integracji i szerszy dost\u0119p migrant\u00f3w do partycypacji spo\u0142ecznej. <strong><\/strong><\/p>\n\n\n\n<p>korekta: Ksenia Pletnova<\/p>\n","protected":false},"excerpt":{"rendered":"<p>Artyku\u0142 zosta\u0142 opracowany na podstawie dyskusji w ramach \u015arodkowoeuropejskiego Forum Integracyjnego, kt\u00f3re odby\u0142o si\u0119 5 czerwca we Wroc\u0142awiu. Dyskusja dotyczy\u0142a partycypacji spo\u0142ecznej migrant\u00f3w oraz uchod\u017ac\u00f3w na przyk\u0142adzie dzia\u0142a\u0144 w Nadrenii P\u00f3\u0142nocnej-Westfalii i we Wroc\u0142awiu. W rozmowie wzi\u0119li udzia\u0142 Ksenija Sakel\u0161ek, przewodnicz\u0105ca rady integracyjnej miasta Unna i cz\u0142onkini zarz\u0105du landowej rady integracyjnej Nadrenii P\u00f3\u0142nocnej-Westfalii, aktywistka spo\u0142eczna&#8230;<\/p>\n","protected":false},"author":12,"featured_media":2236,"comment_status":"closed","ping_status":"closed","sticky":false,"template":"","format":"standard","meta":{"inline_featured_image":false,"advgb_blocks_editor_width":"","advgb_blocks_columns_visual_guide":"","footnotes":""},"categories":[5],"tags":[],"class_list":["post-2235","post","type-post","status-publish","format-standard","has-post-thumbnail","hentry","category-ciekawostka"],"yoast_head":"<!-- This site is optimized with the Yoast SEO plugin v27.5 - https:\/\/yoast.com\/product\/yoast-seo-wordpress\/ -->\n<title>Integracja i partycypacja spo\u0142eczna na poziomie lokalnym. Jak mo\u017cemy w\u0142\u0105cza\u0107 spo\u0142ecze\u0144stwo przyjmuj\u0105ce w integracj\u0119 migrant\u00f3w na przyk\u0142adzie do\u015bwiadcze\u0144 z Nadrenii P\u00f3\u0142nocnej \u2013 Westfalii. - Institute Of Migrant Rights<\/title>\n<meta name=\"description\" content=\"Naszyme celem jest kszta\u0142cenie spo\u0142ecze\u0144stwa r\u00f3wnych szans \u015bwiadomego swoich praw, poprzez prowadzenie dzia\u0142alno\u015bci konsultacyjnej i szkoleniowej.\" \/>\n<meta name=\"robots\" content=\"index, follow, max-snippet:-1, max-image-preview:large, max-video-preview:-1\" \/>\n<link rel=\"canonical\" href=\"https:\/\/instytutpm.eu\/integracja-i-partycypacja-spoleczna-na-poziomie-lokalnym\/\" \/>\n<meta property=\"og:locale\" content=\"en_US\" \/>\n<meta property=\"og:type\" content=\"article\" \/>\n<meta property=\"og:title\" content=\"Integracja i partycypacja spo\u0142eczna na poziomie lokalnym. Jak mo\u017cemy w\u0142\u0105cza\u0107 spo\u0142ecze\u0144stwo przyjmuj\u0105ce w integracj\u0119 migrant\u00f3w na przyk\u0142adzie do\u015bwiadcze\u0144 z Nadrenii P\u00f3\u0142nocnej \u2013 Westfalii. - Institute Of Migrant Rights\" \/>\n<meta property=\"og:description\" content=\"Naszyme celem jest kszta\u0142cenie spo\u0142ecze\u0144stwa r\u00f3wnych szans \u015bwiadomego swoich praw, poprzez prowadzenie dzia\u0142alno\u015bci konsultacyjnej i szkoleniowej.\" \/>\n<meta property=\"og:url\" content=\"https:\/\/instytutpm.eu\/integracja-i-partycypacja-spoleczna-na-poziomie-lokalnym\/\" \/>\n<meta property=\"og:site_name\" content=\"Institute Of Migrant Rights\" \/>\n<meta property=\"article:publisher\" content=\"https:\/\/www.facebook.com\/Instytutpm\" \/>\n<meta property=\"article:published_time\" content=\"2023-09-05T09:24:14+00:00\" \/>\n<meta property=\"article:modified_time\" content=\"2023-09-05T09:32:40+00:00\" \/>\n<meta property=\"og:image\" content=\"https:\/\/instytutpm.eu\/wp-content\/uploads\/2023\/09\/ipm-post-integracja.jpeg\" \/>\n\t<meta property=\"og:image:width\" content=\"1280\" \/>\n\t<meta property=\"og:image:height\" content=\"853\" \/>\n\t<meta property=\"og:image:type\" content=\"image\/jpeg\" \/>\n<meta name=\"author\" content=\"Karol Korczy\u0144ski\" \/>\n<meta name=\"twitter:card\" content=\"summary_large_image\" \/>\n<meta name=\"twitter:creator\" content=\"@Instytutipm\" \/>\n<meta name=\"twitter:site\" content=\"@Instytutipm\" \/>\n<meta name=\"twitter:label1\" content=\"Written by\" \/>\n\t<meta name=\"twitter:data1\" content=\"Karol Korczy\u0144ski\" \/>\n\t<meta name=\"twitter:label2\" content=\"Est. reading time\" \/>\n\t<meta name=\"twitter:data2\" content=\"6 minutes\" \/>\n<script type=\"application\/ld+json\" class=\"yoast-schema-graph\">{\"@context\":\"https:\\\/\\\/schema.org\",\"@graph\":[{\"@type\":\"Article\",\"@id\":\"https:\\\/\\\/instytutpm.eu\\\/integracja-i-partycypacja-spoleczna-na-poziomie-lokalnym\\\/#article\",\"isPartOf\":{\"@id\":\"https:\\\/\\\/instytutpm.eu\\\/integracja-i-partycypacja-spoleczna-na-poziomie-lokalnym\\\/\"},\"author\":{\"name\":\"Karol Korczy\u0144ski\",\"@id\":\"https:\\\/\\\/instytutpm.eu\\\/#\\\/schema\\\/person\\\/ec3c01606c0e05e206a100d61702a1c2\"},\"headline\":\"Integracja i partycypacja spo\u0142eczna na poziomie lokalnym. Jak mo\u017cemy w\u0142\u0105cza\u0107 spo\u0142ecze\u0144stwo przyjmuj\u0105ce w integracj\u0119 migrant\u00f3w na przyk\u0142adzie do\u015bwiadcze\u0144 z Nadrenii P\u00f3\u0142nocnej \u2013 Westfalii.\",\"datePublished\":\"2023-09-05T09:24:14+00:00\",\"dateModified\":\"2023-09-05T09:32:40+00:00\",\"mainEntityOfPage\":{\"@id\":\"https:\\\/\\\/instytutpm.eu\\\/integracja-i-partycypacja-spoleczna-na-poziomie-lokalnym\\\/\"},\"wordCount\":1539,\"publisher\":{\"@id\":\"https:\\\/\\\/instytutpm.eu\\\/#organization\"},\"image\":{\"@id\":\"https:\\\/\\\/instytutpm.eu\\\/integracja-i-partycypacja-spoleczna-na-poziomie-lokalnym\\\/#primaryimage\"},\"thumbnailUrl\":\"https:\\\/\\\/instytutpm.eu\\\/wp-content\\\/uploads\\\/2023\\\/09\\\/ipm-post-integracja.jpeg\",\"articleSection\":[\"Ciekawostka\"],\"inLanguage\":\"en-US\"},{\"@type\":\"WebPage\",\"@id\":\"https:\\\/\\\/instytutpm.eu\\\/integracja-i-partycypacja-spoleczna-na-poziomie-lokalnym\\\/\",\"url\":\"https:\\\/\\\/instytutpm.eu\\\/integracja-i-partycypacja-spoleczna-na-poziomie-lokalnym\\\/\",\"name\":\"Integracja i partycypacja spo\u0142eczna na poziomie lokalnym. Jak mo\u017cemy w\u0142\u0105cza\u0107 spo\u0142ecze\u0144stwo przyjmuj\u0105ce w integracj\u0119 migrant\u00f3w na przyk\u0142adzie do\u015bwiadcze\u0144 z Nadrenii P\u00f3\u0142nocnej \u2013 Westfalii. - Institute Of Migrant Rights\",\"isPartOf\":{\"@id\":\"https:\\\/\\\/instytutpm.eu\\\/#website\"},\"primaryImageOfPage\":{\"@id\":\"https:\\\/\\\/instytutpm.eu\\\/integracja-i-partycypacja-spoleczna-na-poziomie-lokalnym\\\/#primaryimage\"},\"image\":{\"@id\":\"https:\\\/\\\/instytutpm.eu\\\/integracja-i-partycypacja-spoleczna-na-poziomie-lokalnym\\\/#primaryimage\"},\"thumbnailUrl\":\"https:\\\/\\\/instytutpm.eu\\\/wp-content\\\/uploads\\\/2023\\\/09\\\/ipm-post-integracja.jpeg\",\"datePublished\":\"2023-09-05T09:24:14+00:00\",\"dateModified\":\"2023-09-05T09:32:40+00:00\",\"description\":\"Naszyme celem jest kszta\u0142cenie spo\u0142ecze\u0144stwa r\u00f3wnych szans \u015bwiadomego swoich praw, poprzez prowadzenie dzia\u0142alno\u015bci konsultacyjnej i szkoleniowej.\",\"breadcrumb\":{\"@id\":\"https:\\\/\\\/instytutpm.eu\\\/integracja-i-partycypacja-spoleczna-na-poziomie-lokalnym\\\/#breadcrumb\"},\"inLanguage\":\"en-US\",\"potentialAction\":[{\"@type\":\"ReadAction\",\"target\":[\"https:\\\/\\\/instytutpm.eu\\\/integracja-i-partycypacja-spoleczna-na-poziomie-lokalnym\\\/\"]}]},{\"@type\":\"ImageObject\",\"inLanguage\":\"en-US\",\"@id\":\"https:\\\/\\\/instytutpm.eu\\\/integracja-i-partycypacja-spoleczna-na-poziomie-lokalnym\\\/#primaryimage\",\"url\":\"https:\\\/\\\/instytutpm.eu\\\/wp-content\\\/uploads\\\/2023\\\/09\\\/ipm-post-integracja.jpeg\",\"contentUrl\":\"https:\\\/\\\/instytutpm.eu\\\/wp-content\\\/uploads\\\/2023\\\/09\\\/ipm-post-integracja.jpeg\",\"width\":1280,\"height\":853,\"caption\":\"Integracja i partycypacja spo\u0142eczna\"},{\"@type\":\"BreadcrumbList\",\"@id\":\"https:\\\/\\\/instytutpm.eu\\\/integracja-i-partycypacja-spoleczna-na-poziomie-lokalnym\\\/#breadcrumb\",\"itemListElement\":[{\"@type\":\"ListItem\",\"position\":1,\"name\":\"Home\",\"item\":\"https:\\\/\\\/instytutpm.eu\\\/en\\\/\"},{\"@type\":\"ListItem\",\"position\":2,\"name\":\"Integracja i partycypacja spo\u0142eczna na poziomie lokalnym. Jak mo\u017cemy w\u0142\u0105cza\u0107 spo\u0142ecze\u0144stwo przyjmuj\u0105ce w integracj\u0119 migrant\u00f3w na przyk\u0142adzie do\u015bwiadcze\u0144 z Nadrenii P\u00f3\u0142nocnej \u2013 Westfalii.\"}]},{\"@type\":\"WebSite\",\"@id\":\"https:\\\/\\\/instytutpm.eu\\\/#website\",\"url\":\"https:\\\/\\\/instytutpm.eu\\\/\",\"name\":\"Instytut Praw Migrant\u00f3w\",\"description\":\"Free information support for migrants living in Poland\",\"publisher\":{\"@id\":\"https:\\\/\\\/instytutpm.eu\\\/#organization\"},\"alternateName\":\"IPM\",\"potentialAction\":[{\"@type\":\"SearchAction\",\"target\":{\"@type\":\"EntryPoint\",\"urlTemplate\":\"https:\\\/\\\/instytutpm.eu\\\/?s={search_term_string}\"},\"query-input\":{\"@type\":\"PropertyValueSpecification\",\"valueRequired\":true,\"valueName\":\"search_term_string\"}}],\"inLanguage\":\"en-US\"},{\"@type\":\"Organization\",\"@id\":\"https:\\\/\\\/instytutpm.eu\\\/#organization\",\"name\":\"Instytut Praw Migrant\u00f3w\",\"alternateName\":\"IPM\",\"url\":\"https:\\\/\\\/instytutpm.eu\\\/\",\"logo\":{\"@type\":\"ImageObject\",\"inLanguage\":\"en-US\",\"@id\":\"https:\\\/\\\/instytutpm.eu\\\/#\\\/schema\\\/logo\\\/image\\\/\",\"url\":\"https:\\\/\\\/instytutpm.eu\\\/wp-content\\\/uploads\\\/2023\\\/05\\\/ipm-logo.jpg\",\"contentUrl\":\"https:\\\/\\\/instytutpm.eu\\\/wp-content\\\/uploads\\\/2023\\\/05\\\/ipm-logo.jpg\",\"width\":238,\"height\":238,\"caption\":\"Instytut Praw Migrant\u00f3w\"},\"image\":{\"@id\":\"https:\\\/\\\/instytutpm.eu\\\/#\\\/schema\\\/logo\\\/image\\\/\"},\"sameAs\":[\"https:\\\/\\\/www.facebook.com\\\/Instytutpm\",\"https:\\\/\\\/x.com\\\/Instytutipm\"]},{\"@type\":\"Person\",\"@id\":\"https:\\\/\\\/instytutpm.eu\\\/#\\\/schema\\\/person\\\/ec3c01606c0e05e206a100d61702a1c2\",\"name\":\"Karol Korczy\u0144ski\",\"image\":{\"@type\":\"ImageObject\",\"inLanguage\":\"en-US\",\"@id\":\"https:\\\/\\\/instytutpm.eu\\\/wp-content\\\/uploads\\\/2023\\\/09\\\/karol-korczynski_avatar-96x96.jpg\",\"url\":\"https:\\\/\\\/instytutpm.eu\\\/wp-content\\\/uploads\\\/2023\\\/09\\\/karol-korczynski_avatar-96x96.jpg\",\"contentUrl\":\"https:\\\/\\\/instytutpm.eu\\\/wp-content\\\/uploads\\\/2023\\\/09\\\/karol-korczynski_avatar-96x96.jpg\",\"caption\":\"Karol Korczy\u0144ski\"},\"description\":\"Celem Instytutu Praw Migrant\u00f3w jest kszta\u0142cenie spo\u0142ecze\u0144stwa r\u00f3wnych szans \u015bwiadomego swoich praw, poprzez prowadzenie dzia\u0142alno\u015bci konsultacyjnej i szkoleniowej.\",\"url\":\"https:\\\/\\\/instytutpm.eu\\\/en\\\/author\\\/karol893234\\\/\"}]}<\/script>\n<!-- \/ Yoast SEO plugin. -->","yoast_head_json":{"title":"Integracja i partycypacja spo\u0142eczna na poziomie lokalnym. Jak mo\u017cemy w\u0142\u0105cza\u0107 spo\u0142ecze\u0144stwo przyjmuj\u0105ce w integracj\u0119 migrant\u00f3w na przyk\u0142adzie do\u015bwiadcze\u0144 z Nadrenii P\u00f3\u0142nocnej \u2013 Westfalii. - Institute Of Migrant Rights","description":"Naszyme celem jest kszta\u0142cenie spo\u0142ecze\u0144stwa r\u00f3wnych szans \u015bwiadomego swoich praw, poprzez prowadzenie dzia\u0142alno\u015bci konsultacyjnej i szkoleniowej.","robots":{"index":"index","follow":"follow","max-snippet":"max-snippet:-1","max-image-preview":"max-image-preview:large","max-video-preview":"max-video-preview:-1"},"canonical":"https:\/\/instytutpm.eu\/integracja-i-partycypacja-spoleczna-na-poziomie-lokalnym\/","og_locale":"en_US","og_type":"article","og_title":"Integracja i partycypacja spo\u0142eczna na poziomie lokalnym. Jak mo\u017cemy w\u0142\u0105cza\u0107 spo\u0142ecze\u0144stwo przyjmuj\u0105ce w integracj\u0119 migrant\u00f3w na przyk\u0142adzie do\u015bwiadcze\u0144 z Nadrenii P\u00f3\u0142nocnej \u2013 Westfalii. - Institute Of Migrant Rights","og_description":"Naszyme celem jest kszta\u0142cenie spo\u0142ecze\u0144stwa r\u00f3wnych szans \u015bwiadomego swoich praw, poprzez prowadzenie dzia\u0142alno\u015bci konsultacyjnej i szkoleniowej.","og_url":"https:\/\/instytutpm.eu\/integracja-i-partycypacja-spoleczna-na-poziomie-lokalnym\/","og_site_name":"Institute Of Migrant Rights","article_publisher":"https:\/\/www.facebook.com\/Instytutpm","article_published_time":"2023-09-05T09:24:14+00:00","article_modified_time":"2023-09-05T09:32:40+00:00","og_image":[{"width":1280,"height":853,"url":"https:\/\/instytutpm.eu\/wp-content\/uploads\/2023\/09\/ipm-post-integracja.jpeg","type":"image\/jpeg"}],"author":"Karol Korczy\u0144ski","twitter_card":"summary_large_image","twitter_creator":"@Instytutipm","twitter_site":"@Instytutipm","twitter_misc":{"Written by":"Karol Korczy\u0144ski","Est. reading time":"6 minutes"},"schema":{"@context":"https:\/\/schema.org","@graph":[{"@type":"Article","@id":"https:\/\/instytutpm.eu\/integracja-i-partycypacja-spoleczna-na-poziomie-lokalnym\/#article","isPartOf":{"@id":"https:\/\/instytutpm.eu\/integracja-i-partycypacja-spoleczna-na-poziomie-lokalnym\/"},"author":{"name":"Karol Korczy\u0144ski","@id":"https:\/\/instytutpm.eu\/#\/schema\/person\/ec3c01606c0e05e206a100d61702a1c2"},"headline":"Integracja i partycypacja spo\u0142eczna na poziomie lokalnym. Jak mo\u017cemy w\u0142\u0105cza\u0107 spo\u0142ecze\u0144stwo przyjmuj\u0105ce w integracj\u0119 migrant\u00f3w na przyk\u0142adzie do\u015bwiadcze\u0144 z Nadrenii P\u00f3\u0142nocnej \u2013 Westfalii.","datePublished":"2023-09-05T09:24:14+00:00","dateModified":"2023-09-05T09:32:40+00:00","mainEntityOfPage":{"@id":"https:\/\/instytutpm.eu\/integracja-i-partycypacja-spoleczna-na-poziomie-lokalnym\/"},"wordCount":1539,"publisher":{"@id":"https:\/\/instytutpm.eu\/#organization"},"image":{"@id":"https:\/\/instytutpm.eu\/integracja-i-partycypacja-spoleczna-na-poziomie-lokalnym\/#primaryimage"},"thumbnailUrl":"https:\/\/instytutpm.eu\/wp-content\/uploads\/2023\/09\/ipm-post-integracja.jpeg","articleSection":["Ciekawostka"],"inLanguage":"en-US"},{"@type":"WebPage","@id":"https:\/\/instytutpm.eu\/integracja-i-partycypacja-spoleczna-na-poziomie-lokalnym\/","url":"https:\/\/instytutpm.eu\/integracja-i-partycypacja-spoleczna-na-poziomie-lokalnym\/","name":"Integracja i partycypacja spo\u0142eczna na poziomie lokalnym. Jak mo\u017cemy w\u0142\u0105cza\u0107 spo\u0142ecze\u0144stwo przyjmuj\u0105ce w integracj\u0119 migrant\u00f3w na przyk\u0142adzie do\u015bwiadcze\u0144 z Nadrenii P\u00f3\u0142nocnej \u2013 Westfalii. - Institute Of Migrant Rights","isPartOf":{"@id":"https:\/\/instytutpm.eu\/#website"},"primaryImageOfPage":{"@id":"https:\/\/instytutpm.eu\/integracja-i-partycypacja-spoleczna-na-poziomie-lokalnym\/#primaryimage"},"image":{"@id":"https:\/\/instytutpm.eu\/integracja-i-partycypacja-spoleczna-na-poziomie-lokalnym\/#primaryimage"},"thumbnailUrl":"https:\/\/instytutpm.eu\/wp-content\/uploads\/2023\/09\/ipm-post-integracja.jpeg","datePublished":"2023-09-05T09:24:14+00:00","dateModified":"2023-09-05T09:32:40+00:00","description":"Naszyme celem jest kszta\u0142cenie spo\u0142ecze\u0144stwa r\u00f3wnych szans \u015bwiadomego swoich praw, poprzez prowadzenie dzia\u0142alno\u015bci konsultacyjnej i szkoleniowej.","breadcrumb":{"@id":"https:\/\/instytutpm.eu\/integracja-i-partycypacja-spoleczna-na-poziomie-lokalnym\/#breadcrumb"},"inLanguage":"en-US","potentialAction":[{"@type":"ReadAction","target":["https:\/\/instytutpm.eu\/integracja-i-partycypacja-spoleczna-na-poziomie-lokalnym\/"]}]},{"@type":"ImageObject","inLanguage":"en-US","@id":"https:\/\/instytutpm.eu\/integracja-i-partycypacja-spoleczna-na-poziomie-lokalnym\/#primaryimage","url":"https:\/\/instytutpm.eu\/wp-content\/uploads\/2023\/09\/ipm-post-integracja.jpeg","contentUrl":"https:\/\/instytutpm.eu\/wp-content\/uploads\/2023\/09\/ipm-post-integracja.jpeg","width":1280,"height":853,"caption":"Integracja i partycypacja spo\u0142eczna"},{"@type":"BreadcrumbList","@id":"https:\/\/instytutpm.eu\/integracja-i-partycypacja-spoleczna-na-poziomie-lokalnym\/#breadcrumb","itemListElement":[{"@type":"ListItem","position":1,"name":"Home","item":"https:\/\/instytutpm.eu\/en\/"},{"@type":"ListItem","position":2,"name":"Integracja i partycypacja spo\u0142eczna na poziomie lokalnym. Jak mo\u017cemy w\u0142\u0105cza\u0107 spo\u0142ecze\u0144stwo przyjmuj\u0105ce w integracj\u0119 migrant\u00f3w na przyk\u0142adzie do\u015bwiadcze\u0144 z Nadrenii P\u00f3\u0142nocnej \u2013 Westfalii."}]},{"@type":"WebSite","@id":"https:\/\/instytutpm.eu\/#website","url":"https:\/\/instytutpm.eu\/","name":"Instytut Praw Migrant\u00f3w","description":"Free information support for migrants living in Poland","publisher":{"@id":"https:\/\/instytutpm.eu\/#organization"},"alternateName":"IPM","potentialAction":[{"@type":"SearchAction","target":{"@type":"EntryPoint","urlTemplate":"https:\/\/instytutpm.eu\/?s={search_term_string}"},"query-input":{"@type":"PropertyValueSpecification","valueRequired":true,"valueName":"search_term_string"}}],"inLanguage":"en-US"},{"@type":"Organization","@id":"https:\/\/instytutpm.eu\/#organization","name":"Instytut Praw Migrant\u00f3w","alternateName":"IPM","url":"https:\/\/instytutpm.eu\/","logo":{"@type":"ImageObject","inLanguage":"en-US","@id":"https:\/\/instytutpm.eu\/#\/schema\/logo\/image\/","url":"https:\/\/instytutpm.eu\/wp-content\/uploads\/2023\/05\/ipm-logo.jpg","contentUrl":"https:\/\/instytutpm.eu\/wp-content\/uploads\/2023\/05\/ipm-logo.jpg","width":238,"height":238,"caption":"Instytut Praw Migrant\u00f3w"},"image":{"@id":"https:\/\/instytutpm.eu\/#\/schema\/logo\/image\/"},"sameAs":["https:\/\/www.facebook.com\/Instytutpm","https:\/\/x.com\/Instytutipm"]},{"@type":"Person","@id":"https:\/\/instytutpm.eu\/#\/schema\/person\/ec3c01606c0e05e206a100d61702a1c2","name":"Karol Korczy\u0144ski","image":{"@type":"ImageObject","inLanguage":"en-US","@id":"https:\/\/instytutpm.eu\/wp-content\/uploads\/2023\/09\/karol-korczynski_avatar-96x96.jpg","url":"https:\/\/instytutpm.eu\/wp-content\/uploads\/2023\/09\/karol-korczynski_avatar-96x96.jpg","contentUrl":"https:\/\/instytutpm.eu\/wp-content\/uploads\/2023\/09\/karol-korczynski_avatar-96x96.jpg","caption":"Karol Korczy\u0144ski"},"description":"Celem Instytutu Praw Migrant\u00f3w jest kszta\u0142cenie spo\u0142ecze\u0144stwa r\u00f3wnych szans \u015bwiadomego swoich praw, poprzez prowadzenie dzia\u0142alno\u015bci konsultacyjnej i szkoleniowej.","url":"https:\/\/instytutpm.eu\/en\/author\/karol893234\/"}]}},"author_meta":{"display_name":"Karol Korczy\u0144ski","author_link":"https:\/\/instytutpm.eu\/en\/author\/karol893234\/"},"featured_img":"https:\/\/instytutpm.eu\/wp-content\/uploads\/2023\/09\/ipm-post-integracja-600x400.jpeg","coauthors":[],"tax_additional":{"categories":{"linked":["<a href=\"https:\/\/instytutpm.eu\/en\/category\/ciekawostka\/\" class=\"advgb-post-tax-term\">Ciekawostka<\/a>"],"unlinked":["<span class=\"advgb-post-tax-term\">Ciekawostka<\/span>"]}},"comment_count":"0","relative_dates":{"created":"Posted 3 years ago","modified":"Updated 3 years ago"},"absolute_dates":{"created":"Posted on 2023-09-05","modified":"Updated on 2023-09-05"},"absolute_dates_time":{"created":"Posted on 2023-09-05 11:24","modified":"Updated on 2023-09-05 11:32"},"featured_img_caption":"","series_order":"","_links":{"self":[{"href":"https:\/\/instytutpm.eu\/en\/wp-json\/wp\/v2\/posts\/2235","targetHints":{"allow":["GET"]}}],"collection":[{"href":"https:\/\/instytutpm.eu\/en\/wp-json\/wp\/v2\/posts"}],"about":[{"href":"https:\/\/instytutpm.eu\/en\/wp-json\/wp\/v2\/types\/post"}],"author":[{"embeddable":true,"href":"https:\/\/instytutpm.eu\/en\/wp-json\/wp\/v2\/users\/12"}],"replies":[{"embeddable":true,"href":"https:\/\/instytutpm.eu\/en\/wp-json\/wp\/v2\/comments?post=2235"}],"version-history":[{"count":2,"href":"https:\/\/instytutpm.eu\/en\/wp-json\/wp\/v2\/posts\/2235\/revisions"}],"predecessor-version":[{"id":2244,"href":"https:\/\/instytutpm.eu\/en\/wp-json\/wp\/v2\/posts\/2235\/revisions\/2244"}],"wp:featuredmedia":[{"embeddable":true,"href":"https:\/\/instytutpm.eu\/en\/wp-json\/wp\/v2\/media\/2236"}],"wp:attachment":[{"href":"https:\/\/instytutpm.eu\/en\/wp-json\/wp\/v2\/media?parent=2235"}],"wp:term":[{"taxonomy":"category","embeddable":true,"href":"https:\/\/instytutpm.eu\/en\/wp-json\/wp\/v2\/categories?post=2235"},{"taxonomy":"post_tag","embeddable":true,"href":"https:\/\/instytutpm.eu\/en\/wp-json\/wp\/v2\/tags?post=2235"}],"curies":[{"name":"wp","href":"https:\/\/api.w.org\/{rel}","templated":true}]}}