{"id":2210,"date":"2023-07-27T13:55:50","date_gmt":"2023-07-27T11:55:50","guid":{"rendered":"https:\/\/instytutpm.eu\/?p=2210"},"modified":"2023-08-08T14:19:13","modified_gmt":"2023-08-08T12:19:13","slug":"ewolucja-polityki-migracyjnej-polski-po-1989-roku-opracowanie-prezentacji-dr-agnieszki-florczak-z-uniwersytetu-wroclawskiego","status":"publish","type":"post","link":"https:\/\/instytutpm.eu\/en\/ewolucja-polityki-migracyjnej-polski-po-1989-roku-opracowanie-prezentacji-dr-agnieszki-florczak-z-uniwersytetu-wroclawskiego\/","title":{"rendered":"Ewolucja polityki migracyjnej Polski po 1989 roku. Opracowanie prezentacji dr Agnieszki Florczak z Uniwersytetu Wroc\u0142awskiego."},"content":{"rendered":"\n<p>Od 1989 roku Polska przesz\u0142a kilka etap\u00f3w zwi\u0105zanych ze zjawiskami migracyjnymi. . Z kraju typowo emigracyjnego, kt\u00f3rym by\u0142a do pocz\u0105tku lat 90., przez kraj emigracyjno-imigracyjny, do kraju imigracyjnego, kt\u00f3rym jest obecnie. Ze wzgl\u0119du na du\u017c\u0105 liczb\u0119 migrant\u00f3w wojennych z 2022 roku liczba ludno\u015bci Polski po raz pierwszy przekroczy\u0142a 40 mln os\u00f3b. Sam ten fakt budzi kontrowersje ze strony spo\u0142ecze\u0144stwa polskiego, poniewa\u017c Polacy nie s\u0105 zgodnico do przyjmowania innych os\u00f3b w swoim kraju. Pomijaj\u0105c spolaryzowane opinie Polak\u00f3w, zmiana statusu kraju pozytywnie wp\u0142yn\u0119\u0142a na jego rozw\u00f3j. Przyjmowanie obcokrajowc\u00f3w, a zw\u0142aszcza migrant\u00f3w ekonomicznych z Ukrainy, \u0142agodzi problemy demograficzne zwi\u0105zane ze starzeniem si\u0119 spo\u0142ecze\u0144stwa. Zgodnie z danymi GUS-u w ci\u0105gu ostatnich 10 lat odsetek ludno\u015bci w wieku powy\u017cej 70 r.\u017c wzr\u00f3s\u0142 z 10% do prawie 13%. Poni\u017cej przedstawiamy kolejne fazy ewolucji polskiej polityki migracyjnej na podstawie prezentacji dr Agnieszki Florczak z Uniwersytetu Wroc\u0142awskiego, przedstawionej podczas \u015arodkowoeuropejskiego Forum Integracyjnego 5 czerwca 2023 roku. Kluczowy jest tu fakt, i\u017c Polska w ci\u0105gu ostatnich 30 lat przekszta\u0142ci\u0142a si\u0119 z kraju emigracyjnego w kraj imigracyjny. W naszym kraju coraz ch\u0119tniej zamieszkuj\u0105 nie tylko nasi wschodni s\u0105siedzi, cho\u0107 to w\u0142a\u015bnie liczba przyje\u017cd\u017caj\u0105cych Ukrai\u0144c\u00f3w spowodowa\u0142a, \u017ce odsetek cudzoziemc\u00f3w przebywaj\u0105cych w Polsce si\u0119gn\u0105\u0142 poziomu prawie 8% populacji (w 2010 r. by\u0142o to bowiem tylko 0,1 %).<\/p>\n\n\n\n<figure class=\"wp-block-image size-full\"><img loading=\"lazy\" decoding=\"async\" width=\"1280\" height=\"853\" src=\"https:\/\/instytutpm.eu\/wp-content\/uploads\/2023\/07\/ewolucja-polityki-migracyjnej.jpg\" alt=\"Ewolucja polityki migracyjnej\" class=\"wp-image-2212\"\/><\/figure>\n\n\n\n<h2 class=\"wp-block-heading\">I faza (1989-1997)<\/h2>\n\n\n\n<p>Do kraju nie przybywa\u0142o wtedy wielu migrant\u00f3w. To Polacy o wiele cz\u0119\u015bciej wyje\u017cd\u017cali z kraju. Dla Polski 1989 roku migracje mi\u0119dzynarodowe by\u0142y czym\u015b nowym i stanowi\u0142y du\u017ce wyzwanie. Cudzoziemcy przyje\u017cd\u017cali do Polski zazwyczaj w celach zarobkowych, a cz\u0119sto na kr\u00f3tki termin. W 1990 zacz\u0119li pojawia\u0107 si\u0119 te\u017c uchod\u017acy, ale Polska nie by\u0142a ani instytucjonalnie, ani prawnie gotowa na ich przyjmowanie.<\/p>\n\n\n\n<h2 class=\"wp-block-heading\">II faza (1997-2016)<\/h2>\n\n\n\n<p>Ten okres cechuje si\u0119 rozwojem polityki azylowej i imigracyjnej UE, a dla Polski to jest czas nowych mo\u017cliwo\u015bci ze wzgl\u0119du na przy\u0142\u0105czenie si\u0119 do Unii w 2004 roku. W \u015bwietle tych zmian stali\u015bmy si\u0119 cz\u0119\u015bci\u0105 unijnego systemu kontroli migracji, a postawy Polak\u00f3w zacz\u0119\u0142y zmienia\u0107 si\u0119 nabardziej otwarte wobec obcokrajowc\u00f3w. Lata 2006-2007 by\u0142y wa\u017cne w kontek\u015bcie nowego podej\u015bcia i uproszczenia procedury zatrudnienia cudzoziemc\u00f3w w Polsce. Z kolei rok 2012 zaowocowa\u0142 przyj\u0119ciem dokumentu \u201ePolityka migracyjna Polski\u201d. By\u0142 to pierwszy dokument strategiczny o tematyce migracyjnej. Dokument by\u0142 dyskutowany i krytykowany, ale jego powstanie by\u0142o wa\u017cnym elementem w kszta\u0142towaniu polityki migracyjnej jako polityki publicznej. Z kolei lata 2015-2016 by\u0142y bardzo wa\u017cne w kontek\u015bcie wyzwania migracyjnego w ca\u0142ej Europie. W 2015 do kraj\u00f3w europejskich przyby\u0142 ponad milion uchod\u017ac\u00f3w z Bliskiego Wschodu i Afryki. W Polsce pojawi\u0142o si\u0119 niewiele ponad 12 tys. wniosk\u00f3w o udzielenie ochrony mi\u0119dzynarodowej. Mo\u017cemy stwierdzi\u0107, \u017ce ta fala migracyjna w zasadzie omin\u0119\u0142a nasz kraj.<\/p>\n\n\n\n<h2 class=\"wp-block-heading\">III faza (2016-2022)<\/h2>\n\n\n\n<p>W tym okresie Polacy otwarcie przyjmowali obywateli Ukrainy, a jednocze\u015bnie sprzeciwiali si\u0119 zapewnieniu ochrony mi\u0119dzynarodowej uchod\u017acom z Bliskiego Wschodu. By\u0142 to czas, w kt\u00f3rym nast\u0105pi\u0142a mocna sekurytyzacja polityki migracyjnej. Oznacza to, \u017ce dyskusja na ten temat zacz\u0119\u0142a by\u0107 ramowana w kategoriach bezpiecze\u0144stwa i zagro\u017ce\u0144 terrorystycznych ze strony uchod\u017ac\u00f3w.\u00a0 Doprowadzi\u0142o to do zmiany postawy Polak\u00f3w wobec uchod\u017ac\u00f3w z kraj\u00f3w afryka\u0144skich i z Bliskiego Wschodu. W 2015 roku temat bezpiecze\u0144stwa w \u015bwietle bardzo du\u017cej liczbyuchod\u017ac\u00f3w wyznania muzu\u0142ma\u0144skiego wszed\u0142 do dyskursu publicznego, ale ogranicza\u0142 si\u0119 do postrzegania tych os\u00f3b przez pryzmat religijny. Panowa\u0142o przekonanie, \u017ce muzu\u0142manie byli niebezpieczni. Narracja o niebezpiecze\u0144stwie i ryzyku terrorystycznym by\u0142a promowana przez polskich polityk\u00f3w, zw\u0142aszcza parti\u0119 rz\u0105dz\u0105c\u0105. Tak w Polsce zacz\u0119\u0142a rosn\u0105\u0107 i umacnia\u0107 si\u0119 niech\u0119\u0107 wobec os\u00f3b wyznania muzu\u0142ma\u0144skiego. Widzimy du\u017cy dysonans mi\u0119dzy poparciem dla migrant\u00f3w z Ukrainy a akceptacj\u0105 os\u00f3b z Bliskiego Wschodu czy Afryki. Polskie spo\u0142ecze\u0144stwo, przez wiele dekad wyj\u0105tkowo jednolite etnicznie, mia\u0142o zrozumia\u0142e problemy z szybkim otwarciem si\u0119 na inne kultury. Przekaz medialny i polityczny wcale tego Polakom nie u\u0142atwia\u0142. Podobne by\u0142y zreszt\u0105 przyczyny reakcji spo\u0142ecznej na dzia\u0142ania Stra\u017cy Granicznej na granicy polsko-bia\u0142oruskiej od 2021 roku. Poparcie dla muzu\u0142man\u00f3w w Polsce jest bardzo niewielkie, a ich liczba w Polsce jest znikoma. W niekt\u00f3rych krajach, na przyk\u0142ad we Francji, du\u017cy udzia\u0142 ludno\u015bci muzu\u0142ma\u0144skiej w populacji idzie w parze ze wzgl\u0119dnie pozytywnym nastawieniem wobec przedstawicieli tej religii (Ryc.1.).<\/p>\n\n\n\n<figure class=\"wp-block-image aligncenter size-full\"><img loading=\"lazy\" decoding=\"async\" width=\"645\" height=\"575\" src=\"https:\/\/instytutpm.eu\/wp-content\/uploads\/2023\/07\/liczba-mazulmanow.jpg\" alt=\"Liczba muzu\u0142man\u00f3w i nastawienie wobec nich w poszczeg\u00f3lnych krajach Unii Europejskiej\" class=\"wp-image-2218\"\/><figcaption class=\"wp-element-caption\">Ryc. 1. Liczba muzu\u0142man\u00f3w i nastawienie wobec nich w wybranych krajach Unii Europejskiej<br><em>\u0179r\u00f3d\u0142o: PEW Research Center za uchod\u017acy.info.<\/em><\/figcaption><\/figure>\n\n\n\n\n\n\n\n<h2 class=\"wp-block-heading\">IV faza (od 2022 roku)<\/h2>\n\n\n\n<p>Jest to faza, kt\u00f3rej pocz\u0105tek podyktowa\u0142a wojna w Ukrainie i liczba uchod\u017ac\u00f3w wojennych, kt\u00f3rych przyj\u0119li\u015bmy od 24 lutego 2022 roku. Sytuacja za wschodni\u0105 granic\u0105 wymusi\u0142a uruchomienie dyrektywy o ochronie czasowej obywateli Ukrainy i zdecydowanych szybkich dzia\u0142a\u0144. Mimo \u017ce liczba migrant\u00f3w gwa\u0142townie wzros\u0142a, to polityka integracyjna wci\u0105\u017c nie pojawia si\u0119 w debacie publicznej. Brak dokument\u00f3w strategicznych wyznaczaj\u0105cych d\u0142ugofalowe cele polityki migracyjnej stanowi zagro\u017cenie dla Polski jako kraju imigracyjnego, kt\u00f3rym sta\u0142a si\u0119 g\u0142\u00f3wnie za spraw\u0105 migracji zarobkowych, najcz\u0119\u015bciej&nbsp; kr\u00f3tkoterminowych i cyrkulacyjnych (przede wszystkim z Ukrainy).<\/p>\n","protected":false},"excerpt":{"rendered":"<p>Od 1989 roku Polska przesz\u0142a kilka etap\u00f3w zwi\u0105zanych ze zjawiskami migracyjnymi. . Z kraju typowo emigracyjnego, kt\u00f3rym by\u0142a do pocz\u0105tku lat 90., przez kraj emigracyjno-imigracyjny, do kraju imigracyjnego, kt\u00f3rym jest obecnie. Ze wzgl\u0119du na du\u017c\u0105 liczb\u0119 migrant\u00f3w wojennych z 2022 roku liczba ludno\u015bci Polski po raz pierwszy przekroczy\u0142a 40 mln os\u00f3b. Sam ten fakt budzi&#8230;<\/p>\n","protected":false},"author":11,"featured_media":2212,"comment_status":"closed","ping_status":"closed","sticky":false,"template":"","format":"standard","meta":{"inline_featured_image":false,"advgb_blocks_editor_width":"","advgb_blocks_columns_visual_guide":"","footnotes":""},"categories":[5],"tags":[],"class_list":["post-2210","post","type-post","status-publish","format-standard","has-post-thumbnail","hentry","category-ciekawostka"],"yoast_head":"<!-- This site is optimized with the Yoast SEO plugin v27.5 - https:\/\/yoast.com\/product\/yoast-seo-wordpress\/ -->\n<title>Ewolucja polityki migracyjnej Polski po 1989 roku. Opracowanie prezentacji dr Agnieszki Florczak z Uniwersytetu Wroc\u0142awskiego. - Institute Of Migrant Rights<\/title>\n<meta name=\"description\" content=\"Naszyme celem jest kszta\u0142cenie spo\u0142ecze\u0144stwa r\u00f3wnych szans \u015bwiadomego swoich praw, poprzez prowadzenie dzia\u0142alno\u015bci konsultacyjnej i szkoleniowej.\" \/>\n<meta name=\"robots\" content=\"index, follow, max-snippet:-1, max-image-preview:large, max-video-preview:-1\" \/>\n<link rel=\"canonical\" href=\"https:\/\/instytutpm.eu\/ewolucja-polityki-migracyjnej-polski-po-1989-roku-opracowanie-prezentacji-dr-agnieszki-florczak-z-uniwersytetu-wroclawskiego\/\" \/>\n<meta property=\"og:locale\" content=\"en_US\" \/>\n<meta property=\"og:type\" content=\"article\" \/>\n<meta property=\"og:title\" content=\"Ewolucja polityki migracyjnej Polski po 1989 roku. Opracowanie prezentacji dr Agnieszki Florczak z Uniwersytetu Wroc\u0142awskiego. - Institute Of Migrant Rights\" \/>\n<meta property=\"og:description\" content=\"Naszyme celem jest kszta\u0142cenie spo\u0142ecze\u0144stwa r\u00f3wnych szans \u015bwiadomego swoich praw, poprzez prowadzenie dzia\u0142alno\u015bci konsultacyjnej i szkoleniowej.\" \/>\n<meta property=\"og:url\" content=\"https:\/\/instytutpm.eu\/ewolucja-polityki-migracyjnej-polski-po-1989-roku-opracowanie-prezentacji-dr-agnieszki-florczak-z-uniwersytetu-wroclawskiego\/\" \/>\n<meta property=\"og:site_name\" content=\"Institute Of Migrant Rights\" \/>\n<meta property=\"article:publisher\" content=\"https:\/\/www.facebook.com\/Instytutpm\" \/>\n<meta property=\"article:published_time\" content=\"2023-07-27T11:55:50+00:00\" \/>\n<meta property=\"article:modified_time\" content=\"2023-08-08T12:19:13+00:00\" \/>\n<meta property=\"og:image\" content=\"https:\/\/instytutpm.eu\/wp-content\/uploads\/2023\/07\/ewolucja-polityki-migracyjnej.jpg\" \/>\n\t<meta property=\"og:image:width\" content=\"1280\" \/>\n\t<meta property=\"og:image:height\" content=\"853\" \/>\n\t<meta property=\"og:image:type\" content=\"image\/jpeg\" \/>\n<meta name=\"author\" content=\"Ksenia Pletnova\" \/>\n<meta name=\"twitter:card\" content=\"summary_large_image\" \/>\n<meta name=\"twitter:creator\" content=\"@Instytutipm\" \/>\n<meta name=\"twitter:site\" content=\"@Instytutipm\" \/>\n<meta name=\"twitter:label1\" content=\"Written by\" \/>\n\t<meta name=\"twitter:data1\" content=\"Ksenia Pletnova\" \/>\n\t<meta name=\"twitter:label2\" content=\"Est. reading time\" \/>\n\t<meta name=\"twitter:data2\" content=\"4 minutes\" \/>\n<script type=\"application\/ld+json\" class=\"yoast-schema-graph\">{\"@context\":\"https:\\\/\\\/schema.org\",\"@graph\":[{\"@type\":\"Article\",\"@id\":\"https:\\\/\\\/instytutpm.eu\\\/ewolucja-polityki-migracyjnej-polski-po-1989-roku-opracowanie-prezentacji-dr-agnieszki-florczak-z-uniwersytetu-wroclawskiego\\\/#article\",\"isPartOf\":{\"@id\":\"https:\\\/\\\/instytutpm.eu\\\/ewolucja-polityki-migracyjnej-polski-po-1989-roku-opracowanie-prezentacji-dr-agnieszki-florczak-z-uniwersytetu-wroclawskiego\\\/\"},\"author\":{\"name\":\"Ksenia Pletnova\",\"@id\":\"https:\\\/\\\/instytutpm.eu\\\/#\\\/schema\\\/person\\\/d5f966e83d4ad4b83ac2991f8d7b6868\"},\"headline\":\"Ewolucja polityki migracyjnej Polski po 1989 roku. Opracowanie prezentacji dr Agnieszki Florczak z Uniwersytetu Wroc\u0142awskiego.\",\"datePublished\":\"2023-07-27T11:55:50+00:00\",\"dateModified\":\"2023-08-08T12:19:13+00:00\",\"mainEntityOfPage\":{\"@id\":\"https:\\\/\\\/instytutpm.eu\\\/ewolucja-polityki-migracyjnej-polski-po-1989-roku-opracowanie-prezentacji-dr-agnieszki-florczak-z-uniwersytetu-wroclawskiego\\\/\"},\"wordCount\":926,\"publisher\":{\"@id\":\"https:\\\/\\\/instytutpm.eu\\\/#organization\"},\"image\":{\"@id\":\"https:\\\/\\\/instytutpm.eu\\\/ewolucja-polityki-migracyjnej-polski-po-1989-roku-opracowanie-prezentacji-dr-agnieszki-florczak-z-uniwersytetu-wroclawskiego\\\/#primaryimage\"},\"thumbnailUrl\":\"https:\\\/\\\/instytutpm.eu\\\/wp-content\\\/uploads\\\/2023\\\/07\\\/ewolucja-polityki-migracyjnej.jpg\",\"articleSection\":[\"Ciekawostka\"],\"inLanguage\":\"en-US\"},{\"@type\":\"WebPage\",\"@id\":\"https:\\\/\\\/instytutpm.eu\\\/ewolucja-polityki-migracyjnej-polski-po-1989-roku-opracowanie-prezentacji-dr-agnieszki-florczak-z-uniwersytetu-wroclawskiego\\\/\",\"url\":\"https:\\\/\\\/instytutpm.eu\\\/ewolucja-polityki-migracyjnej-polski-po-1989-roku-opracowanie-prezentacji-dr-agnieszki-florczak-z-uniwersytetu-wroclawskiego\\\/\",\"name\":\"Ewolucja polityki migracyjnej Polski po 1989 roku. Opracowanie prezentacji dr Agnieszki Florczak z Uniwersytetu Wroc\u0142awskiego. - Institute Of Migrant Rights\",\"isPartOf\":{\"@id\":\"https:\\\/\\\/instytutpm.eu\\\/#website\"},\"primaryImageOfPage\":{\"@id\":\"https:\\\/\\\/instytutpm.eu\\\/ewolucja-polityki-migracyjnej-polski-po-1989-roku-opracowanie-prezentacji-dr-agnieszki-florczak-z-uniwersytetu-wroclawskiego\\\/#primaryimage\"},\"image\":{\"@id\":\"https:\\\/\\\/instytutpm.eu\\\/ewolucja-polityki-migracyjnej-polski-po-1989-roku-opracowanie-prezentacji-dr-agnieszki-florczak-z-uniwersytetu-wroclawskiego\\\/#primaryimage\"},\"thumbnailUrl\":\"https:\\\/\\\/instytutpm.eu\\\/wp-content\\\/uploads\\\/2023\\\/07\\\/ewolucja-polityki-migracyjnej.jpg\",\"datePublished\":\"2023-07-27T11:55:50+00:00\",\"dateModified\":\"2023-08-08T12:19:13+00:00\",\"description\":\"Naszyme celem jest kszta\u0142cenie spo\u0142ecze\u0144stwa r\u00f3wnych szans \u015bwiadomego swoich praw, poprzez prowadzenie dzia\u0142alno\u015bci konsultacyjnej i szkoleniowej.\",\"breadcrumb\":{\"@id\":\"https:\\\/\\\/instytutpm.eu\\\/ewolucja-polityki-migracyjnej-polski-po-1989-roku-opracowanie-prezentacji-dr-agnieszki-florczak-z-uniwersytetu-wroclawskiego\\\/#breadcrumb\"},\"inLanguage\":\"en-US\",\"potentialAction\":[{\"@type\":\"ReadAction\",\"target\":[\"https:\\\/\\\/instytutpm.eu\\\/ewolucja-polityki-migracyjnej-polski-po-1989-roku-opracowanie-prezentacji-dr-agnieszki-florczak-z-uniwersytetu-wroclawskiego\\\/\"]}]},{\"@type\":\"ImageObject\",\"inLanguage\":\"en-US\",\"@id\":\"https:\\\/\\\/instytutpm.eu\\\/ewolucja-polityki-migracyjnej-polski-po-1989-roku-opracowanie-prezentacji-dr-agnieszki-florczak-z-uniwersytetu-wroclawskiego\\\/#primaryimage\",\"url\":\"https:\\\/\\\/instytutpm.eu\\\/wp-content\\\/uploads\\\/2023\\\/07\\\/ewolucja-polityki-migracyjnej.jpg\",\"contentUrl\":\"https:\\\/\\\/instytutpm.eu\\\/wp-content\\\/uploads\\\/2023\\\/07\\\/ewolucja-polityki-migracyjnej.jpg\",\"width\":1280,\"height\":853,\"caption\":\"Ewolucja polityki migracyjnej\"},{\"@type\":\"BreadcrumbList\",\"@id\":\"https:\\\/\\\/instytutpm.eu\\\/ewolucja-polityki-migracyjnej-polski-po-1989-roku-opracowanie-prezentacji-dr-agnieszki-florczak-z-uniwersytetu-wroclawskiego\\\/#breadcrumb\",\"itemListElement\":[{\"@type\":\"ListItem\",\"position\":1,\"name\":\"Home\",\"item\":\"https:\\\/\\\/instytutpm.eu\\\/en\\\/\"},{\"@type\":\"ListItem\",\"position\":2,\"name\":\"Ewolucja polityki migracyjnej Polski po 1989 roku. Opracowanie prezentacji dr Agnieszki Florczak z Uniwersytetu Wroc\u0142awskiego.\"}]},{\"@type\":\"WebSite\",\"@id\":\"https:\\\/\\\/instytutpm.eu\\\/#website\",\"url\":\"https:\\\/\\\/instytutpm.eu\\\/\",\"name\":\"Instytut Praw Migrant\u00f3w\",\"description\":\"Free information support for migrants living in Poland\",\"publisher\":{\"@id\":\"https:\\\/\\\/instytutpm.eu\\\/#organization\"},\"alternateName\":\"IPM\",\"potentialAction\":[{\"@type\":\"SearchAction\",\"target\":{\"@type\":\"EntryPoint\",\"urlTemplate\":\"https:\\\/\\\/instytutpm.eu\\\/?s={search_term_string}\"},\"query-input\":{\"@type\":\"PropertyValueSpecification\",\"valueRequired\":true,\"valueName\":\"search_term_string\"}}],\"inLanguage\":\"en-US\"},{\"@type\":\"Organization\",\"@id\":\"https:\\\/\\\/instytutpm.eu\\\/#organization\",\"name\":\"Instytut Praw Migrant\u00f3w\",\"alternateName\":\"IPM\",\"url\":\"https:\\\/\\\/instytutpm.eu\\\/\",\"logo\":{\"@type\":\"ImageObject\",\"inLanguage\":\"en-US\",\"@id\":\"https:\\\/\\\/instytutpm.eu\\\/#\\\/schema\\\/logo\\\/image\\\/\",\"url\":\"https:\\\/\\\/instytutpm.eu\\\/wp-content\\\/uploads\\\/2023\\\/05\\\/ipm-logo.jpg\",\"contentUrl\":\"https:\\\/\\\/instytutpm.eu\\\/wp-content\\\/uploads\\\/2023\\\/05\\\/ipm-logo.jpg\",\"width\":238,\"height\":238,\"caption\":\"Instytut Praw Migrant\u00f3w\"},\"image\":{\"@id\":\"https:\\\/\\\/instytutpm.eu\\\/#\\\/schema\\\/logo\\\/image\\\/\"},\"sameAs\":[\"https:\\\/\\\/www.facebook.com\\\/Instytutpm\",\"https:\\\/\\\/x.com\\\/Instytutipm\"]},{\"@type\":\"Person\",\"@id\":\"https:\\\/\\\/instytutpm.eu\\\/#\\\/schema\\\/person\\\/d5f966e83d4ad4b83ac2991f8d7b6868\",\"name\":\"Ksenia Pletnova\",\"image\":{\"@type\":\"ImageObject\",\"inLanguage\":\"en-US\",\"@id\":\"https:\\\/\\\/instytutpm.eu\\\/wp-content\\\/uploads\\\/2023\\\/08\\\/ksenia-pletneva-96x96.webp\",\"url\":\"https:\\\/\\\/instytutpm.eu\\\/wp-content\\\/uploads\\\/2023\\\/08\\\/ksenia-pletneva-96x96.webp\",\"contentUrl\":\"https:\\\/\\\/instytutpm.eu\\\/wp-content\\\/uploads\\\/2023\\\/08\\\/ksenia-pletneva-96x96.webp\",\"caption\":\"Ksenia Pletnova\"},\"description\":\"Celem Instytutu Praw Migrant\u00f3w jest kszta\u0142cenie spo\u0142ecze\u0144stwa r\u00f3wnych szans \u015bwiadomego swoich praw, poprzez prowadzenie dzia\u0142alno\u015bci konsultacyjnej i szkoleniowej.\",\"url\":\"https:\\\/\\\/instytutpm.eu\\\/en\\\/author\\\/kp-admin\\\/\"}]}<\/script>\n<!-- \/ Yoast SEO plugin. -->","yoast_head_json":{"title":"Ewolucja polityki migracyjnej Polski po 1989 roku. Opracowanie prezentacji dr Agnieszki Florczak z Uniwersytetu Wroc\u0142awskiego. - Institute Of Migrant Rights","description":"Naszyme celem jest kszta\u0142cenie spo\u0142ecze\u0144stwa r\u00f3wnych szans \u015bwiadomego swoich praw, poprzez prowadzenie dzia\u0142alno\u015bci konsultacyjnej i szkoleniowej.","robots":{"index":"index","follow":"follow","max-snippet":"max-snippet:-1","max-image-preview":"max-image-preview:large","max-video-preview":"max-video-preview:-1"},"canonical":"https:\/\/instytutpm.eu\/ewolucja-polityki-migracyjnej-polski-po-1989-roku-opracowanie-prezentacji-dr-agnieszki-florczak-z-uniwersytetu-wroclawskiego\/","og_locale":"en_US","og_type":"article","og_title":"Ewolucja polityki migracyjnej Polski po 1989 roku. Opracowanie prezentacji dr Agnieszki Florczak z Uniwersytetu Wroc\u0142awskiego. - Institute Of Migrant Rights","og_description":"Naszyme celem jest kszta\u0142cenie spo\u0142ecze\u0144stwa r\u00f3wnych szans \u015bwiadomego swoich praw, poprzez prowadzenie dzia\u0142alno\u015bci konsultacyjnej i szkoleniowej.","og_url":"https:\/\/instytutpm.eu\/ewolucja-polityki-migracyjnej-polski-po-1989-roku-opracowanie-prezentacji-dr-agnieszki-florczak-z-uniwersytetu-wroclawskiego\/","og_site_name":"Institute Of Migrant Rights","article_publisher":"https:\/\/www.facebook.com\/Instytutpm","article_published_time":"2023-07-27T11:55:50+00:00","article_modified_time":"2023-08-08T12:19:13+00:00","og_image":[{"width":1280,"height":853,"url":"https:\/\/instytutpm.eu\/wp-content\/uploads\/2023\/07\/ewolucja-polityki-migracyjnej.jpg","type":"image\/jpeg"}],"author":"Ksenia Pletnova","twitter_card":"summary_large_image","twitter_creator":"@Instytutipm","twitter_site":"@Instytutipm","twitter_misc":{"Written by":"Ksenia Pletnova","Est. reading time":"4 minutes"},"schema":{"@context":"https:\/\/schema.org","@graph":[{"@type":"Article","@id":"https:\/\/instytutpm.eu\/ewolucja-polityki-migracyjnej-polski-po-1989-roku-opracowanie-prezentacji-dr-agnieszki-florczak-z-uniwersytetu-wroclawskiego\/#article","isPartOf":{"@id":"https:\/\/instytutpm.eu\/ewolucja-polityki-migracyjnej-polski-po-1989-roku-opracowanie-prezentacji-dr-agnieszki-florczak-z-uniwersytetu-wroclawskiego\/"},"author":{"name":"Ksenia Pletnova","@id":"https:\/\/instytutpm.eu\/#\/schema\/person\/d5f966e83d4ad4b83ac2991f8d7b6868"},"headline":"Ewolucja polityki migracyjnej Polski po 1989 roku. Opracowanie prezentacji dr Agnieszki Florczak z Uniwersytetu Wroc\u0142awskiego.","datePublished":"2023-07-27T11:55:50+00:00","dateModified":"2023-08-08T12:19:13+00:00","mainEntityOfPage":{"@id":"https:\/\/instytutpm.eu\/ewolucja-polityki-migracyjnej-polski-po-1989-roku-opracowanie-prezentacji-dr-agnieszki-florczak-z-uniwersytetu-wroclawskiego\/"},"wordCount":926,"publisher":{"@id":"https:\/\/instytutpm.eu\/#organization"},"image":{"@id":"https:\/\/instytutpm.eu\/ewolucja-polityki-migracyjnej-polski-po-1989-roku-opracowanie-prezentacji-dr-agnieszki-florczak-z-uniwersytetu-wroclawskiego\/#primaryimage"},"thumbnailUrl":"https:\/\/instytutpm.eu\/wp-content\/uploads\/2023\/07\/ewolucja-polityki-migracyjnej.jpg","articleSection":["Ciekawostka"],"inLanguage":"en-US"},{"@type":"WebPage","@id":"https:\/\/instytutpm.eu\/ewolucja-polityki-migracyjnej-polski-po-1989-roku-opracowanie-prezentacji-dr-agnieszki-florczak-z-uniwersytetu-wroclawskiego\/","url":"https:\/\/instytutpm.eu\/ewolucja-polityki-migracyjnej-polski-po-1989-roku-opracowanie-prezentacji-dr-agnieszki-florczak-z-uniwersytetu-wroclawskiego\/","name":"Ewolucja polityki migracyjnej Polski po 1989 roku. Opracowanie prezentacji dr Agnieszki Florczak z Uniwersytetu Wroc\u0142awskiego. - Institute Of Migrant Rights","isPartOf":{"@id":"https:\/\/instytutpm.eu\/#website"},"primaryImageOfPage":{"@id":"https:\/\/instytutpm.eu\/ewolucja-polityki-migracyjnej-polski-po-1989-roku-opracowanie-prezentacji-dr-agnieszki-florczak-z-uniwersytetu-wroclawskiego\/#primaryimage"},"image":{"@id":"https:\/\/instytutpm.eu\/ewolucja-polityki-migracyjnej-polski-po-1989-roku-opracowanie-prezentacji-dr-agnieszki-florczak-z-uniwersytetu-wroclawskiego\/#primaryimage"},"thumbnailUrl":"https:\/\/instytutpm.eu\/wp-content\/uploads\/2023\/07\/ewolucja-polityki-migracyjnej.jpg","datePublished":"2023-07-27T11:55:50+00:00","dateModified":"2023-08-08T12:19:13+00:00","description":"Naszyme celem jest kszta\u0142cenie spo\u0142ecze\u0144stwa r\u00f3wnych szans \u015bwiadomego swoich praw, poprzez prowadzenie dzia\u0142alno\u015bci konsultacyjnej i szkoleniowej.","breadcrumb":{"@id":"https:\/\/instytutpm.eu\/ewolucja-polityki-migracyjnej-polski-po-1989-roku-opracowanie-prezentacji-dr-agnieszki-florczak-z-uniwersytetu-wroclawskiego\/#breadcrumb"},"inLanguage":"en-US","potentialAction":[{"@type":"ReadAction","target":["https:\/\/instytutpm.eu\/ewolucja-polityki-migracyjnej-polski-po-1989-roku-opracowanie-prezentacji-dr-agnieszki-florczak-z-uniwersytetu-wroclawskiego\/"]}]},{"@type":"ImageObject","inLanguage":"en-US","@id":"https:\/\/instytutpm.eu\/ewolucja-polityki-migracyjnej-polski-po-1989-roku-opracowanie-prezentacji-dr-agnieszki-florczak-z-uniwersytetu-wroclawskiego\/#primaryimage","url":"https:\/\/instytutpm.eu\/wp-content\/uploads\/2023\/07\/ewolucja-polityki-migracyjnej.jpg","contentUrl":"https:\/\/instytutpm.eu\/wp-content\/uploads\/2023\/07\/ewolucja-polityki-migracyjnej.jpg","width":1280,"height":853,"caption":"Ewolucja polityki migracyjnej"},{"@type":"BreadcrumbList","@id":"https:\/\/instytutpm.eu\/ewolucja-polityki-migracyjnej-polski-po-1989-roku-opracowanie-prezentacji-dr-agnieszki-florczak-z-uniwersytetu-wroclawskiego\/#breadcrumb","itemListElement":[{"@type":"ListItem","position":1,"name":"Home","item":"https:\/\/instytutpm.eu\/en\/"},{"@type":"ListItem","position":2,"name":"Ewolucja polityki migracyjnej Polski po 1989 roku. Opracowanie prezentacji dr Agnieszki Florczak z Uniwersytetu Wroc\u0142awskiego."}]},{"@type":"WebSite","@id":"https:\/\/instytutpm.eu\/#website","url":"https:\/\/instytutpm.eu\/","name":"Instytut Praw Migrant\u00f3w","description":"Free information support for migrants living in Poland","publisher":{"@id":"https:\/\/instytutpm.eu\/#organization"},"alternateName":"IPM","potentialAction":[{"@type":"SearchAction","target":{"@type":"EntryPoint","urlTemplate":"https:\/\/instytutpm.eu\/?s={search_term_string}"},"query-input":{"@type":"PropertyValueSpecification","valueRequired":true,"valueName":"search_term_string"}}],"inLanguage":"en-US"},{"@type":"Organization","@id":"https:\/\/instytutpm.eu\/#organization","name":"Instytut Praw Migrant\u00f3w","alternateName":"IPM","url":"https:\/\/instytutpm.eu\/","logo":{"@type":"ImageObject","inLanguage":"en-US","@id":"https:\/\/instytutpm.eu\/#\/schema\/logo\/image\/","url":"https:\/\/instytutpm.eu\/wp-content\/uploads\/2023\/05\/ipm-logo.jpg","contentUrl":"https:\/\/instytutpm.eu\/wp-content\/uploads\/2023\/05\/ipm-logo.jpg","width":238,"height":238,"caption":"Instytut Praw Migrant\u00f3w"},"image":{"@id":"https:\/\/instytutpm.eu\/#\/schema\/logo\/image\/"},"sameAs":["https:\/\/www.facebook.com\/Instytutpm","https:\/\/x.com\/Instytutipm"]},{"@type":"Person","@id":"https:\/\/instytutpm.eu\/#\/schema\/person\/d5f966e83d4ad4b83ac2991f8d7b6868","name":"Ksenia Pletnova","image":{"@type":"ImageObject","inLanguage":"en-US","@id":"https:\/\/instytutpm.eu\/wp-content\/uploads\/2023\/08\/ksenia-pletneva-96x96.webp","url":"https:\/\/instytutpm.eu\/wp-content\/uploads\/2023\/08\/ksenia-pletneva-96x96.webp","contentUrl":"https:\/\/instytutpm.eu\/wp-content\/uploads\/2023\/08\/ksenia-pletneva-96x96.webp","caption":"Ksenia Pletnova"},"description":"Celem Instytutu Praw Migrant\u00f3w jest kszta\u0142cenie spo\u0142ecze\u0144stwa r\u00f3wnych szans \u015bwiadomego swoich praw, poprzez prowadzenie dzia\u0142alno\u015bci konsultacyjnej i szkoleniowej.","url":"https:\/\/instytutpm.eu\/en\/author\/kp-admin\/"}]}},"author_meta":{"display_name":"Ksenia Pletnova","author_link":"https:\/\/instytutpm.eu\/en\/author\/kp-admin\/"},"featured_img":"https:\/\/instytutpm.eu\/wp-content\/uploads\/2023\/07\/ewolucja-polityki-migracyjnej-600x400.jpg","coauthors":[],"tax_additional":{"categories":{"linked":["<a href=\"https:\/\/instytutpm.eu\/en\/category\/ciekawostka\/\" class=\"advgb-post-tax-term\">Ciekawostka<\/a>"],"unlinked":["<span class=\"advgb-post-tax-term\">Ciekawostka<\/span>"]}},"comment_count":"0","relative_dates":{"created":"Posted 3 years ago","modified":"Updated 3 years ago"},"absolute_dates":{"created":"Posted on 2023-07-27","modified":"Updated on 2023-08-08"},"absolute_dates_time":{"created":"Posted on 2023-07-27 13:55","modified":"Updated on 2023-08-08 14:19"},"featured_img_caption":"","series_order":"","_links":{"self":[{"href":"https:\/\/instytutpm.eu\/en\/wp-json\/wp\/v2\/posts\/2210","targetHints":{"allow":["GET"]}}],"collection":[{"href":"https:\/\/instytutpm.eu\/en\/wp-json\/wp\/v2\/posts"}],"about":[{"href":"https:\/\/instytutpm.eu\/en\/wp-json\/wp\/v2\/types\/post"}],"author":[{"embeddable":true,"href":"https:\/\/instytutpm.eu\/en\/wp-json\/wp\/v2\/users\/11"}],"replies":[{"embeddable":true,"href":"https:\/\/instytutpm.eu\/en\/wp-json\/wp\/v2\/comments?post=2210"}],"version-history":[{"count":1,"href":"https:\/\/instytutpm.eu\/en\/wp-json\/wp\/v2\/posts\/2210\/revisions"}],"predecessor-version":[{"id":2221,"href":"https:\/\/instytutpm.eu\/en\/wp-json\/wp\/v2\/posts\/2210\/revisions\/2221"}],"wp:featuredmedia":[{"embeddable":true,"href":"https:\/\/instytutpm.eu\/en\/wp-json\/wp\/v2\/media\/2212"}],"wp:attachment":[{"href":"https:\/\/instytutpm.eu\/en\/wp-json\/wp\/v2\/media?parent=2210"}],"wp:term":[{"taxonomy":"category","embeddable":true,"href":"https:\/\/instytutpm.eu\/en\/wp-json\/wp\/v2\/categories?post=2210"},{"taxonomy":"post_tag","embeddable":true,"href":"https:\/\/instytutpm.eu\/en\/wp-json\/wp\/v2\/tags?post=2210"}],"curies":[{"name":"wp","href":"https:\/\/api.w.org\/{rel}","templated":true}]}}