{"id":2203,"date":"2023-07-06T09:24:58","date_gmt":"2023-07-06T07:24:58","guid":{"rendered":"https:\/\/instytutpm.eu\/?p=2203"},"modified":"2023-08-08T14:19:01","modified_gmt":"2023-08-08T12:19:01","slug":"zamieszki-we-francji-jak-duza-role-gra-integracja-migrantow","status":"publish","type":"post","link":"https:\/\/instytutpm.eu\/en\/zamieszki-we-francji-jak-duza-role-gra-integracja-migrantow\/","title":{"rendered":"Zamieszki we Francji. Jak du\u017c\u0105 rol\u0119 gra integracja migrant\u00f3w?"},"content":{"rendered":"\n<p>Od wtorku 27 czerwca Francja \u017cyje jednym tematem. S\u0105 to zamieszki, do kt\u00f3rych dochodzi na tle zab\u00f3jstwa 17-letniego Nahela M. M\u0142ody kierowca zosta\u0142 postrzelony przez policjanta w czasie kontroli. Postrzelenie nastolatka z rodziny maroka\u0144sko-algierskiej wywo\u0142a\u0142o oburzenie w\u015br\u00f3d innych os\u00f3b z do\u015bwiadczeniem migranckim. Prezydent Francji Emmanuel Macron poinformowa\u0142, \u017ce jedna trzecia protestuj\u0105cych to osoby m\u0142ode lub bardzo m\u0142ode. Wed\u0142ug niego platformy spo\u0142eczno\u015bciowe s\u0142u\u017c\u0105 do nawo\u0142ywania nastolatk\u00f3w do wandalizmu i przemocy. Macron zaapelowa\u0142 do rodzin o odpowiedzialno\u015b\u0107 i powstrzymywanie dzieci i m\u0142odzie\u017cy przed wychodzeniem z dom\u00f3w. G\u0142os zabra\u0142a te\u017c babcia zmar\u0142ego. Kobieta\u00a0wezwa\u0142a do zaprzestania zamieszek, kt\u00f3re wstrz\u0105saj\u0105 francuskimi przedmie\u015bciami\u00a0od momentu \u015bmierci jej wnuka.<\/p>\n\n\n\n<figure class=\"wp-block-image size-full\"><img loading=\"lazy\" decoding=\"async\" width=\"1240\" height=\"700\" src=\"https:\/\/instytutpm.eu\/wp-content\/uploads\/2023\/07\/zamieszki-we-francji.webp\" alt=\"Zamieszki We Francji\" class=\"wp-image-2204\"\/><\/figure>\n\n\n\n<p class=\"has-slate-grey-color has-text-color has-small-font-size\">\u0179r\u00f3d\u0142o: PAP<\/p>\n\n\n\n<div style=\"height:10px\" aria-hidden=\"true\" class=\"wp-block-spacer\"><\/div>\n\n\n\n<p>Protesty powoli s\u0142abn\u0105, co nie oznacza, \u017ce mo\u017cemy zapomnie\u0107 o temacie, zw\u0142aszcza \u017ce odbi\u0142 si\u0119 szerokim echem w ca\u0142ej Europie, r\u00f3wnie\u017c w Polsce. Zauwa\u017cyli\u015bmy, \u017ce u\u017cytkownicy medi\u00f3w spo\u0142eczno\u015bciowych nag\u0142a\u015bniaj\u0105 temat&nbsp;formu\u0142uj\u0105c przy tym zaskakuj\u0105ce wnioski. Ich zdaniem nieustaj\u0105ce przyjmowanie migrant\u00f3w i uchod\u017ac\u00f3w w Europie nie niesie ze sob\u0105 \u017cadnych pozytyw\u00f3w, a jedynie doprowadza do sytuacji, w kt\u00f3rej tracimy kontrol\u0119 nad migrantami i dopuszczamy do szerzenia si\u0119 przemocy.&nbsp;Jako organizacja, kt\u00f3ra \u015bledzi ruchy migracyjne w Polsce i Europie chcemy odpowiedzie\u0107 na pytanie, czy to \u017ce we Francji mieszkaj\u0105 przedstawiciele wielu r\u00f3\u017cnych kultur jest prawdziw\u0105 przyczyn\u0105 star\u0107 i zamieszek w tym kraju. I czy to obecno\u015b\u0107 wielu kultur w jednym kraju powoduje, \u017ce poziom przemocy ro\u015bnie.&nbsp;<\/p>\n\n\n\n<p>Zacznijmy od tego, \u017ce w XX wieku Francja do\u015bwiadczy\u0142a dw\u00f3ch okres\u00f3w wzmo\u017conej imigracji. Pierwszy z nich obj\u0105\u0142 lata 20. i 30. Kolejny mia\u0142 miejsce w latach 1956-1973, co wi\u0105za\u0142o si\u0119 z konieczno\u015bci\u0105 odbudowy pa\u0144stwa po wojnie i rozwojem przemys\u0142u. Osoby przybywaj\u0105ce do Francji w tamtym okresie by\u0142y postrzegane przez w\u0142adze przede wszystkim jako si\u0142a robocza, a nie jako nowi mieszka\u0144cy i potencjalni obywatele. Przyczyni\u0142o si\u0119 to co prawda do uprzemys\u0142owienia i rozwoju gospodarczego kraju, ale kwestia polityki migracyjnej na dobre zaistnia\u0142a we francuskim dyskursie politycznym dopiero w latach 80. Co za tym idzie, migranci z lat 56-73, ich dzieci, a cz\u0119sto nawet wnuki nie s\u0105 zintegrowane ze spo\u0142ecze\u0144stwem francuskim. Niekt\u00f3re z nich id\u0105c do szko\u0142y w og\u00f3le nie m\u00f3wi\u0105 po francusku. Brak sprecyzowanego modelu integracyjnego we Francji przyczynia si\u0119 do tworzenia podzia\u0142\u00f3w w\u015br\u00f3d migrant\u00f3w oraz mi\u0119dzy nimi a reszt\u0105 spo\u0142ecze\u0144stwa. Prowadzi to do gettoizacji. Ona z kolei powoduje wykluczenie spo\u0142eczne ca\u0142ych zbiorowo\u015bci i ograniczenie mo\u017cliwo\u015bci rozwoju. W konsekwencji ro\u015bnie poziom przest\u0119pczo\u015bci i przemocy. Sytuacja, kt\u00f3ra obecnie ma miejsce we Francji, nie wynika z obecno\u015bci os\u00f3b, kt\u00f3re od lat przyje\u017cd\u017caj\u0105 do kraju w poszukiwaniu godnego miejsca do \u017cycia dla siebie i swoich rodzin. Przest\u0119pczo\u015b\u0107, w tym te\u017c obecne protesty, wynikaj\u0105 z braku zaanga\u017cowania w\u0142adz francuskich w proces integracji spo\u0142eczno\u015bci migranckiej ze spo\u0142ecze\u0144stwem przyjmuj\u0105cym. Jest to oczywi\u015bcie du\u017ce wyzwanie, kt\u00f3rego z pewno\u015bci\u0105 nie u\u0142atwia znaczne zr\u00f3\u017cnicowanie kulturowe francuskich migrant\u00f3w. Integracja, cho\u0107 wymaga wieloletniego wdra\u017cania nowych rozwi\u0105za\u0144 systemowych, jest jednak konieczna, korzystna i co najwa\u017cniejsze mo\u017cliwa, co pokazuj\u0105 przyk\u0142ady wielu europejskich pa\u0144stw, kt\u00f3re radz\u0105 sobie z tym zadaniem bardzo dobrze.<\/p>\n\n\n\n<p>Ravina Shamdasani, rzeczniczka OHCHR, podczas jednej z konferencji prasowych ONZ powiedzia\u0142a, \u017ce nadszed\u0142 czas, aby Francja&nbsp;powa\u017cnie zaj\u0119\u0142a si\u0119 g\u0142\u0119boko zakorzenionymi problemami rasizmu i dyskryminacji rasowej w\u015br\u00f3d organ\u00f3w \u015bcigania. Profesor Joanna Nowicka&nbsp;z Uniwersytetu CY Cergy Paris w Cergy-Pontoise podkre\u015bla z kolei, \u017ce zachowanie policji wynika przede wszystkim z wy\u017cszej przest\u0119pczo\u015bci w niekt\u00f3rych spo\u0142eczno\u015bciach, a wi\u0119c jest objawem g\u0142\u0119bszych problem\u00f3w systemowych. Rasizm mo\u017ce si\u0119 wydawa\u0107 zjawiskiem prostszym do zrozumienia i zwalczania. \u0141atwo wi\u0119c ulec pokusie uznania go za g\u0142\u00f3wne \u017ar\u00f3d\u0142o problemu i od\u0142o\u017cenia na p\u00f3\u017aniej skomplikowanych i kosztownych reform, kt\u00f3rych efekty b\u0119d\u0105 widoczne za co najmniej kilka lat. To jednak tylko ta droga jest w stanie przyczyni\u0107 si\u0119 do rozwi\u0105zania problem\u00f3w wyst\u0119puj\u0105cych w spo\u0142eczno\u015bciach imigranckich.<\/p>\n\n\n\n<p>\u0179r\u00f3d\u0142a: PAP, Rzeczpospolita, \u201cFrancja wobec wybranych wyzwa\u0144 zwi\u0105zanych z kryzysem migracyjnym w Europie\u201d Pietrzkiewicz J., Raport o stanie \u015bwiata.<\/p>\n\n\n\n<p>Zdj\u0119cie: PAP<\/p>\n","protected":false},"excerpt":{"rendered":"<p>Zamieszki we Francji. Jak du\u017c\u0105 rol\u0119 gra integracja migrant\u00f3w? \u0179r\u00f3d\u0142o zdj\u0119cia: PAP. <\/p>\n","protected":false},"author":11,"featured_media":2204,"comment_status":"closed","ping_status":"closed","sticky":false,"template":"","format":"standard","meta":{"inline_featured_image":false,"advgb_blocks_editor_width":"","advgb_blocks_columns_visual_guide":"","footnotes":""},"categories":[5],"tags":[],"class_list":["post-2203","post","type-post","status-publish","format-standard","has-post-thumbnail","hentry","category-ciekawostka"],"yoast_head":"<!-- This site is optimized with the Yoast SEO plugin v27.5 - https:\/\/yoast.com\/product\/yoast-seo-wordpress\/ -->\n<title>Zamieszki we Francji. Jak du\u017c\u0105 rol\u0119 gra integracja migrant\u00f3w? - Institute Of Migrant Rights<\/title>\n<meta name=\"description\" content=\"Naszyme celem jest kszta\u0142cenie spo\u0142ecze\u0144stwa r\u00f3wnych szans \u015bwiadomego swoich praw, poprzez prowadzenie dzia\u0142alno\u015bci konsultacyjnej i szkoleniowej.\" \/>\n<meta name=\"robots\" content=\"index, follow, max-snippet:-1, max-image-preview:large, max-video-preview:-1\" \/>\n<link rel=\"canonical\" href=\"https:\/\/instytutpm.eu\/zamieszki-we-francji-jak-duza-role-gra-integracja-migrantow\/\" \/>\n<meta property=\"og:locale\" content=\"en_US\" \/>\n<meta property=\"og:type\" content=\"article\" \/>\n<meta property=\"og:title\" content=\"Zamieszki we Francji. Jak du\u017c\u0105 rol\u0119 gra integracja migrant\u00f3w? - Institute Of Migrant Rights\" \/>\n<meta property=\"og:description\" content=\"Naszyme celem jest kszta\u0142cenie spo\u0142ecze\u0144stwa r\u00f3wnych szans \u015bwiadomego swoich praw, poprzez prowadzenie dzia\u0142alno\u015bci konsultacyjnej i szkoleniowej.\" \/>\n<meta property=\"og:url\" content=\"https:\/\/instytutpm.eu\/zamieszki-we-francji-jak-duza-role-gra-integracja-migrantow\/\" \/>\n<meta property=\"og:site_name\" content=\"Institute Of Migrant Rights\" \/>\n<meta property=\"article:publisher\" content=\"https:\/\/www.facebook.com\/Instytutpm\" \/>\n<meta property=\"article:published_time\" content=\"2023-07-06T07:24:58+00:00\" \/>\n<meta property=\"article:modified_time\" content=\"2023-08-08T12:19:01+00:00\" \/>\n<meta property=\"og:image\" content=\"https:\/\/instytutpm.eu\/wp-content\/uploads\/2023\/07\/zamieszki-we-francji.webp\" \/>\n\t<meta property=\"og:image:width\" content=\"1240\" \/>\n\t<meta property=\"og:image:height\" content=\"700\" \/>\n\t<meta property=\"og:image:type\" content=\"image\/webp\" \/>\n<meta name=\"author\" content=\"Ksenia Pletnova\" \/>\n<meta name=\"twitter:card\" content=\"summary_large_image\" \/>\n<meta name=\"twitter:creator\" content=\"@Instytutipm\" \/>\n<meta name=\"twitter:site\" content=\"@Instytutipm\" \/>\n<meta name=\"twitter:label1\" content=\"Written by\" \/>\n\t<meta name=\"twitter:data1\" content=\"Ksenia Pletnova\" \/>\n\t<meta name=\"twitter:label2\" content=\"Est. reading time\" \/>\n\t<meta name=\"twitter:data2\" content=\"3 minutes\" \/>\n<script type=\"application\/ld+json\" class=\"yoast-schema-graph\">{\"@context\":\"https:\\\/\\\/schema.org\",\"@graph\":[{\"@type\":\"Article\",\"@id\":\"https:\\\/\\\/instytutpm.eu\\\/zamieszki-we-francji-jak-duza-role-gra-integracja-migrantow\\\/#article\",\"isPartOf\":{\"@id\":\"https:\\\/\\\/instytutpm.eu\\\/zamieszki-we-francji-jak-duza-role-gra-integracja-migrantow\\\/\"},\"author\":{\"name\":\"Ksenia Pletnova\",\"@id\":\"https:\\\/\\\/instytutpm.eu\\\/#\\\/schema\\\/person\\\/d5f966e83d4ad4b83ac2991f8d7b6868\"},\"headline\":\"Zamieszki we Francji. Jak du\u017c\u0105 rol\u0119 gra integracja migrant\u00f3w?\",\"datePublished\":\"2023-07-06T07:24:58+00:00\",\"dateModified\":\"2023-08-08T12:19:01+00:00\",\"mainEntityOfPage\":{\"@id\":\"https:\\\/\\\/instytutpm.eu\\\/zamieszki-we-francji-jak-duza-role-gra-integracja-migrantow\\\/\"},\"wordCount\":785,\"publisher\":{\"@id\":\"https:\\\/\\\/instytutpm.eu\\\/#organization\"},\"image\":{\"@id\":\"https:\\\/\\\/instytutpm.eu\\\/zamieszki-we-francji-jak-duza-role-gra-integracja-migrantow\\\/#primaryimage\"},\"thumbnailUrl\":\"https:\\\/\\\/instytutpm.eu\\\/wp-content\\\/uploads\\\/2023\\\/07\\\/zamieszki-we-francji.webp\",\"articleSection\":[\"Ciekawostka\"],\"inLanguage\":\"en-US\"},{\"@type\":\"WebPage\",\"@id\":\"https:\\\/\\\/instytutpm.eu\\\/zamieszki-we-francji-jak-duza-role-gra-integracja-migrantow\\\/\",\"url\":\"https:\\\/\\\/instytutpm.eu\\\/zamieszki-we-francji-jak-duza-role-gra-integracja-migrantow\\\/\",\"name\":\"Zamieszki we Francji. Jak du\u017c\u0105 rol\u0119 gra integracja migrant\u00f3w? - Institute Of Migrant Rights\",\"isPartOf\":{\"@id\":\"https:\\\/\\\/instytutpm.eu\\\/#website\"},\"primaryImageOfPage\":{\"@id\":\"https:\\\/\\\/instytutpm.eu\\\/zamieszki-we-francji-jak-duza-role-gra-integracja-migrantow\\\/#primaryimage\"},\"image\":{\"@id\":\"https:\\\/\\\/instytutpm.eu\\\/zamieszki-we-francji-jak-duza-role-gra-integracja-migrantow\\\/#primaryimage\"},\"thumbnailUrl\":\"https:\\\/\\\/instytutpm.eu\\\/wp-content\\\/uploads\\\/2023\\\/07\\\/zamieszki-we-francji.webp\",\"datePublished\":\"2023-07-06T07:24:58+00:00\",\"dateModified\":\"2023-08-08T12:19:01+00:00\",\"description\":\"Naszyme celem jest kszta\u0142cenie spo\u0142ecze\u0144stwa r\u00f3wnych szans \u015bwiadomego swoich praw, poprzez prowadzenie dzia\u0142alno\u015bci konsultacyjnej i szkoleniowej.\",\"breadcrumb\":{\"@id\":\"https:\\\/\\\/instytutpm.eu\\\/zamieszki-we-francji-jak-duza-role-gra-integracja-migrantow\\\/#breadcrumb\"},\"inLanguage\":\"en-US\",\"potentialAction\":[{\"@type\":\"ReadAction\",\"target\":[\"https:\\\/\\\/instytutpm.eu\\\/zamieszki-we-francji-jak-duza-role-gra-integracja-migrantow\\\/\"]}]},{\"@type\":\"ImageObject\",\"inLanguage\":\"en-US\",\"@id\":\"https:\\\/\\\/instytutpm.eu\\\/zamieszki-we-francji-jak-duza-role-gra-integracja-migrantow\\\/#primaryimage\",\"url\":\"https:\\\/\\\/instytutpm.eu\\\/wp-content\\\/uploads\\\/2023\\\/07\\\/zamieszki-we-francji.webp\",\"contentUrl\":\"https:\\\/\\\/instytutpm.eu\\\/wp-content\\\/uploads\\\/2023\\\/07\\\/zamieszki-we-francji.webp\",\"width\":1240,\"height\":700,\"caption\":\"\u0179r\u00f3d\u0142o: PAP\"},{\"@type\":\"BreadcrumbList\",\"@id\":\"https:\\\/\\\/instytutpm.eu\\\/zamieszki-we-francji-jak-duza-role-gra-integracja-migrantow\\\/#breadcrumb\",\"itemListElement\":[{\"@type\":\"ListItem\",\"position\":1,\"name\":\"Home\",\"item\":\"https:\\\/\\\/instytutpm.eu\\\/en\\\/\"},{\"@type\":\"ListItem\",\"position\":2,\"name\":\"Zamieszki we Francji. Jak du\u017c\u0105 rol\u0119 gra integracja migrant\u00f3w?\"}]},{\"@type\":\"WebSite\",\"@id\":\"https:\\\/\\\/instytutpm.eu\\\/#website\",\"url\":\"https:\\\/\\\/instytutpm.eu\\\/\",\"name\":\"Instytut Praw Migrant\u00f3w\",\"description\":\"Free information support for migrants living in Poland\",\"publisher\":{\"@id\":\"https:\\\/\\\/instytutpm.eu\\\/#organization\"},\"alternateName\":\"IPM\",\"potentialAction\":[{\"@type\":\"SearchAction\",\"target\":{\"@type\":\"EntryPoint\",\"urlTemplate\":\"https:\\\/\\\/instytutpm.eu\\\/?s={search_term_string}\"},\"query-input\":{\"@type\":\"PropertyValueSpecification\",\"valueRequired\":true,\"valueName\":\"search_term_string\"}}],\"inLanguage\":\"en-US\"},{\"@type\":\"Organization\",\"@id\":\"https:\\\/\\\/instytutpm.eu\\\/#organization\",\"name\":\"Instytut Praw Migrant\u00f3w\",\"alternateName\":\"IPM\",\"url\":\"https:\\\/\\\/instytutpm.eu\\\/\",\"logo\":{\"@type\":\"ImageObject\",\"inLanguage\":\"en-US\",\"@id\":\"https:\\\/\\\/instytutpm.eu\\\/#\\\/schema\\\/logo\\\/image\\\/\",\"url\":\"https:\\\/\\\/instytutpm.eu\\\/wp-content\\\/uploads\\\/2023\\\/05\\\/ipm-logo.jpg\",\"contentUrl\":\"https:\\\/\\\/instytutpm.eu\\\/wp-content\\\/uploads\\\/2023\\\/05\\\/ipm-logo.jpg\",\"width\":238,\"height\":238,\"caption\":\"Instytut Praw Migrant\u00f3w\"},\"image\":{\"@id\":\"https:\\\/\\\/instytutpm.eu\\\/#\\\/schema\\\/logo\\\/image\\\/\"},\"sameAs\":[\"https:\\\/\\\/www.facebook.com\\\/Instytutpm\",\"https:\\\/\\\/x.com\\\/Instytutipm\"]},{\"@type\":\"Person\",\"@id\":\"https:\\\/\\\/instytutpm.eu\\\/#\\\/schema\\\/person\\\/d5f966e83d4ad4b83ac2991f8d7b6868\",\"name\":\"Ksenia Pletnova\",\"image\":{\"@type\":\"ImageObject\",\"inLanguage\":\"en-US\",\"@id\":\"https:\\\/\\\/instytutpm.eu\\\/wp-content\\\/uploads\\\/2023\\\/08\\\/ksenia-pletneva-96x96.webp\",\"url\":\"https:\\\/\\\/instytutpm.eu\\\/wp-content\\\/uploads\\\/2023\\\/08\\\/ksenia-pletneva-96x96.webp\",\"contentUrl\":\"https:\\\/\\\/instytutpm.eu\\\/wp-content\\\/uploads\\\/2023\\\/08\\\/ksenia-pletneva-96x96.webp\",\"caption\":\"Ksenia Pletnova\"},\"description\":\"Celem Instytutu Praw Migrant\u00f3w jest kszta\u0142cenie spo\u0142ecze\u0144stwa r\u00f3wnych szans \u015bwiadomego swoich praw, poprzez prowadzenie dzia\u0142alno\u015bci konsultacyjnej i szkoleniowej.\",\"url\":\"https:\\\/\\\/instytutpm.eu\\\/en\\\/author\\\/kp-admin\\\/\"}]}<\/script>\n<!-- \/ Yoast SEO plugin. -->","yoast_head_json":{"title":"Zamieszki we Francji. Jak du\u017c\u0105 rol\u0119 gra integracja migrant\u00f3w? - Institute Of Migrant Rights","description":"Naszyme celem jest kszta\u0142cenie spo\u0142ecze\u0144stwa r\u00f3wnych szans \u015bwiadomego swoich praw, poprzez prowadzenie dzia\u0142alno\u015bci konsultacyjnej i szkoleniowej.","robots":{"index":"index","follow":"follow","max-snippet":"max-snippet:-1","max-image-preview":"max-image-preview:large","max-video-preview":"max-video-preview:-1"},"canonical":"https:\/\/instytutpm.eu\/zamieszki-we-francji-jak-duza-role-gra-integracja-migrantow\/","og_locale":"en_US","og_type":"article","og_title":"Zamieszki we Francji. Jak du\u017c\u0105 rol\u0119 gra integracja migrant\u00f3w? - Institute Of Migrant Rights","og_description":"Naszyme celem jest kszta\u0142cenie spo\u0142ecze\u0144stwa r\u00f3wnych szans \u015bwiadomego swoich praw, poprzez prowadzenie dzia\u0142alno\u015bci konsultacyjnej i szkoleniowej.","og_url":"https:\/\/instytutpm.eu\/zamieszki-we-francji-jak-duza-role-gra-integracja-migrantow\/","og_site_name":"Institute Of Migrant Rights","article_publisher":"https:\/\/www.facebook.com\/Instytutpm","article_published_time":"2023-07-06T07:24:58+00:00","article_modified_time":"2023-08-08T12:19:01+00:00","og_image":[{"width":1240,"height":700,"url":"https:\/\/instytutpm.eu\/wp-content\/uploads\/2023\/07\/zamieszki-we-francji.webp","type":"image\/webp"}],"author":"Ksenia Pletnova","twitter_card":"summary_large_image","twitter_creator":"@Instytutipm","twitter_site":"@Instytutipm","twitter_misc":{"Written by":"Ksenia Pletnova","Est. reading time":"3 minutes"},"schema":{"@context":"https:\/\/schema.org","@graph":[{"@type":"Article","@id":"https:\/\/instytutpm.eu\/zamieszki-we-francji-jak-duza-role-gra-integracja-migrantow\/#article","isPartOf":{"@id":"https:\/\/instytutpm.eu\/zamieszki-we-francji-jak-duza-role-gra-integracja-migrantow\/"},"author":{"name":"Ksenia Pletnova","@id":"https:\/\/instytutpm.eu\/#\/schema\/person\/d5f966e83d4ad4b83ac2991f8d7b6868"},"headline":"Zamieszki we Francji. Jak du\u017c\u0105 rol\u0119 gra integracja migrant\u00f3w?","datePublished":"2023-07-06T07:24:58+00:00","dateModified":"2023-08-08T12:19:01+00:00","mainEntityOfPage":{"@id":"https:\/\/instytutpm.eu\/zamieszki-we-francji-jak-duza-role-gra-integracja-migrantow\/"},"wordCount":785,"publisher":{"@id":"https:\/\/instytutpm.eu\/#organization"},"image":{"@id":"https:\/\/instytutpm.eu\/zamieszki-we-francji-jak-duza-role-gra-integracja-migrantow\/#primaryimage"},"thumbnailUrl":"https:\/\/instytutpm.eu\/wp-content\/uploads\/2023\/07\/zamieszki-we-francji.webp","articleSection":["Ciekawostka"],"inLanguage":"en-US"},{"@type":"WebPage","@id":"https:\/\/instytutpm.eu\/zamieszki-we-francji-jak-duza-role-gra-integracja-migrantow\/","url":"https:\/\/instytutpm.eu\/zamieszki-we-francji-jak-duza-role-gra-integracja-migrantow\/","name":"Zamieszki we Francji. Jak du\u017c\u0105 rol\u0119 gra integracja migrant\u00f3w? - Institute Of Migrant Rights","isPartOf":{"@id":"https:\/\/instytutpm.eu\/#website"},"primaryImageOfPage":{"@id":"https:\/\/instytutpm.eu\/zamieszki-we-francji-jak-duza-role-gra-integracja-migrantow\/#primaryimage"},"image":{"@id":"https:\/\/instytutpm.eu\/zamieszki-we-francji-jak-duza-role-gra-integracja-migrantow\/#primaryimage"},"thumbnailUrl":"https:\/\/instytutpm.eu\/wp-content\/uploads\/2023\/07\/zamieszki-we-francji.webp","datePublished":"2023-07-06T07:24:58+00:00","dateModified":"2023-08-08T12:19:01+00:00","description":"Naszyme celem jest kszta\u0142cenie spo\u0142ecze\u0144stwa r\u00f3wnych szans \u015bwiadomego swoich praw, poprzez prowadzenie dzia\u0142alno\u015bci konsultacyjnej i szkoleniowej.","breadcrumb":{"@id":"https:\/\/instytutpm.eu\/zamieszki-we-francji-jak-duza-role-gra-integracja-migrantow\/#breadcrumb"},"inLanguage":"en-US","potentialAction":[{"@type":"ReadAction","target":["https:\/\/instytutpm.eu\/zamieszki-we-francji-jak-duza-role-gra-integracja-migrantow\/"]}]},{"@type":"ImageObject","inLanguage":"en-US","@id":"https:\/\/instytutpm.eu\/zamieszki-we-francji-jak-duza-role-gra-integracja-migrantow\/#primaryimage","url":"https:\/\/instytutpm.eu\/wp-content\/uploads\/2023\/07\/zamieszki-we-francji.webp","contentUrl":"https:\/\/instytutpm.eu\/wp-content\/uploads\/2023\/07\/zamieszki-we-francji.webp","width":1240,"height":700,"caption":"\u0179r\u00f3d\u0142o: PAP"},{"@type":"BreadcrumbList","@id":"https:\/\/instytutpm.eu\/zamieszki-we-francji-jak-duza-role-gra-integracja-migrantow\/#breadcrumb","itemListElement":[{"@type":"ListItem","position":1,"name":"Home","item":"https:\/\/instytutpm.eu\/en\/"},{"@type":"ListItem","position":2,"name":"Zamieszki we Francji. Jak du\u017c\u0105 rol\u0119 gra integracja migrant\u00f3w?"}]},{"@type":"WebSite","@id":"https:\/\/instytutpm.eu\/#website","url":"https:\/\/instytutpm.eu\/","name":"Instytut Praw Migrant\u00f3w","description":"Free information support for migrants living in Poland","publisher":{"@id":"https:\/\/instytutpm.eu\/#organization"},"alternateName":"IPM","potentialAction":[{"@type":"SearchAction","target":{"@type":"EntryPoint","urlTemplate":"https:\/\/instytutpm.eu\/?s={search_term_string}"},"query-input":{"@type":"PropertyValueSpecification","valueRequired":true,"valueName":"search_term_string"}}],"inLanguage":"en-US"},{"@type":"Organization","@id":"https:\/\/instytutpm.eu\/#organization","name":"Instytut Praw Migrant\u00f3w","alternateName":"IPM","url":"https:\/\/instytutpm.eu\/","logo":{"@type":"ImageObject","inLanguage":"en-US","@id":"https:\/\/instytutpm.eu\/#\/schema\/logo\/image\/","url":"https:\/\/instytutpm.eu\/wp-content\/uploads\/2023\/05\/ipm-logo.jpg","contentUrl":"https:\/\/instytutpm.eu\/wp-content\/uploads\/2023\/05\/ipm-logo.jpg","width":238,"height":238,"caption":"Instytut Praw Migrant\u00f3w"},"image":{"@id":"https:\/\/instytutpm.eu\/#\/schema\/logo\/image\/"},"sameAs":["https:\/\/www.facebook.com\/Instytutpm","https:\/\/x.com\/Instytutipm"]},{"@type":"Person","@id":"https:\/\/instytutpm.eu\/#\/schema\/person\/d5f966e83d4ad4b83ac2991f8d7b6868","name":"Ksenia Pletnova","image":{"@type":"ImageObject","inLanguage":"en-US","@id":"https:\/\/instytutpm.eu\/wp-content\/uploads\/2023\/08\/ksenia-pletneva-96x96.webp","url":"https:\/\/instytutpm.eu\/wp-content\/uploads\/2023\/08\/ksenia-pletneva-96x96.webp","contentUrl":"https:\/\/instytutpm.eu\/wp-content\/uploads\/2023\/08\/ksenia-pletneva-96x96.webp","caption":"Ksenia Pletnova"},"description":"Celem Instytutu Praw Migrant\u00f3w jest kszta\u0142cenie spo\u0142ecze\u0144stwa r\u00f3wnych szans \u015bwiadomego swoich praw, poprzez prowadzenie dzia\u0142alno\u015bci konsultacyjnej i szkoleniowej.","url":"https:\/\/instytutpm.eu\/en\/author\/kp-admin\/"}]}},"author_meta":{"display_name":"Ksenia Pletnova","author_link":"https:\/\/instytutpm.eu\/en\/author\/kp-admin\/"},"featured_img":"https:\/\/instytutpm.eu\/wp-content\/uploads\/2023\/07\/zamieszki-we-francji-600x339.webp","coauthors":[],"tax_additional":{"categories":{"linked":["<a href=\"https:\/\/instytutpm.eu\/en\/category\/ciekawostka\/\" class=\"advgb-post-tax-term\">Ciekawostka<\/a>"],"unlinked":["<span class=\"advgb-post-tax-term\">Ciekawostka<\/span>"]}},"comment_count":"0","relative_dates":{"created":"Posted 3 years ago","modified":"Updated 3 years ago"},"absolute_dates":{"created":"Posted on 2023-07-06","modified":"Updated on 2023-08-08"},"absolute_dates_time":{"created":"Posted on 2023-07-06 09:24","modified":"Updated on 2023-08-08 14:19"},"featured_img_caption":"\u0179r\u00f3d\u0142o: PAP","series_order":"","_links":{"self":[{"href":"https:\/\/instytutpm.eu\/en\/wp-json\/wp\/v2\/posts\/2203","targetHints":{"allow":["GET"]}}],"collection":[{"href":"https:\/\/instytutpm.eu\/en\/wp-json\/wp\/v2\/posts"}],"about":[{"href":"https:\/\/instytutpm.eu\/en\/wp-json\/wp\/v2\/types\/post"}],"author":[{"embeddable":true,"href":"https:\/\/instytutpm.eu\/en\/wp-json\/wp\/v2\/users\/11"}],"replies":[{"embeddable":true,"href":"https:\/\/instytutpm.eu\/en\/wp-json\/wp\/v2\/comments?post=2203"}],"version-history":[{"count":2,"href":"https:\/\/instytutpm.eu\/en\/wp-json\/wp\/v2\/posts\/2203\/revisions"}],"predecessor-version":[{"id":2208,"href":"https:\/\/instytutpm.eu\/en\/wp-json\/wp\/v2\/posts\/2203\/revisions\/2208"}],"wp:featuredmedia":[{"embeddable":true,"href":"https:\/\/instytutpm.eu\/en\/wp-json\/wp\/v2\/media\/2204"}],"wp:attachment":[{"href":"https:\/\/instytutpm.eu\/en\/wp-json\/wp\/v2\/media?parent=2203"}],"wp:term":[{"taxonomy":"category","embeddable":true,"href":"https:\/\/instytutpm.eu\/en\/wp-json\/wp\/v2\/categories?post=2203"},{"taxonomy":"post_tag","embeddable":true,"href":"https:\/\/instytutpm.eu\/en\/wp-json\/wp\/v2\/tags?post=2203"}],"curies":[{"name":"wp","href":"https:\/\/api.w.org\/{rel}","templated":true}]}}