{"id":1220,"date":"2023-01-09T10:04:19","date_gmt":"2023-01-09T09:04:19","guid":{"rendered":"https:\/\/instytutpm.eu\/?p=1220"},"modified":"2023-05-19T10:48:03","modified_gmt":"2023-05-19T08:48:03","slug":"ciaza-i-porod-w-polsce-co-warto-wiedziec","status":"publish","type":"post","link":"https:\/\/instytutpm.eu\/en\/ciaza-i-porod-w-polsce-co-warto-wiedziec\/","title":{"rendered":"Ci\u0105\u017ca i por\u00f3d w Polsce &#8211; co warto wiedzie\u0107?"},"content":{"rendered":"\n<p class=\"has-medium-font-size\">Planujesz mie\u0107 dziecko, ale nie wiesz jak wygl\u0105da ten proces od A do Z? W tym po\u015bcie zebrali\u015bmy najbardziej przydatne informacje o ci\u0105\u017cy i porodzie w Polsce.<\/p>\n\n\n\n<figure class=\"wp-block-image size-full\"><img loading=\"lazy\" decoding=\"async\" width=\"500\" height=\"333\" src=\"https:\/\/instytutpm.eu\/wp-content\/uploads\/2023\/01\/ciaza.jpeg\" alt=\"ciaza\" class=\"wp-image-1660\"\/><\/figure>\n\n\n\n<p>Przy porodzie musimy si\u0119 liczy\u0107 z du\u017cymi kosztami. Za por\u00f3d naturalny zap\u0142acimy \u015brednio 3-5 tys. z\u0142, a za ci\u0119cie cesarskie &#8211; od 5 do 8 tys. z\u0142. Poza tym, w trakcie trwania ci\u0105\u017cy konieczne s\u0105 regularne wizyty u lekarza, USG i inne badania, kt\u00f3re wcale nie s\u0105 tanie.<\/p>\n\n\n\n<p>Mo\u017cemy zredukowa\u0107 dodatkowe koszty opieki w trakcie trwania ci\u0105\u017cy, np. odprowadzaj\u0105c sk\u0142adki do ZUS. W ten spos\u00f3b zyskujemy bezp\u0142atn\u0105 opiek\u0119 zdrowotn\u0105. W Polsce na bezp\u0142atn\u0105 obs\u0142ug\u0119 medyczn\u0105 mog\u0105 liczy\u0107 tak\u017ce kobiety, kt\u00f3re przyjecha\u0142y do Polski po 24 lutego 2022 roku, maj\u0105ce PESEL ze statusem UKR.<\/p>\n\n\n\n<p>Kobieta w ci\u0105\u017cy nie mo\u017ce zosta\u0107 zwolniona z pracy w czasie trwania ci\u0105\u017cy i urlopu macierzy\u0144skiego, z wyj\u0105tkiem okre\u015blonych sytuacji:<\/p>\n\n\n\n<ul class=\"wp-block-list\">\n<li>rozwi\u0105zanie umowy o prac\u0119 bez wypowiedzenia z winy pracownicy &#8211; je\u015bli w zak\u0142adzie pracy obowi\u0105zuje zak\u0142adowa organizacja zwi\u0105zkowa, to musi ona wyrazi\u0107 zgod\u0119 na rozwi\u0105zanie umowy z ci\u0119\u017carn\u0105;<\/li>\n\n\n\n<li>zatrudnienie w ramach umowy o prac\u0119 na okres pr\u00f3bny nieprzekraczaj\u0105cy jednego miesi\u0105ca;<\/li>\n\n\n\n<li>og\u0142oszenie upad\u0142o\u015bci lub likwidacji pracodawcy &#8211; w przypadku funkcjonowania w firmie zak\u0142adowej organizacji pracy, pracodawca ma obowi\u0105zek ustali\u0107 z ni\u0105 termin rozwi\u0105zania umowy o prac\u0119.<\/li>\n<\/ul>\n\n\n\n<p>Nie ma \u017cadnych ustaw zabraniaj\u0105cych pracowa\u0107 osobom w ci\u0105\u017cy, a wi\u0119c nie musimy w jej trakcie korzysta\u0107 z urlopu macierzy\u0144skiego. Kobieta w ci\u0105\u017cy mo\u017ce kontynuowa\u0107 prac\u0119 w bezpiecznych warunkach nie d\u0142u\u017cej ni\u017c 8 godzin dziennie, bez pracy w godzinach nocnych.<\/p>\n\n\n\n<ul class=\"wp-block-list\">\n<li>Tak\u017ce po urodzeniu dziecka mo\u017cna uzyska\u0107 jednorazow\u0105 zapomog\u0119 z tytu\u0142u urodzenia si\u0119 dziecka (becikowe) w wysoko\u015bci 1000 z\u0142 na dziecko. Zapomog\u0119 mo\u017ce uzyska\u0107:<\/li>\n\n\n\n<li>rodzic nowo narodzonego dziecka,<\/li>\n\n\n\n<li>opiekun prawny dziecka, czyli osoba, kt\u00f3rej s\u0105d powierzy\u0142 sprawowanie opieki nad dzieckiem,<\/li>\n\n\n\n<li>opiekun faktyczny dziecka, czyli osoba, kt\u00f3ra przej\u0119\u0142a opiek\u0119 nad dzieckiem i z\u0142o\u017cy\u0142a do s\u0105du wniosek o adopcj\u0119 dziecka.<\/li>\n<\/ul>\n\n\n\n<p>Wa\u017cne! Pomoc finansowa jest udzielana tylko wtedy, gdy:<\/p>\n\n\n\n<ul class=\"wp-block-list\">\n<li>Doch\u00f3d na osob\u0119 w twojej rodzinie nie przekracza 1 922 z\u0142 netto na miesi\u0105c.<\/li>\n\n\n\n<li>Matka dziecka od co najmniej 10 tygodnia ci\u0105\u017cy do porodu by\u0142a pod opiek\u0105 medyczn\u0105 (nie dotyczy: opiekun\u00f3w prawnych, opiekun\u00f3w faktycznych, os\u00f3b, kt\u00f3re przysposobi\u0142y dziecko).<\/li>\n<\/ul>\n","protected":false},"excerpt":{"rendered":"<p>Planujesz mie\u0107 dziecko, ale nie wiesz jak wygl\u0105da ten proces od A do Z? W tym po\u015bcie zebrali\u015bmy najbardziej przydatne informacje o ci\u0105\u017cy i porodzie w Polsce. Przy porodzie musimy si\u0119 liczy\u0107 z du\u017cymi kosztami. Za por\u00f3d naturalny zap\u0142acimy \u015brednio 3-5 tys. z\u0142, a za ci\u0119cie cesarskie &#8211; od 5 do 8 tys. z\u0142. Poza&#8230;<\/p>\n","protected":false},"author":2,"featured_media":1702,"comment_status":"closed","ping_status":"closed","sticky":false,"template":"","format":"standard","meta":{"inline_featured_image":false,"advgb_blocks_editor_width":"","advgb_blocks_columns_visual_guide":"","footnotes":""},"categories":[5],"tags":[],"class_list":["post-1220","post","type-post","status-publish","format-standard","has-post-thumbnail","hentry","category-ciekawostka"],"yoast_head":"<!-- This site is optimized with the Yoast SEO plugin v27.5 - https:\/\/yoast.com\/product\/yoast-seo-wordpress\/ -->\n<title>Ci\u0105\u017ca i por\u00f3d w Polsce - co warto wiedzie\u0107? - Institute Of Migrant Rights<\/title>\n<meta name=\"description\" content=\"Naszyme celem jest kszta\u0142cenie spo\u0142ecze\u0144stwa r\u00f3wnych szans \u015bwiadomego swoich praw, poprzez prowadzenie dzia\u0142alno\u015bci konsultacyjnej i szkoleniowej.\" \/>\n<meta name=\"robots\" content=\"index, follow, max-snippet:-1, max-image-preview:large, max-video-preview:-1\" \/>\n<link rel=\"canonical\" href=\"https:\/\/instytutpm.eu\/ciaza-i-porod-w-polsce-co-warto-wiedziec\/\" \/>\n<meta property=\"og:locale\" content=\"en_US\" \/>\n<meta property=\"og:type\" content=\"article\" \/>\n<meta property=\"og:title\" content=\"Ci\u0105\u017ca i por\u00f3d w Polsce - co warto wiedzie\u0107? - Institute Of Migrant Rights\" \/>\n<meta property=\"og:description\" content=\"Naszyme celem jest kszta\u0142cenie spo\u0142ecze\u0144stwa r\u00f3wnych szans \u015bwiadomego swoich praw, poprzez prowadzenie dzia\u0142alno\u015bci konsultacyjnej i szkoleniowej.\" \/>\n<meta property=\"og:url\" content=\"https:\/\/instytutpm.eu\/ciaza-i-porod-w-polsce-co-warto-wiedziec\/\" \/>\n<meta property=\"og:site_name\" content=\"Institute Of Migrant Rights\" \/>\n<meta property=\"article:publisher\" content=\"https:\/\/www.facebook.com\/Instytutpm\" \/>\n<meta property=\"article:published_time\" content=\"2023-01-09T09:04:19+00:00\" \/>\n<meta property=\"article:modified_time\" content=\"2023-05-19T08:48:03+00:00\" \/>\n<meta property=\"og:image\" content=\"https:\/\/instytutpm.eu\/wp-content\/uploads\/2023\/01\/cia\u0328z\u0307a-1.jpg\" \/>\n\t<meta property=\"og:image:width\" content=\"1616\" \/>\n\t<meta property=\"og:image:height\" content=\"1080\" \/>\n\t<meta property=\"og:image:type\" content=\"image\/jpeg\" \/>\n<meta name=\"author\" content=\"Instytut Praw Migrant\u00f3w\" \/>\n<meta name=\"twitter:card\" content=\"summary_large_image\" \/>\n<meta name=\"twitter:creator\" content=\"@Instytutipm\" \/>\n<meta name=\"twitter:site\" content=\"@Instytutipm\" \/>\n<meta name=\"twitter:label1\" content=\"Written by\" \/>\n\t<meta name=\"twitter:data1\" content=\"Instytut Praw Migrant\u00f3w\" \/>\n\t<meta name=\"twitter:label2\" content=\"Est. reading time\" \/>\n\t<meta name=\"twitter:data2\" content=\"2 minutes\" \/>\n<script type=\"application\/ld+json\" class=\"yoast-schema-graph\">{\"@context\":\"https:\\\/\\\/schema.org\",\"@graph\":[{\"@type\":\"Article\",\"@id\":\"https:\\\/\\\/instytutpm.eu\\\/ciaza-i-porod-w-polsce-co-warto-wiedziec\\\/#article\",\"isPartOf\":{\"@id\":\"https:\\\/\\\/instytutpm.eu\\\/ciaza-i-porod-w-polsce-co-warto-wiedziec\\\/\"},\"author\":{\"name\":\"Instytut Praw Migrant\u00f3w\",\"@id\":\"https:\\\/\\\/instytutpm.eu\\\/#\\\/schema\\\/person\\\/786e05d0f6f22e29b93c5ded632d8bd2\"},\"headline\":\"Ci\u0105\u017ca i por\u00f3d w Polsce &#8211; co warto wiedzie\u0107?\",\"datePublished\":\"2023-01-09T09:04:19+00:00\",\"dateModified\":\"2023-05-19T08:48:03+00:00\",\"mainEntityOfPage\":{\"@id\":\"https:\\\/\\\/instytutpm.eu\\\/ciaza-i-porod-w-polsce-co-warto-wiedziec\\\/\"},\"wordCount\":426,\"publisher\":{\"@id\":\"https:\\\/\\\/instytutpm.eu\\\/#organization\"},\"image\":{\"@id\":\"https:\\\/\\\/instytutpm.eu\\\/ciaza-i-porod-w-polsce-co-warto-wiedziec\\\/#primaryimage\"},\"thumbnailUrl\":\"https:\\\/\\\/instytutpm.eu\\\/wp-content\\\/uploads\\\/2023\\\/01\\\/cia\u0328z\u0307a-1.jpg\",\"articleSection\":[\"Ciekawostka\"],\"inLanguage\":\"en-US\"},{\"@type\":\"WebPage\",\"@id\":\"https:\\\/\\\/instytutpm.eu\\\/ciaza-i-porod-w-polsce-co-warto-wiedziec\\\/\",\"url\":\"https:\\\/\\\/instytutpm.eu\\\/ciaza-i-porod-w-polsce-co-warto-wiedziec\\\/\",\"name\":\"Ci\u0105\u017ca i por\u00f3d w Polsce - co warto wiedzie\u0107? - Institute Of Migrant Rights\",\"isPartOf\":{\"@id\":\"https:\\\/\\\/instytutpm.eu\\\/#website\"},\"primaryImageOfPage\":{\"@id\":\"https:\\\/\\\/instytutpm.eu\\\/ciaza-i-porod-w-polsce-co-warto-wiedziec\\\/#primaryimage\"},\"image\":{\"@id\":\"https:\\\/\\\/instytutpm.eu\\\/ciaza-i-porod-w-polsce-co-warto-wiedziec\\\/#primaryimage\"},\"thumbnailUrl\":\"https:\\\/\\\/instytutpm.eu\\\/wp-content\\\/uploads\\\/2023\\\/01\\\/cia\u0328z\u0307a-1.jpg\",\"datePublished\":\"2023-01-09T09:04:19+00:00\",\"dateModified\":\"2023-05-19T08:48:03+00:00\",\"description\":\"Naszyme celem jest kszta\u0142cenie spo\u0142ecze\u0144stwa r\u00f3wnych szans \u015bwiadomego swoich praw, poprzez prowadzenie dzia\u0142alno\u015bci konsultacyjnej i szkoleniowej.\",\"breadcrumb\":{\"@id\":\"https:\\\/\\\/instytutpm.eu\\\/ciaza-i-porod-w-polsce-co-warto-wiedziec\\\/#breadcrumb\"},\"inLanguage\":\"en-US\",\"potentialAction\":[{\"@type\":\"ReadAction\",\"target\":[\"https:\\\/\\\/instytutpm.eu\\\/ciaza-i-porod-w-polsce-co-warto-wiedziec\\\/\"]}]},{\"@type\":\"ImageObject\",\"inLanguage\":\"en-US\",\"@id\":\"https:\\\/\\\/instytutpm.eu\\\/ciaza-i-porod-w-polsce-co-warto-wiedziec\\\/#primaryimage\",\"url\":\"https:\\\/\\\/instytutpm.eu\\\/wp-content\\\/uploads\\\/2023\\\/01\\\/cia\u0328z\u0307a-1.jpg\",\"contentUrl\":\"https:\\\/\\\/instytutpm.eu\\\/wp-content\\\/uploads\\\/2023\\\/01\\\/cia\u0328z\u0307a-1.jpg\",\"width\":1616,\"height\":1080,\"caption\":\"cia\u0328z\u0307a\"},{\"@type\":\"BreadcrumbList\",\"@id\":\"https:\\\/\\\/instytutpm.eu\\\/ciaza-i-porod-w-polsce-co-warto-wiedziec\\\/#breadcrumb\",\"itemListElement\":[{\"@type\":\"ListItem\",\"position\":1,\"name\":\"Home\",\"item\":\"https:\\\/\\\/instytutpm.eu\\\/en\\\/\"},{\"@type\":\"ListItem\",\"position\":2,\"name\":\"Ci\u0105\u017ca i por\u00f3d w Polsce &#8211; co warto wiedzie\u0107?\"}]},{\"@type\":\"WebSite\",\"@id\":\"https:\\\/\\\/instytutpm.eu\\\/#website\",\"url\":\"https:\\\/\\\/instytutpm.eu\\\/\",\"name\":\"Instytut Praw Migrant\u00f3w\",\"description\":\"Free information support for migrants living in Poland\",\"publisher\":{\"@id\":\"https:\\\/\\\/instytutpm.eu\\\/#organization\"},\"alternateName\":\"IPM\",\"potentialAction\":[{\"@type\":\"SearchAction\",\"target\":{\"@type\":\"EntryPoint\",\"urlTemplate\":\"https:\\\/\\\/instytutpm.eu\\\/?s={search_term_string}\"},\"query-input\":{\"@type\":\"PropertyValueSpecification\",\"valueRequired\":true,\"valueName\":\"search_term_string\"}}],\"inLanguage\":\"en-US\"},{\"@type\":\"Organization\",\"@id\":\"https:\\\/\\\/instytutpm.eu\\\/#organization\",\"name\":\"Instytut Praw Migrant\u00f3w\",\"alternateName\":\"IPM\",\"url\":\"https:\\\/\\\/instytutpm.eu\\\/\",\"logo\":{\"@type\":\"ImageObject\",\"inLanguage\":\"en-US\",\"@id\":\"https:\\\/\\\/instytutpm.eu\\\/#\\\/schema\\\/logo\\\/image\\\/\",\"url\":\"https:\\\/\\\/instytutpm.eu\\\/wp-content\\\/uploads\\\/2023\\\/05\\\/ipm-logo.jpg\",\"contentUrl\":\"https:\\\/\\\/instytutpm.eu\\\/wp-content\\\/uploads\\\/2023\\\/05\\\/ipm-logo.jpg\",\"width\":238,\"height\":238,\"caption\":\"Instytut Praw Migrant\u00f3w\"},\"image\":{\"@id\":\"https:\\\/\\\/instytutpm.eu\\\/#\\\/schema\\\/logo\\\/image\\\/\"},\"sameAs\":[\"https:\\\/\\\/www.facebook.com\\\/Instytutpm\",\"https:\\\/\\\/x.com\\\/Instytutipm\"]},{\"@type\":\"Person\",\"@id\":\"https:\\\/\\\/instytutpm.eu\\\/#\\\/schema\\\/person\\\/786e05d0f6f22e29b93c5ded632d8bd2\",\"name\":\"Instytut Praw Migrant\u00f3w\",\"image\":{\"@type\":\"ImageObject\",\"inLanguage\":\"en-US\",\"@id\":\"https:\\\/\\\/instytutpm.eu\\\/wp-content\\\/uploads\\\/2023\\\/05\\\/instytut-praw-migrantow_avatar-96x96.jpg\",\"url\":\"https:\\\/\\\/instytutpm.eu\\\/wp-content\\\/uploads\\\/2023\\\/05\\\/instytut-praw-migrantow_avatar-96x96.jpg\",\"contentUrl\":\"https:\\\/\\\/instytutpm.eu\\\/wp-content\\\/uploads\\\/2023\\\/05\\\/instytut-praw-migrantow_avatar-96x96.jpg\",\"caption\":\"Instytut Praw Migrant\u00f3w\"},\"description\":\"Naszym celem jest kszta\u0142cenie spo\u0142ecze\u0144stwa r\u00f3wnych szans \u015bwiadomego swoich praw, poprzez prowadzenie dzia\u0142alno\u015bci konsultacyjnej i szkoleniowej.\",\"url\":\"https:\\\/\\\/instytutpm.eu\\\/en\\\/author\\\/bp-admin\\\/\"}]}<\/script>\n<!-- \/ Yoast SEO plugin. -->","yoast_head_json":{"title":"Ci\u0105\u017ca i por\u00f3d w Polsce - co warto wiedzie\u0107? - Institute Of Migrant Rights","description":"Naszyme celem jest kszta\u0142cenie spo\u0142ecze\u0144stwa r\u00f3wnych szans \u015bwiadomego swoich praw, poprzez prowadzenie dzia\u0142alno\u015bci konsultacyjnej i szkoleniowej.","robots":{"index":"index","follow":"follow","max-snippet":"max-snippet:-1","max-image-preview":"max-image-preview:large","max-video-preview":"max-video-preview:-1"},"canonical":"https:\/\/instytutpm.eu\/ciaza-i-porod-w-polsce-co-warto-wiedziec\/","og_locale":"en_US","og_type":"article","og_title":"Ci\u0105\u017ca i por\u00f3d w Polsce - co warto wiedzie\u0107? - Institute Of Migrant Rights","og_description":"Naszyme celem jest kszta\u0142cenie spo\u0142ecze\u0144stwa r\u00f3wnych szans \u015bwiadomego swoich praw, poprzez prowadzenie dzia\u0142alno\u015bci konsultacyjnej i szkoleniowej.","og_url":"https:\/\/instytutpm.eu\/ciaza-i-porod-w-polsce-co-warto-wiedziec\/","og_site_name":"Institute Of Migrant Rights","article_publisher":"https:\/\/www.facebook.com\/Instytutpm","article_published_time":"2023-01-09T09:04:19+00:00","article_modified_time":"2023-05-19T08:48:03+00:00","og_image":[{"width":1616,"height":1080,"url":"https:\/\/instytutpm.eu\/wp-content\/uploads\/2023\/01\/cia\u0328z\u0307a-1.jpg","type":"image\/jpeg"}],"author":"Instytut Praw Migrant\u00f3w","twitter_card":"summary_large_image","twitter_creator":"@Instytutipm","twitter_site":"@Instytutipm","twitter_misc":{"Written by":"Instytut Praw Migrant\u00f3w","Est. reading time":"2 minutes"},"schema":{"@context":"https:\/\/schema.org","@graph":[{"@type":"Article","@id":"https:\/\/instytutpm.eu\/ciaza-i-porod-w-polsce-co-warto-wiedziec\/#article","isPartOf":{"@id":"https:\/\/instytutpm.eu\/ciaza-i-porod-w-polsce-co-warto-wiedziec\/"},"author":{"name":"Instytut Praw Migrant\u00f3w","@id":"https:\/\/instytutpm.eu\/#\/schema\/person\/786e05d0f6f22e29b93c5ded632d8bd2"},"headline":"Ci\u0105\u017ca i por\u00f3d w Polsce &#8211; co warto wiedzie\u0107?","datePublished":"2023-01-09T09:04:19+00:00","dateModified":"2023-05-19T08:48:03+00:00","mainEntityOfPage":{"@id":"https:\/\/instytutpm.eu\/ciaza-i-porod-w-polsce-co-warto-wiedziec\/"},"wordCount":426,"publisher":{"@id":"https:\/\/instytutpm.eu\/#organization"},"image":{"@id":"https:\/\/instytutpm.eu\/ciaza-i-porod-w-polsce-co-warto-wiedziec\/#primaryimage"},"thumbnailUrl":"https:\/\/instytutpm.eu\/wp-content\/uploads\/2023\/01\/cia\u0328z\u0307a-1.jpg","articleSection":["Ciekawostka"],"inLanguage":"en-US"},{"@type":"WebPage","@id":"https:\/\/instytutpm.eu\/ciaza-i-porod-w-polsce-co-warto-wiedziec\/","url":"https:\/\/instytutpm.eu\/ciaza-i-porod-w-polsce-co-warto-wiedziec\/","name":"Ci\u0105\u017ca i por\u00f3d w Polsce - co warto wiedzie\u0107? - Institute Of Migrant Rights","isPartOf":{"@id":"https:\/\/instytutpm.eu\/#website"},"primaryImageOfPage":{"@id":"https:\/\/instytutpm.eu\/ciaza-i-porod-w-polsce-co-warto-wiedziec\/#primaryimage"},"image":{"@id":"https:\/\/instytutpm.eu\/ciaza-i-porod-w-polsce-co-warto-wiedziec\/#primaryimage"},"thumbnailUrl":"https:\/\/instytutpm.eu\/wp-content\/uploads\/2023\/01\/cia\u0328z\u0307a-1.jpg","datePublished":"2023-01-09T09:04:19+00:00","dateModified":"2023-05-19T08:48:03+00:00","description":"Naszyme celem jest kszta\u0142cenie spo\u0142ecze\u0144stwa r\u00f3wnych szans \u015bwiadomego swoich praw, poprzez prowadzenie dzia\u0142alno\u015bci konsultacyjnej i szkoleniowej.","breadcrumb":{"@id":"https:\/\/instytutpm.eu\/ciaza-i-porod-w-polsce-co-warto-wiedziec\/#breadcrumb"},"inLanguage":"en-US","potentialAction":[{"@type":"ReadAction","target":["https:\/\/instytutpm.eu\/ciaza-i-porod-w-polsce-co-warto-wiedziec\/"]}]},{"@type":"ImageObject","inLanguage":"en-US","@id":"https:\/\/instytutpm.eu\/ciaza-i-porod-w-polsce-co-warto-wiedziec\/#primaryimage","url":"https:\/\/instytutpm.eu\/wp-content\/uploads\/2023\/01\/cia\u0328z\u0307a-1.jpg","contentUrl":"https:\/\/instytutpm.eu\/wp-content\/uploads\/2023\/01\/cia\u0328z\u0307a-1.jpg","width":1616,"height":1080,"caption":"cia\u0328z\u0307a"},{"@type":"BreadcrumbList","@id":"https:\/\/instytutpm.eu\/ciaza-i-porod-w-polsce-co-warto-wiedziec\/#breadcrumb","itemListElement":[{"@type":"ListItem","position":1,"name":"Home","item":"https:\/\/instytutpm.eu\/en\/"},{"@type":"ListItem","position":2,"name":"Ci\u0105\u017ca i por\u00f3d w Polsce &#8211; co warto wiedzie\u0107?"}]},{"@type":"WebSite","@id":"https:\/\/instytutpm.eu\/#website","url":"https:\/\/instytutpm.eu\/","name":"Instytut Praw Migrant\u00f3w","description":"Free information support for migrants living in Poland","publisher":{"@id":"https:\/\/instytutpm.eu\/#organization"},"alternateName":"IPM","potentialAction":[{"@type":"SearchAction","target":{"@type":"EntryPoint","urlTemplate":"https:\/\/instytutpm.eu\/?s={search_term_string}"},"query-input":{"@type":"PropertyValueSpecification","valueRequired":true,"valueName":"search_term_string"}}],"inLanguage":"en-US"},{"@type":"Organization","@id":"https:\/\/instytutpm.eu\/#organization","name":"Instytut Praw Migrant\u00f3w","alternateName":"IPM","url":"https:\/\/instytutpm.eu\/","logo":{"@type":"ImageObject","inLanguage":"en-US","@id":"https:\/\/instytutpm.eu\/#\/schema\/logo\/image\/","url":"https:\/\/instytutpm.eu\/wp-content\/uploads\/2023\/05\/ipm-logo.jpg","contentUrl":"https:\/\/instytutpm.eu\/wp-content\/uploads\/2023\/05\/ipm-logo.jpg","width":238,"height":238,"caption":"Instytut Praw Migrant\u00f3w"},"image":{"@id":"https:\/\/instytutpm.eu\/#\/schema\/logo\/image\/"},"sameAs":["https:\/\/www.facebook.com\/Instytutpm","https:\/\/x.com\/Instytutipm"]},{"@type":"Person","@id":"https:\/\/instytutpm.eu\/#\/schema\/person\/786e05d0f6f22e29b93c5ded632d8bd2","name":"Instytut Praw Migrant\u00f3w","image":{"@type":"ImageObject","inLanguage":"en-US","@id":"https:\/\/instytutpm.eu\/wp-content\/uploads\/2023\/05\/instytut-praw-migrantow_avatar-96x96.jpg","url":"https:\/\/instytutpm.eu\/wp-content\/uploads\/2023\/05\/instytut-praw-migrantow_avatar-96x96.jpg","contentUrl":"https:\/\/instytutpm.eu\/wp-content\/uploads\/2023\/05\/instytut-praw-migrantow_avatar-96x96.jpg","caption":"Instytut Praw Migrant\u00f3w"},"description":"Naszym celem jest kszta\u0142cenie spo\u0142ecze\u0144stwa r\u00f3wnych szans \u015bwiadomego swoich praw, poprzez prowadzenie dzia\u0142alno\u015bci konsultacyjnej i szkoleniowej.","url":"https:\/\/instytutpm.eu\/en\/author\/bp-admin\/"}]}},"author_meta":{"display_name":"Instytut Praw Migrant\u00f3w","author_link":"https:\/\/instytutpm.eu\/en\/author\/bp-admin\/"},"featured_img":"https:\/\/instytutpm.eu\/wp-content\/uploads\/2023\/01\/cia\u0328z\u0307a-1-600x401.jpg","coauthors":[],"tax_additional":{"categories":{"linked":["<a href=\"https:\/\/instytutpm.eu\/en\/category\/ciekawostka\/\" class=\"advgb-post-tax-term\">Ciekawostka<\/a>"],"unlinked":["<span class=\"advgb-post-tax-term\">Ciekawostka<\/span>"]}},"comment_count":"0","relative_dates":{"created":"Posted 3 years ago","modified":"Updated 3 years ago"},"absolute_dates":{"created":"Posted on 2023-01-09","modified":"Updated on 2023-05-19"},"absolute_dates_time":{"created":"Posted on 2023-01-09 10:04","modified":"Updated on 2023-05-19 10:48"},"featured_img_caption":"","series_order":"","_links":{"self":[{"href":"https:\/\/instytutpm.eu\/en\/wp-json\/wp\/v2\/posts\/1220","targetHints":{"allow":["GET"]}}],"collection":[{"href":"https:\/\/instytutpm.eu\/en\/wp-json\/wp\/v2\/posts"}],"about":[{"href":"https:\/\/instytutpm.eu\/en\/wp-json\/wp\/v2\/types\/post"}],"author":[{"embeddable":true,"href":"https:\/\/instytutpm.eu\/en\/wp-json\/wp\/v2\/users\/2"}],"replies":[{"embeddable":true,"href":"https:\/\/instytutpm.eu\/en\/wp-json\/wp\/v2\/comments?post=1220"}],"version-history":[{"count":3,"href":"https:\/\/instytutpm.eu\/en\/wp-json\/wp\/v2\/posts\/1220\/revisions"}],"predecessor-version":[{"id":1663,"href":"https:\/\/instytutpm.eu\/en\/wp-json\/wp\/v2\/posts\/1220\/revisions\/1663"}],"wp:featuredmedia":[{"embeddable":true,"href":"https:\/\/instytutpm.eu\/en\/wp-json\/wp\/v2\/media\/1702"}],"wp:attachment":[{"href":"https:\/\/instytutpm.eu\/en\/wp-json\/wp\/v2\/media?parent=1220"}],"wp:term":[{"taxonomy":"category","embeddable":true,"href":"https:\/\/instytutpm.eu\/en\/wp-json\/wp\/v2\/categories?post=1220"},{"taxonomy":"post_tag","embeddable":true,"href":"https:\/\/instytutpm.eu\/en\/wp-json\/wp\/v2\/tags?post=1220"}],"curies":[{"name":"wp","href":"https:\/\/api.w.org\/{rel}","templated":true}]}}