{"id":1214,"date":"2022-12-23T14:02:00","date_gmt":"2022-12-23T13:02:00","guid":{"rendered":"https:\/\/instytutpm.eu\/?p=1214"},"modified":"2023-08-08T14:16:45","modified_gmt":"2023-08-08T12:16:45","slug":"polski-rynek-pracy-relacja-miedzy-polakami-a-cudzoziemcami","status":"publish","type":"post","link":"https:\/\/instytutpm.eu\/en\/polski-rynek-pracy-relacja-miedzy-polakami-a-cudzoziemcami\/","title":{"rendered":"Polski rynek pracy. Relacja mi\u0119dzy Polakami a cudzoziemcami"},"content":{"rendered":"\n<ul class=\"wp-block-list\">\n<li>Jak Polacy postrzegaj\u0105 swoj\u0105 prac\u0119<\/li>\n\n\n\n<li>S\u0142owo o pracuj\u0105cych migrantach<\/li>\n\n\n\n<li>Czy Ukrai\u0144cy zabieraj\u0105 prac\u0119 Polakom?<\/li>\n\n\n\n<li>Jak Polakom pracuje si\u0119 z cudzoziemcami i czego si\u0119 obawiaj\u0105<\/li>\n\n\n\n<li>Integracja jest kluczem<\/li>\n<\/ul>\n\n\n\n<p>Trudno bez zastanowienia si\u0119 powiedzie\u0107 jak wa\u017cna jest praca dla Polak\u00f3w. Z poprzedniego artyku\u0142u, kt\u00f3ry jest dost\u0119pny na naszej stronie pod tytu\u0142em \u201cJak wiele os\u00f3b zauwa\u017ca od lat istniej\u0105cy problem z mieszkalnictwem w Polsce?\u201d<a href=\"https:\/\/fundacjaukraina.eu\/polski-rynek-pracy-relacja-miedzy-polakami-a-cudzoziemcami\/#_ftn1\"><sup>[1]<\/sup><\/a>&nbsp;mo\u017cna wywnioskowa\u0107, \u017ce niskie zarobki s\u0105 uci\u0105\u017cliwym problemem dla spo\u0142ecze\u0144stwa. Jasne jest to, \u017ce stosunek pracy poszczeg\u00f3lnych jednostek spo\u0142ecze\u0144stwa do ich zarobk\u00f3w jest zbyt obszernym tematem. A mo\u017ce w og\u00f3le zbyt pochopnie zaczynamy my\u015ble\u0107 o pracy pod k\u0105tem zarobkowym? Przecie\u017c praca przede wszystkim powinna by\u0107 miejscem spe\u0142nienia ambicji czy te\u017c miejscem, w kt\u00f3rym robimy to, co lubimy. Dzisiaj chcieliby\u015bmy skupi\u0107 uwag\u0119 na tym, jak Polacy postrzegaj\u0105 swoje miejsce pracy, co o niej s\u0105dz\u0105 i czy mog\u0105 pogodzi\u0107 si\u0119 z tym, \u017ce coraz wi\u0119cej migrant\u00f3w podejmuje si\u0119 pracy w Polsce. W danym artykule przyjrzymy si\u0119 te\u017c temu, czy i dlaczego Polacy obawiaj\u0105 si\u0119 pracy z Ukrai\u0144cami i innymi migrantami.<\/p>\n\n\n\n<ul class=\"wp-block-list\">\n<li>Jak Polacy postrzegaj\u0105 swoj\u0105 prac\u0119?<\/li>\n<\/ul>\n\n\n\n<p>Jakby chwil\u0119 zastanowi\u0107 si\u0119 nad tym pytaniem, to jest ono niezwykle szerokie samo w sobie. Odpowiadaj\u0105c na nie, mo\u017cemy uwzgl\u0119dni\u0107 nasze zarobki, atmosfer\u0119 w miejscu pracy, relacje z szefostwem i innymi pracownikami, ilo\u015b\u0107 pracy, kt\u00f3r\u0105 mamy do wykonania, a tak\u017ce stopie\u0144 odpowiedzialno\u015bci, kt\u00f3ra na nas spada. Ponownie dochodzimy do wniosku, \u017ce w pracy nie chodzi jedynie o pieni\u0105dze. Jakby\u015bmy mieli uk\u0142ada\u0107 ranking element\u00f3w, kt\u00f3re licz\u0105 si\u0119 w pracy najbardziej, to bardzo wysoko postawiliby\u015bmy relacje, kt\u00f3re \u0142\u0105cz\u0105 nas z innymi osobami, tym bardziej je\u015bli jeste\u015bmy zdani na prac\u0119 w zespole i grupow\u0105 realizacj\u0119 zada\u0144.<\/p>\n\n\n\n<p>Z bada\u0144 realizowanych przez LiveCareer<a href=\"https:\/\/fundacjaukraina.eu\/polski-rynek-pracy-relacja-miedzy-polakami-a-cudzoziemcami\/#_ftn2\"><sup>[2]<\/sup><\/a>&nbsp;w 2022 roku wynika, \u017ce 74% badanym praca daje poczucie satysfakcji, z kolei przy pytaniu czy wykonywana praca jest nudna, a\u017c 70% odpowiedzia\u0142o twierdz\u0105co. A\u017c 85% zgadza si\u0119 ze s\u0142owami \u201cpracuj\u0119, wi\u0119c jestem warto\u015bciowym cz\u0142onkiem spo\u0142ecze\u0144stwa\u201d, co tylko potwierdza szeroko rozpowszechnione zdanie o tym, \u017ce Polacy traktuj\u0105 prac\u0119 jako warto\u015b\u0107 sam\u0105 w sobie. Skoro sama ch\u0119\u0107 pracy jest warto\u015bci\u0105, dlaczego spo\u0142ecze\u0144stwo polskie nieraz ma trudno\u015b\u0107 z zaakceptowaniem obecno\u015bci cudzoziemc\u00f3w w swojej pracy?<\/p>\n\n\n\n<ul class=\"wp-block-list\">\n<li>S\u0142owo o pracuj\u0105cych migrantach<\/li>\n<\/ul>\n\n\n\n<p>Wed\u0142ug danych ZUS, w maju 2022 r. w Polsce legalnie pracowa\u0142o ju\u017c prawie 670 tys. obywateli Ukrainy. Zgodnie z danymi na koniec lipca, liczba Ukrai\u0144c\u00f3w legalnie pracuj\u0105cych w Polsce si\u0119gn\u0119\u0142a 736 tys.. To w\u0142a\u015bnie oni tworz\u0105 najliczniejsz\u0105 grup\u0119 pracownik\u00f3w pochodz\u0105cych z zagranicy, na drugim miejscu s\u0105 Bia\u0142orusini, a dalej \u2013 Gruzini. Stanem na sierpie\u0144 bie\u017c\u0105cego roku, zatrudnienie w Polsce znalaz\u0142o niemal 380 tys. obywateli Ukrainy uciekaj\u0105cych przed wojn\u0105. Te dane zwracaj\u0105 uwag\u0119 na kilka istotnych kwestii. Po pierwsze, obywatele Ukrainy przyje\u017cd\u017caj\u0105cy do Polski w celach schronienia lub w celach zarobkowych s\u0105 gotowi na ci\u0119\u017ck\u0105 prac\u0119 i podobnie do Polak\u00f3w, traktuj\u0105 j\u0105 jako warto\u015b\u0107. Po drugie, pracuj\u0105c, jedynie przyk\u0142adaj\u0105 si\u0119 do zape\u0142nienia luk w dziedzinach, w kt\u00f3rych brakuje pracownik\u00f3w. Cudzoziemcy pracuj\u0105cy w Polsce cz\u0119sto pracuj\u0105 w przemy\u015ble, transporcie i budownictwie, ze wzgl\u0119du chocia\u017cby na to, \u017ce nie zawsze w\u0142adaj\u0105 j\u0119zykiem polskim na tyle, by dosta\u0107 zatrudnienie w innych sektorach. Nieraz jest te\u017c tak, \u017ce cudzoziemcy s\u0105 zmuszeni do podj\u0119cia si\u0119 pracy na ni\u017cszym szczeblu, ni\u017c gwarantuje im ich wykszta\u0142cenie, ze wzgl\u0119du na s\u0142ab\u0105 znajomo\u015b\u0107 j\u0119zyka oraz konieczno\u015b\u0107 nostryfikacji dyplom\u00f3w, kt\u00f3ra jest d\u0142ugotrwa\u0142\u0105 i kosztown\u0105 procedur\u0105. Obecno\u015b\u0107 cudzoziemc\u00f3w na polskim rynku pracy nie jest ju\u017c dla nikogo zadziwiaj\u0105ca, a nawet wi\u0119cej, przyczynia si\u0119 ona do spadku stopy bezrobocia w kraju i do spadku zapotrzebowania na specjalist\u00f3w w konkretnych dziedzinach.<\/p>\n\n\n\n<ul class=\"wp-block-list\">\n<li>Czy Ukrai\u0144cy zabieraj\u0105 prac\u0119 Polakom?<\/li>\n<\/ul>\n\n\n\n<p>Jak ju\u017c wspomnieli\u015bmy wcze\u015bniej, Polacy nie powinni obawia\u0107 si\u0119 o swoje stanowiska pracy z prostych powod\u00f3w. Cudzoziemcy, w tym obywatele Ukrainy, wci\u0105\u017c nie wype\u0142nili luki na polskim rynku pracy, dlatego nawet du\u017ca fala os\u00f3b, uciekaj\u0105cych przed wojn\u0105, nie zmieni tego gwa\u0142townie<a href=\"https:\/\/fundacjaukraina.eu\/polski-rynek-pracy-relacja-miedzy-polakami-a-cudzoziemcami\/#_ftn3\"><sup>[3]<\/sup><\/a>. Deficyt pracownik\u00f3w wci\u0105\u017c jest widoczny w bran\u017cy budowlanej, medycznej, produkcyjnej, samochodowej, finansowej, gastronomicznej oraz edukacyjnej. Warto te\u017c pami\u0119ta\u0107 o tym, \u017ce grup\u0119 uchod\u017ac\u00f3w stanowi\u0105 g\u0142\u00f3wnie kobiety i dzieci, a wi\u0119c nie wszystkie z nich b\u0119d\u0105 mog\u0142y szybko wej\u015b\u0107 na polski rynek pracy ze wzgl\u0119du na bardzo wa\u017cny aspekt, jakim jest opiekowanie si\u0119 dzie\u0107mi.<\/p>\n\n\n\n<ul class=\"wp-block-list\">\n<li>Jak Polakom pracuje si\u0119 z cudzoziemcami i czego si\u0119 obawiaj\u0105<\/li>\n<\/ul>\n\n\n\n<p>Portal InterviewMe<a href=\"https:\/\/fundacjaukraina.eu\/polski-rynek-pracy-relacja-miedzy-polakami-a-cudzoziemcami\/#_ftn4\"><sup>[4]<\/sup><\/a>&nbsp;przeprowadzi\u0142 badania, z kt\u00f3rych wynika, \u017ce Polacy w wi\u0119kszo\u015bci nie maj\u0105 nic przeciwko pracy z Ukrai\u0144cami. Obywateli Ukrainy lepiej postrzegaj\u0105 te osoby, kt\u00f3re mia\u0142y okazj\u0119 z nimi pracowa\u0107, co daje nam przestrze\u0144 do zupe\u0142nie ludzkich konkluzji: wi\u0119ksz\u0105 sympati\u0119 mamy do os\u00f3b, kt\u00f3re znamy osobi\u015bcie, dlatego, \u017ce staj\u0105 si\u0119 one dla nas mniej obce. Ponad 80% ankietowanych odpowiedzia\u0142o, \u017ce ma pozytywny lub neutralny stosunek do swoich wsp\u00f3\u0142pracownik\u00f3w z Ukrainy, z kolei prawie co czwarty Polak przyznaje, \u017ce zdarzy\u0142o mu si\u0119 nawi\u0105za\u0107 przyja\u017a\u0144 lub zwi\u0105zek ze wsp\u00f3\u0142pracownikiem pochodzenia ukrai\u0144skiego (p\u0142e\u0107 nie mia\u0142a w tym wypadku \u017cadnego znaczenia). Ciesz\u0105 nas te\u017c wyniki badania Rzeczpospolitej<a href=\"https:\/\/fundacjaukraina.eu\/polski-rynek-pracy-relacja-miedzy-polakami-a-cudzoziemcami\/#_ftn5\"><sup>[5]<\/sup><\/a>, z kt\u00f3rego dowiadujemy si\u0119, \u017ce Polacy s\u0105dz\u0105, \u017ce uchod\u017acom powinny przys\u0142ugiwa\u0107 takie same warunki zatrudnienia i benefity jak Polakom.<\/p>\n\n\n\n<ul class=\"wp-block-list\">\n<li>Integracja jest kluczem<\/li>\n<\/ul>\n\n\n\n<p>Z poprzednich cz\u0119\u015bci uda\u0142o nam si\u0119 dowiedzie\u0107, \u017ce osoby z Ukrainy nie s\u0105 negatywnie odbierane przez swoich koleg\u00f3w z pracy, cho\u0107 m\u0142odsza cz\u0119\u015b\u0107 spo\u0142ecze\u0144stwa (z bada\u0144 wynika, \u017ce jest to grupa w wieku 18-29 lat) nieraz podkre\u015bla obawy zwi\u0105zane z wysoko\u015bci\u0105 p\u0142ac i warunkami pracy na tle du\u017cej fali migracji. Mimo to, coraz mniej boimy si\u0119 tego, \u017ce cudzoziemcy odbior\u0105 nam prac\u0119 i coraz bardziej kolegujemy si\u0119 ze wsp\u00f3\u0142pracownikami z Ukrainy oraz nawi\u0105zujemy z nimi bli\u017csze relacje. To przyzwyczajenie i powoli id\u0105ca do przodu akceptacja wynikaj\u0105 z tego, \u017ce poznajemy ludzi i przestaj\u0105 oni by\u0107 dla nas nieznan\u0105 mas\u0105. Dzi\u0119ki dost\u0119powi do rynku pracy pozwalamy cudzoziemcom na integrowanie si\u0119 ze spo\u0142ecze\u0144stwem polskim i poniek\u0105d zapraszamy do bycia jego cz\u0119\u015bci\u0105. W przytoczonych przez nas badaniach wybrzmia\u0142o te\u017c to, \u017ce pracuj\u0105cy Polacy uwa\u017caj\u0105, \u017ce s\u0105 warto\u015bciowymi cz\u0142onkami spo\u0142ecze\u0144stwa. Tym samym, szanujemy i inne osoby, kt\u00f3re decyduj\u0105 si\u0119 na prac\u0119 w Polsce, a przynajmniej powinni\u015bmy postrzega\u0107 ich w tym kontek\u015bcie. Nie mo\u017cna zapomina\u0107 i o tym, \u017ce blisko\u015b\u0107 kulturowa tych kraj\u00f3w r\u00f3wnie\u017c pozwala na szybsze zaakceptowanie os\u00f3b zza wschodniej granicy i wi\u0119kszy stopie\u0144 zaufania. Nic dziwnego, \u017ce gdy ju\u017c przyjdzie nam pracowa\u0107 z obywatelami Ukrainy, jeste\u015bmy w stanie nawi\u0105za\u0107 bli\u017csze relacje oraz wyrobi\u0107 bardziej rzeczywist\u0105 opini\u0119, ni\u017c gdy badamy cudzoziemc\u00f3w pracuj\u0105cych w Polsce jako nieznan\u0105 nam grup\u0119 spo\u0142eczn\u0105. Dlatego w\u0142a\u015bnie chcieli\u015bmy si\u0119 skupi\u0107 na relacjach mi\u0119dzy Polakami a obcokrajowcami, zw\u0142aszcza pochodzenia ukrai\u0144skiego, w kontek\u015bcie zawodowym i zawodowo-prywatnym. Kiedy si\u0119 poznamy z konkretn\u0105 osob\u0105 to jeste\u015bmy w stanie wykaza\u0107 si\u0119 wi\u0119ksz\u0105 empati\u0105, zrozumieniem i szacunkiem dla niej, poniewa\u017c pod\u015bwiadomie traktujemy j\u0105 jako cz\u0119\u015b\u0107 naszego spo\u0142ecze\u0144stwa, a nie my\u015blimy o niej jako o jednostce wy\u0142aniaj\u0105cej si\u0119 z niezintegrowanej masy migrant\u00f3w i uchod\u017ac\u00f3w, o kt\u00f3rych nic nie wiemy.<\/p>\n\n\n\n<p><a href=\"https:\/\/fundacjaukraina.eu\/polski-rynek-pracy-relacja-miedzy-polakami-a-cudzoziemcami\/#_ftnref1\"><sup>[1]<\/sup><\/a>&nbsp;Jak wiele os\u00f3b zauwa\u017ca od lat istniej\u0105cy problem z mieszkalnictwem w Polsce?,<\/p>\n\n\n\n[https:\/\/fundacjaukraina.eu\/jak-wiele-osob-zauwaza-od-lat-istniejacy-problem-z-mieszkalnictwem-w-polsce\/].<\/p>\n\n\n\n<p><a href=\"https:\/\/fundacjaukraina.eu\/polski-rynek-pracy-relacja-miedzy-polakami-a-cudzoziemcami\/#_ftnref2\"><sup>[2]<\/sup><\/a>&nbsp;LiveCareer, 2022,<\/p>\n\n\n\n[https:\/\/www.livecareer.pl\/porady-zawodowe\/podejscie-do-pracy-badanie].<\/p>\n\n\n\n<p><a href=\"https:\/\/fundacjaukraina.eu\/polski-rynek-pracy-relacja-miedzy-polakami-a-cudzoziemcami\/#_ftnref3\"><sup>[3]<\/sup><\/a>&nbsp;Ministerstwo Rodziny i Polityki Spo\u0142ecznej, 14.04.2022, [https:\/\/www.gov.pl\/web\/rodzina\/obywatele-ukrainy-wypelnia-luke-na-polskim-rynku-pracy].<\/p>\n\n\n\n<p><a href=\"https:\/\/fundacjaukraina.eu\/polski-rynek-pracy-relacja-miedzy-polakami-a-cudzoziemcami\/#_ftnref4\"><sup>[4]<\/sup><\/a>&nbsp;InterviewMe, 21.11.2022, [https:\/\/interviewme.pl\/blog\/ukraincy-na-polskim-rynku-pracy-badanie].<\/p>\n\n\n\n<p><a href=\"https:\/\/fundacjaukraina.eu\/polski-rynek-pracy-relacja-miedzy-polakami-a-cudzoziemcami\/#_ftnref5\"><sup>[5]<\/sup><\/a>&nbsp;Rzeczpospolita, 17.08.2022, [https:\/\/www.rp.pl\/rynek-pracy\/art36890321-jak-polakom-pracuje-sie-z-ukraincami-wyniki-nowego-badania].<\/p>\n","protected":false},"excerpt":{"rendered":"<p>Trudno bez zastanowienia si\u0119 powiedzie\u0107 jak wa\u017cna jest praca dla Polak\u00f3w. Z poprzedniego artyku\u0142u, kt\u00f3ry jest dost\u0119pny na naszej stronie pod tytu\u0142em \u201cJak wiele os\u00f3b zauwa\u017ca od lat istniej\u0105cy problem z mieszkalnictwem w Polsce?\u201d[1]&nbsp;mo\u017cna wywnioskowa\u0107, \u017ce niskie zarobki s\u0105 uci\u0105\u017cliwym problemem dla spo\u0142ecze\u0144stwa. Jasne jest to, \u017ce stosunek pracy poszczeg\u00f3lnych jednostek spo\u0142ecze\u0144stwa do ich zarobk\u00f3w&#8230;<\/p>\n","protected":false},"author":11,"featured_media":1656,"comment_status":"closed","ping_status":"closed","sticky":false,"template":"","format":"standard","meta":{"inline_featured_image":false,"advgb_blocks_editor_width":"","advgb_blocks_columns_visual_guide":"","footnotes":""},"categories":[5],"tags":[],"class_list":["post-1214","post","type-post","status-publish","format-standard","has-post-thumbnail","hentry","category-ciekawostka"],"yoast_head":"<!-- This site is optimized with the Yoast SEO plugin v27.5 - https:\/\/yoast.com\/product\/yoast-seo-wordpress\/ -->\n<title>Polski rynek pracy. Relacja mi\u0119dzy Polakami a cudzoziemcami - Institute Of Migrant Rights<\/title>\n<meta name=\"description\" content=\"Naszyme celem jest kszta\u0142cenie spo\u0142ecze\u0144stwa r\u00f3wnych szans \u015bwiadomego swoich praw, poprzez prowadzenie dzia\u0142alno\u015bci konsultacyjnej i szkoleniowej.\" \/>\n<meta name=\"robots\" content=\"index, follow, max-snippet:-1, max-image-preview:large, max-video-preview:-1\" \/>\n<link rel=\"canonical\" href=\"https:\/\/instytutpm.eu\/polski-rynek-pracy-relacja-miedzy-polakami-a-cudzoziemcami\/\" \/>\n<meta property=\"og:locale\" content=\"en_US\" \/>\n<meta property=\"og:type\" content=\"article\" \/>\n<meta property=\"og:title\" content=\"Polski rynek pracy. Relacja mi\u0119dzy Polakami a cudzoziemcami - Institute Of Migrant Rights\" \/>\n<meta property=\"og:description\" content=\"Naszyme celem jest kszta\u0142cenie spo\u0142ecze\u0144stwa r\u00f3wnych szans \u015bwiadomego swoich praw, poprzez prowadzenie dzia\u0142alno\u015bci konsultacyjnej i szkoleniowej.\" \/>\n<meta property=\"og:url\" content=\"https:\/\/instytutpm.eu\/polski-rynek-pracy-relacja-miedzy-polakami-a-cudzoziemcami\/\" \/>\n<meta property=\"og:site_name\" content=\"Institute Of Migrant Rights\" \/>\n<meta property=\"article:publisher\" content=\"https:\/\/www.facebook.com\/Instytutpm\" \/>\n<meta property=\"article:published_time\" content=\"2022-12-23T13:02:00+00:00\" \/>\n<meta property=\"article:modified_time\" content=\"2023-08-08T12:16:45+00:00\" \/>\n<meta property=\"og:image\" content=\"https:\/\/instytutpm.eu\/wp-content\/uploads\/2022\/12\/Polski-rynek-pracy-header.jpeg\" \/>\n\t<meta property=\"og:image:width\" content=\"1000\" \/>\n\t<meta property=\"og:image:height\" content=\"500\" \/>\n\t<meta property=\"og:image:type\" content=\"image\/jpeg\" \/>\n<meta name=\"author\" content=\"Ksenia Pletnova\" \/>\n<meta name=\"twitter:card\" content=\"summary_large_image\" \/>\n<meta name=\"twitter:creator\" content=\"@Instytutipm\" \/>\n<meta name=\"twitter:site\" content=\"@Instytutipm\" \/>\n<meta name=\"twitter:label1\" content=\"Written by\" \/>\n\t<meta name=\"twitter:data1\" content=\"Ksenia Pletnova\" \/>\n\t<meta name=\"twitter:label2\" content=\"Est. reading time\" \/>\n\t<meta name=\"twitter:data2\" content=\"5 minutes\" \/>\n<script type=\"application\/ld+json\" class=\"yoast-schema-graph\">{\"@context\":\"https:\\\/\\\/schema.org\",\"@graph\":[{\"@type\":\"Article\",\"@id\":\"https:\\\/\\\/instytutpm.eu\\\/polski-rynek-pracy-relacja-miedzy-polakami-a-cudzoziemcami\\\/#article\",\"isPartOf\":{\"@id\":\"https:\\\/\\\/instytutpm.eu\\\/polski-rynek-pracy-relacja-miedzy-polakami-a-cudzoziemcami\\\/\"},\"author\":{\"name\":\"Ksenia Pletnova\",\"@id\":\"https:\\\/\\\/instytutpm.eu\\\/#\\\/schema\\\/person\\\/d5f966e83d4ad4b83ac2991f8d7b6868\"},\"headline\":\"Polski rynek pracy. Relacja mi\u0119dzy Polakami a cudzoziemcami\",\"datePublished\":\"2022-12-23T13:02:00+00:00\",\"dateModified\":\"2023-08-08T12:16:45+00:00\",\"mainEntityOfPage\":{\"@id\":\"https:\\\/\\\/instytutpm.eu\\\/polski-rynek-pracy-relacja-miedzy-polakami-a-cudzoziemcami\\\/\"},\"wordCount\":1355,\"publisher\":{\"@id\":\"https:\\\/\\\/instytutpm.eu\\\/#organization\"},\"image\":{\"@id\":\"https:\\\/\\\/instytutpm.eu\\\/polski-rynek-pracy-relacja-miedzy-polakami-a-cudzoziemcami\\\/#primaryimage\"},\"thumbnailUrl\":\"https:\\\/\\\/instytutpm.eu\\\/wp-content\\\/uploads\\\/2022\\\/12\\\/Polski-rynek-pracy-header.jpeg\",\"articleSection\":[\"Ciekawostka\"],\"inLanguage\":\"en-US\"},{\"@type\":\"WebPage\",\"@id\":\"https:\\\/\\\/instytutpm.eu\\\/polski-rynek-pracy-relacja-miedzy-polakami-a-cudzoziemcami\\\/\",\"url\":\"https:\\\/\\\/instytutpm.eu\\\/polski-rynek-pracy-relacja-miedzy-polakami-a-cudzoziemcami\\\/\",\"name\":\"Polski rynek pracy. Relacja mi\u0119dzy Polakami a cudzoziemcami - Institute Of Migrant Rights\",\"isPartOf\":{\"@id\":\"https:\\\/\\\/instytutpm.eu\\\/#website\"},\"primaryImageOfPage\":{\"@id\":\"https:\\\/\\\/instytutpm.eu\\\/polski-rynek-pracy-relacja-miedzy-polakami-a-cudzoziemcami\\\/#primaryimage\"},\"image\":{\"@id\":\"https:\\\/\\\/instytutpm.eu\\\/polski-rynek-pracy-relacja-miedzy-polakami-a-cudzoziemcami\\\/#primaryimage\"},\"thumbnailUrl\":\"https:\\\/\\\/instytutpm.eu\\\/wp-content\\\/uploads\\\/2022\\\/12\\\/Polski-rynek-pracy-header.jpeg\",\"datePublished\":\"2022-12-23T13:02:00+00:00\",\"dateModified\":\"2023-08-08T12:16:45+00:00\",\"description\":\"Naszyme celem jest kszta\u0142cenie spo\u0142ecze\u0144stwa r\u00f3wnych szans \u015bwiadomego swoich praw, poprzez prowadzenie dzia\u0142alno\u015bci konsultacyjnej i szkoleniowej.\",\"breadcrumb\":{\"@id\":\"https:\\\/\\\/instytutpm.eu\\\/polski-rynek-pracy-relacja-miedzy-polakami-a-cudzoziemcami\\\/#breadcrumb\"},\"inLanguage\":\"en-US\",\"potentialAction\":[{\"@type\":\"ReadAction\",\"target\":[\"https:\\\/\\\/instytutpm.eu\\\/polski-rynek-pracy-relacja-miedzy-polakami-a-cudzoziemcami\\\/\"]}]},{\"@type\":\"ImageObject\",\"inLanguage\":\"en-US\",\"@id\":\"https:\\\/\\\/instytutpm.eu\\\/polski-rynek-pracy-relacja-miedzy-polakami-a-cudzoziemcami\\\/#primaryimage\",\"url\":\"https:\\\/\\\/instytutpm.eu\\\/wp-content\\\/uploads\\\/2022\\\/12\\\/Polski-rynek-pracy-header.jpeg\",\"contentUrl\":\"https:\\\/\\\/instytutpm.eu\\\/wp-content\\\/uploads\\\/2022\\\/12\\\/Polski-rynek-pracy-header.jpeg\",\"width\":1000,\"height\":500,\"caption\":\"Polski-rynek-pracy-header\"},{\"@type\":\"BreadcrumbList\",\"@id\":\"https:\\\/\\\/instytutpm.eu\\\/polski-rynek-pracy-relacja-miedzy-polakami-a-cudzoziemcami\\\/#breadcrumb\",\"itemListElement\":[{\"@type\":\"ListItem\",\"position\":1,\"name\":\"Home\",\"item\":\"https:\\\/\\\/instytutpm.eu\\\/en\\\/\"},{\"@type\":\"ListItem\",\"position\":2,\"name\":\"Polski rynek pracy. Relacja mi\u0119dzy Polakami a cudzoziemcami\"}]},{\"@type\":\"WebSite\",\"@id\":\"https:\\\/\\\/instytutpm.eu\\\/#website\",\"url\":\"https:\\\/\\\/instytutpm.eu\\\/\",\"name\":\"Instytut Praw Migrant\u00f3w\",\"description\":\"Free information support for migrants living in Poland\",\"publisher\":{\"@id\":\"https:\\\/\\\/instytutpm.eu\\\/#organization\"},\"alternateName\":\"IPM\",\"potentialAction\":[{\"@type\":\"SearchAction\",\"target\":{\"@type\":\"EntryPoint\",\"urlTemplate\":\"https:\\\/\\\/instytutpm.eu\\\/?s={search_term_string}\"},\"query-input\":{\"@type\":\"PropertyValueSpecification\",\"valueRequired\":true,\"valueName\":\"search_term_string\"}}],\"inLanguage\":\"en-US\"},{\"@type\":\"Organization\",\"@id\":\"https:\\\/\\\/instytutpm.eu\\\/#organization\",\"name\":\"Instytut Praw Migrant\u00f3w\",\"alternateName\":\"IPM\",\"url\":\"https:\\\/\\\/instytutpm.eu\\\/\",\"logo\":{\"@type\":\"ImageObject\",\"inLanguage\":\"en-US\",\"@id\":\"https:\\\/\\\/instytutpm.eu\\\/#\\\/schema\\\/logo\\\/image\\\/\",\"url\":\"https:\\\/\\\/instytutpm.eu\\\/wp-content\\\/uploads\\\/2023\\\/05\\\/ipm-logo.jpg\",\"contentUrl\":\"https:\\\/\\\/instytutpm.eu\\\/wp-content\\\/uploads\\\/2023\\\/05\\\/ipm-logo.jpg\",\"width\":238,\"height\":238,\"caption\":\"Instytut Praw Migrant\u00f3w\"},\"image\":{\"@id\":\"https:\\\/\\\/instytutpm.eu\\\/#\\\/schema\\\/logo\\\/image\\\/\"},\"sameAs\":[\"https:\\\/\\\/www.facebook.com\\\/Instytutpm\",\"https:\\\/\\\/x.com\\\/Instytutipm\"]},{\"@type\":\"Person\",\"@id\":\"https:\\\/\\\/instytutpm.eu\\\/#\\\/schema\\\/person\\\/d5f966e83d4ad4b83ac2991f8d7b6868\",\"name\":\"Ksenia Pletnova\",\"image\":{\"@type\":\"ImageObject\",\"inLanguage\":\"en-US\",\"@id\":\"https:\\\/\\\/instytutpm.eu\\\/wp-content\\\/uploads\\\/2023\\\/08\\\/ksenia-pletneva-96x96.webp\",\"url\":\"https:\\\/\\\/instytutpm.eu\\\/wp-content\\\/uploads\\\/2023\\\/08\\\/ksenia-pletneva-96x96.webp\",\"contentUrl\":\"https:\\\/\\\/instytutpm.eu\\\/wp-content\\\/uploads\\\/2023\\\/08\\\/ksenia-pletneva-96x96.webp\",\"caption\":\"Ksenia Pletnova\"},\"description\":\"Celem Instytutu Praw Migrant\u00f3w jest kszta\u0142cenie spo\u0142ecze\u0144stwa r\u00f3wnych szans \u015bwiadomego swoich praw, poprzez prowadzenie dzia\u0142alno\u015bci konsultacyjnej i szkoleniowej.\",\"url\":\"https:\\\/\\\/instytutpm.eu\\\/en\\\/author\\\/kp-admin\\\/\"}]}<\/script>\n<!-- \/ Yoast SEO plugin. -->","yoast_head_json":{"title":"Polski rynek pracy. Relacja mi\u0119dzy Polakami a cudzoziemcami - Institute Of Migrant Rights","description":"Naszyme celem jest kszta\u0142cenie spo\u0142ecze\u0144stwa r\u00f3wnych szans \u015bwiadomego swoich praw, poprzez prowadzenie dzia\u0142alno\u015bci konsultacyjnej i szkoleniowej.","robots":{"index":"index","follow":"follow","max-snippet":"max-snippet:-1","max-image-preview":"max-image-preview:large","max-video-preview":"max-video-preview:-1"},"canonical":"https:\/\/instytutpm.eu\/polski-rynek-pracy-relacja-miedzy-polakami-a-cudzoziemcami\/","og_locale":"en_US","og_type":"article","og_title":"Polski rynek pracy. Relacja mi\u0119dzy Polakami a cudzoziemcami - Institute Of Migrant Rights","og_description":"Naszyme celem jest kszta\u0142cenie spo\u0142ecze\u0144stwa r\u00f3wnych szans \u015bwiadomego swoich praw, poprzez prowadzenie dzia\u0142alno\u015bci konsultacyjnej i szkoleniowej.","og_url":"https:\/\/instytutpm.eu\/polski-rynek-pracy-relacja-miedzy-polakami-a-cudzoziemcami\/","og_site_name":"Institute Of Migrant Rights","article_publisher":"https:\/\/www.facebook.com\/Instytutpm","article_published_time":"2022-12-23T13:02:00+00:00","article_modified_time":"2023-08-08T12:16:45+00:00","og_image":[{"width":1000,"height":500,"url":"https:\/\/instytutpm.eu\/wp-content\/uploads\/2022\/12\/Polski-rynek-pracy-header.jpeg","type":"image\/jpeg"}],"author":"Ksenia Pletnova","twitter_card":"summary_large_image","twitter_creator":"@Instytutipm","twitter_site":"@Instytutipm","twitter_misc":{"Written by":"Ksenia Pletnova","Est. reading time":"5 minutes"},"schema":{"@context":"https:\/\/schema.org","@graph":[{"@type":"Article","@id":"https:\/\/instytutpm.eu\/polski-rynek-pracy-relacja-miedzy-polakami-a-cudzoziemcami\/#article","isPartOf":{"@id":"https:\/\/instytutpm.eu\/polski-rynek-pracy-relacja-miedzy-polakami-a-cudzoziemcami\/"},"author":{"name":"Ksenia Pletnova","@id":"https:\/\/instytutpm.eu\/#\/schema\/person\/d5f966e83d4ad4b83ac2991f8d7b6868"},"headline":"Polski rynek pracy. Relacja mi\u0119dzy Polakami a cudzoziemcami","datePublished":"2022-12-23T13:02:00+00:00","dateModified":"2023-08-08T12:16:45+00:00","mainEntityOfPage":{"@id":"https:\/\/instytutpm.eu\/polski-rynek-pracy-relacja-miedzy-polakami-a-cudzoziemcami\/"},"wordCount":1355,"publisher":{"@id":"https:\/\/instytutpm.eu\/#organization"},"image":{"@id":"https:\/\/instytutpm.eu\/polski-rynek-pracy-relacja-miedzy-polakami-a-cudzoziemcami\/#primaryimage"},"thumbnailUrl":"https:\/\/instytutpm.eu\/wp-content\/uploads\/2022\/12\/Polski-rynek-pracy-header.jpeg","articleSection":["Ciekawostka"],"inLanguage":"en-US"},{"@type":"WebPage","@id":"https:\/\/instytutpm.eu\/polski-rynek-pracy-relacja-miedzy-polakami-a-cudzoziemcami\/","url":"https:\/\/instytutpm.eu\/polski-rynek-pracy-relacja-miedzy-polakami-a-cudzoziemcami\/","name":"Polski rynek pracy. Relacja mi\u0119dzy Polakami a cudzoziemcami - Institute Of Migrant Rights","isPartOf":{"@id":"https:\/\/instytutpm.eu\/#website"},"primaryImageOfPage":{"@id":"https:\/\/instytutpm.eu\/polski-rynek-pracy-relacja-miedzy-polakami-a-cudzoziemcami\/#primaryimage"},"image":{"@id":"https:\/\/instytutpm.eu\/polski-rynek-pracy-relacja-miedzy-polakami-a-cudzoziemcami\/#primaryimage"},"thumbnailUrl":"https:\/\/instytutpm.eu\/wp-content\/uploads\/2022\/12\/Polski-rynek-pracy-header.jpeg","datePublished":"2022-12-23T13:02:00+00:00","dateModified":"2023-08-08T12:16:45+00:00","description":"Naszyme celem jest kszta\u0142cenie spo\u0142ecze\u0144stwa r\u00f3wnych szans \u015bwiadomego swoich praw, poprzez prowadzenie dzia\u0142alno\u015bci konsultacyjnej i szkoleniowej.","breadcrumb":{"@id":"https:\/\/instytutpm.eu\/polski-rynek-pracy-relacja-miedzy-polakami-a-cudzoziemcami\/#breadcrumb"},"inLanguage":"en-US","potentialAction":[{"@type":"ReadAction","target":["https:\/\/instytutpm.eu\/polski-rynek-pracy-relacja-miedzy-polakami-a-cudzoziemcami\/"]}]},{"@type":"ImageObject","inLanguage":"en-US","@id":"https:\/\/instytutpm.eu\/polski-rynek-pracy-relacja-miedzy-polakami-a-cudzoziemcami\/#primaryimage","url":"https:\/\/instytutpm.eu\/wp-content\/uploads\/2022\/12\/Polski-rynek-pracy-header.jpeg","contentUrl":"https:\/\/instytutpm.eu\/wp-content\/uploads\/2022\/12\/Polski-rynek-pracy-header.jpeg","width":1000,"height":500,"caption":"Polski-rynek-pracy-header"},{"@type":"BreadcrumbList","@id":"https:\/\/instytutpm.eu\/polski-rynek-pracy-relacja-miedzy-polakami-a-cudzoziemcami\/#breadcrumb","itemListElement":[{"@type":"ListItem","position":1,"name":"Home","item":"https:\/\/instytutpm.eu\/en\/"},{"@type":"ListItem","position":2,"name":"Polski rynek pracy. Relacja mi\u0119dzy Polakami a cudzoziemcami"}]},{"@type":"WebSite","@id":"https:\/\/instytutpm.eu\/#website","url":"https:\/\/instytutpm.eu\/","name":"Instytut Praw Migrant\u00f3w","description":"Free information support for migrants living in Poland","publisher":{"@id":"https:\/\/instytutpm.eu\/#organization"},"alternateName":"IPM","potentialAction":[{"@type":"SearchAction","target":{"@type":"EntryPoint","urlTemplate":"https:\/\/instytutpm.eu\/?s={search_term_string}"},"query-input":{"@type":"PropertyValueSpecification","valueRequired":true,"valueName":"search_term_string"}}],"inLanguage":"en-US"},{"@type":"Organization","@id":"https:\/\/instytutpm.eu\/#organization","name":"Instytut Praw Migrant\u00f3w","alternateName":"IPM","url":"https:\/\/instytutpm.eu\/","logo":{"@type":"ImageObject","inLanguage":"en-US","@id":"https:\/\/instytutpm.eu\/#\/schema\/logo\/image\/","url":"https:\/\/instytutpm.eu\/wp-content\/uploads\/2023\/05\/ipm-logo.jpg","contentUrl":"https:\/\/instytutpm.eu\/wp-content\/uploads\/2023\/05\/ipm-logo.jpg","width":238,"height":238,"caption":"Instytut Praw Migrant\u00f3w"},"image":{"@id":"https:\/\/instytutpm.eu\/#\/schema\/logo\/image\/"},"sameAs":["https:\/\/www.facebook.com\/Instytutpm","https:\/\/x.com\/Instytutipm"]},{"@type":"Person","@id":"https:\/\/instytutpm.eu\/#\/schema\/person\/d5f966e83d4ad4b83ac2991f8d7b6868","name":"Ksenia Pletnova","image":{"@type":"ImageObject","inLanguage":"en-US","@id":"https:\/\/instytutpm.eu\/wp-content\/uploads\/2023\/08\/ksenia-pletneva-96x96.webp","url":"https:\/\/instytutpm.eu\/wp-content\/uploads\/2023\/08\/ksenia-pletneva-96x96.webp","contentUrl":"https:\/\/instytutpm.eu\/wp-content\/uploads\/2023\/08\/ksenia-pletneva-96x96.webp","caption":"Ksenia Pletnova"},"description":"Celem Instytutu Praw Migrant\u00f3w jest kszta\u0142cenie spo\u0142ecze\u0144stwa r\u00f3wnych szans \u015bwiadomego swoich praw, poprzez prowadzenie dzia\u0142alno\u015bci konsultacyjnej i szkoleniowej.","url":"https:\/\/instytutpm.eu\/en\/author\/kp-admin\/"}]}},"author_meta":{"display_name":"Ksenia Pletnova","author_link":"https:\/\/instytutpm.eu\/en\/author\/kp-admin\/"},"featured_img":"https:\/\/instytutpm.eu\/wp-content\/uploads\/2022\/12\/Polski-rynek-pracy-header-600x300.jpeg","coauthors":[],"tax_additional":{"categories":{"linked":["<a href=\"https:\/\/instytutpm.eu\/en\/category\/ciekawostka\/\" class=\"advgb-post-tax-term\">Ciekawostka<\/a>"],"unlinked":["<span class=\"advgb-post-tax-term\">Ciekawostka<\/span>"]}},"comment_count":"0","relative_dates":{"created":"Posted 3 years ago","modified":"Updated 3 years ago"},"absolute_dates":{"created":"Posted on 2022-12-23","modified":"Updated on 2023-08-08"},"absolute_dates_time":{"created":"Posted on 2022-12-23 14:02","modified":"Updated on 2023-08-08 14:16"},"featured_img_caption":"","series_order":"","_links":{"self":[{"href":"https:\/\/instytutpm.eu\/en\/wp-json\/wp\/v2\/posts\/1214","targetHints":{"allow":["GET"]}}],"collection":[{"href":"https:\/\/instytutpm.eu\/en\/wp-json\/wp\/v2\/posts"}],"about":[{"href":"https:\/\/instytutpm.eu\/en\/wp-json\/wp\/v2\/types\/post"}],"author":[{"embeddable":true,"href":"https:\/\/instytutpm.eu\/en\/wp-json\/wp\/v2\/users\/11"}],"replies":[{"embeddable":true,"href":"https:\/\/instytutpm.eu\/en\/wp-json\/wp\/v2\/comments?post=1214"}],"version-history":[{"count":1,"href":"https:\/\/instytutpm.eu\/en\/wp-json\/wp\/v2\/posts\/1214\/revisions"}],"predecessor-version":[{"id":1218,"href":"https:\/\/instytutpm.eu\/en\/wp-json\/wp\/v2\/posts\/1214\/revisions\/1218"}],"wp:featuredmedia":[{"embeddable":true,"href":"https:\/\/instytutpm.eu\/en\/wp-json\/wp\/v2\/media\/1656"}],"wp:attachment":[{"href":"https:\/\/instytutpm.eu\/en\/wp-json\/wp\/v2\/media?parent=1214"}],"wp:term":[{"taxonomy":"category","embeddable":true,"href":"https:\/\/instytutpm.eu\/en\/wp-json\/wp\/v2\/categories?post=1214"},{"taxonomy":"post_tag","embeddable":true,"href":"https:\/\/instytutpm.eu\/en\/wp-json\/wp\/v2\/tags?post=1214"}],"curies":[{"name":"wp","href":"https:\/\/api.w.org\/{rel}","templated":true}]}}