{"id":1171,"date":"2022-12-05T16:59:50","date_gmt":"2022-12-05T15:59:50","guid":{"rendered":"https:\/\/instytutpm.eu\/?p=1171"},"modified":"2023-05-29T21:24:28","modified_gmt":"2023-05-29T19:24:28","slug":"2-urodziny-instytutu-praw-migrantow-tydzien-darmowych-szkolen","status":"publish","type":"post","link":"https:\/\/instytutpm.eu\/en\/2-urodziny-instytutu-praw-migrantow-tydzien-darmowych-szkolen\/","title":{"rendered":"2. urodziny Instytutu Praw Migrant\u00f3w. Tydzie\u0144 darmowych szkole\u0144"},"content":{"rendered":"\n<figure class=\"wp-block-image size-full\"><img loading=\"lazy\" decoding=\"async\" width=\"720\" height=\"480\" src=\"https:\/\/instytutpm.eu\/wp-content\/uploads\/2022\/12\/urodziny-ipm.jpeg\" alt=\"urodziny-ipm\" class=\"wp-image-1724\"\/><\/figure>\n\n\n\n<p class=\"has-medium-font-size\">Fundacja Ukraina zaprasza na 2. urodziny Instytutu Praw Migrant\u00f3w. W ramach tego wydarzenia odb\u0119dzie si\u0119 tydzie\u0144 darmowych szkole\u0144 dla uchod\u017ac\u00f3w i migrant\u00f3w od naszych specjalist\u00f3w, m.in. doradztwo zawodowe i legalizacji pobytu, konsultacje z prawa rodzinnego i karnego oraz doradztwo przedsi\u0119biorczo\u015bci. Wst\u0119p wolny, natomiast obowi\u0105zuj\u0105 zapisy!<\/p>\n\n\n\n<p class=\"has-medium-font-size\"><strong>Co? <\/strong>2. urodziny Instytutu Praw Migrant\u00f3w<\/p>\n\n\n\n<p class=\"has-medium-font-size\"><strong>Gdzie?<\/strong> Instytut Praw Migrant\u00f3w, ul. Ruska 46A\/202<\/p>\n\n\n\n<p class=\"has-medium-font-size\"><strong>Kiedy?<\/strong> 12.12.2022 &#8211; 16.12.2022 codziennie o 17:00<\/p>\n\n\n\n<h2 class=\"wp-block-heading advgb-dyn-aa4f2feb\">Jak to si\u0119 zacz\u0119\u0142o?<\/h2>\n\n\n\n<p>Dwa lata temu powsta\u0142 Instytut Praw Migrant\u00f3w &#8211; niezale\u017cna instytucja, kt\u00f3ra kompleksowo zajmuje si\u0119 potrzebami migrant\u00f3w i migrantek oraz uchod\u017ac\u00f3w i uchod\u017aczy\u0144.<\/p>\n\n\n\n<p>Ju\u017c 2 lata z rz\u0119du konsultujemy migrant\u00f3w i migrantki mieszkaj\u0105cych nie tylko we Wroc\u0142awiu, ale i na terenie ca\u0142ej Polski. Ten rok by\u0142 dla Instytutu Praw Migrant\u00f3w bardzo produktywny. W\u015br\u00f3d naszych licznych osi\u0105gni\u0119\u0107 s\u0105:<\/p>\n\n\n\n<h2 class=\"wp-block-heading advgb-dyn-c7c728a6\">Harmonogram wydarze\u0144:<\/h2>\n\n\n\n<p><strong>12.12.2022<\/strong> (godz. 17.00) &#8211; szkolenie doradczyni zawodowej<strong> Joanny Handziak-Buczko <\/strong>na temat: <em>&nbsp;<strong>\u201cMo\u017cliwo\u015bci rozwoju zawodowego w Polsce. Jak znale\u017a\u0107 darmowe kursy?\u201d<\/strong><\/em>;<\/p>\n\n\n\n<p><strong>13.12.2022<\/strong> (godz. 17.00) &#8211; szkolenie specjalisty ds. przedsi\u0119biorczo\u015bci<strong> Krzysztofa Furtana<\/strong> na temat: <strong><em>\u201cOtwarcie w\u0142asnej dzia\u0142alno\u015bci w Polsce, inkubatory przedsi\u0119biorczo\u015bci\u201d<\/em><\/strong>;<\/p>\n\n\n\n<p><strong>14.12.2022<\/strong> (godz. 17.00) &#8211; szkolenie adwokata <strong>Angeliki W\u00f3jcik<\/strong> na temat:<em> <strong>\u201cRozw\u00f3d i uzyskanie aliment\u00f3w w Polsce\u201c<\/strong><\/em>;<\/p>\n\n\n\n<p><strong>15.12.2022<\/strong> (godz. 17.00) &#8211; szkolenie prawnika<strong> Dmytra Shvetsa<\/strong> na temat: <strong><em>\u201dAktualizacja w procesie legalizacji\u201d<\/em><\/strong>;<\/p>\n\n\n\n<p><strong>16.12.2022<\/strong> (godz. 17.00) &#8211; <strong>IPM EXPO<\/strong>, \u015bwi\u0119towanie + pokaz filmowy.<\/p>\n\n\n\n<p><strong>Link wydarzenia na Facebook wraz z formularzem do zapis\u00f3w: <a href=\"https:\/\/fb.me\/e\/35O8jR4iX\" target=\"_blank\" rel=\"noreferrer noopener\">https:\/\/fb.me\/e\/35O8jR4iX<\/a><\/strong><\/p>\n\n\n\n\n","protected":false},"excerpt":{"rendered":"<p>Fundacja Ukraina zaprasza na 2. urodziny Instytutu Praw Migrant\u00f3w. W ramach tego wydarzenia odb\u0119dzie si\u0119 tydzie\u0144 darmowych szkole\u0144 dla uchod\u017ac\u00f3w i migrant\u00f3w od naszych specjalist\u00f3w, m.in. doradztwo zawodowe i legalizacji pobytu, konsultacje z prawa rodzinnego i karnego oraz doradztwo przedsi\u0119biorczo\u015bci. Wst\u0119p wolny, natomiast obowi\u0105zuj\u0105 zapisy! Co? 2. urodziny Instytutu Praw Migrant\u00f3w Gdzie? Instytut Praw Migrant\u00f3w,&#8230;<\/p>\n","protected":false},"author":1,"featured_media":1724,"comment_status":"closed","ping_status":"closed","sticky":false,"template":"","format":"standard","meta":{"inline_featured_image":false,"advgb_blocks_editor_width":"","advgb_blocks_columns_visual_guide":"","footnotes":""},"categories":[1,33],"tags":[],"class_list":["post-1171","post","type-post","status-publish","format-standard","has-post-thumbnail","hentry","category-instytut-praw-migrantow","category-wydarzenia"],"yoast_head":"<!-- This site is optimized with the Yoast SEO plugin v27.5 - https:\/\/yoast.com\/product\/yoast-seo-wordpress\/ -->\n<title>2. urodziny Instytutu Praw Migrant\u00f3w. Tydzie\u0144 darmowych szkole\u0144 - Institute Of Migrant Rights<\/title>\n<meta name=\"description\" content=\"Naszyme celem jest kszta\u0142cenie spo\u0142ecze\u0144stwa r\u00f3wnych szans \u015bwiadomego swoich praw, poprzez prowadzenie dzia\u0142alno\u015bci konsultacyjnej i szkoleniowej.\" \/>\n<meta name=\"robots\" content=\"index, follow, max-snippet:-1, max-image-preview:large, max-video-preview:-1\" \/>\n<link rel=\"canonical\" href=\"https:\/\/instytutpm.eu\/2-urodziny-instytutu-praw-migrantow-tydzien-darmowych-szkolen\/\" \/>\n<meta property=\"og:locale\" content=\"en_US\" \/>\n<meta property=\"og:type\" content=\"article\" \/>\n<meta property=\"og:title\" content=\"2. urodziny Instytutu Praw Migrant\u00f3w. Tydzie\u0144 darmowych szkole\u0144 - Institute Of Migrant Rights\" \/>\n<meta property=\"og:description\" content=\"Naszyme celem jest kszta\u0142cenie spo\u0142ecze\u0144stwa r\u00f3wnych szans \u015bwiadomego swoich praw, poprzez prowadzenie dzia\u0142alno\u015bci konsultacyjnej i szkoleniowej.\" \/>\n<meta property=\"og:url\" content=\"https:\/\/instytutpm.eu\/2-urodziny-instytutu-praw-migrantow-tydzien-darmowych-szkolen\/\" \/>\n<meta property=\"og:site_name\" content=\"Institute Of Migrant Rights\" \/>\n<meta property=\"article:publisher\" content=\"https:\/\/www.facebook.com\/Instytutpm\" \/>\n<meta property=\"article:published_time\" content=\"2022-12-05T15:59:50+00:00\" \/>\n<meta property=\"article:modified_time\" content=\"2023-05-29T19:24:28+00:00\" \/>\n<meta property=\"og:image\" content=\"https:\/\/instytutpm.eu\/wp-content\/uploads\/2022\/12\/urodziny-ipm.jpeg\" \/>\n\t<meta property=\"og:image:width\" content=\"720\" \/>\n\t<meta property=\"og:image:height\" content=\"480\" \/>\n\t<meta property=\"og:image:type\" content=\"image\/jpeg\" \/>\n<meta name=\"author\" content=\"ipm-admin\" \/>\n<meta name=\"twitter:card\" content=\"summary_large_image\" \/>\n<meta name=\"twitter:creator\" content=\"@Instytutipm\" \/>\n<meta name=\"twitter:site\" content=\"@Instytutipm\" \/>\n<meta name=\"twitter:label1\" content=\"Written by\" \/>\n\t<meta name=\"twitter:data1\" content=\"ipm-admin\" \/>\n\t<meta name=\"twitter:label2\" content=\"Est. reading time\" \/>\n\t<meta name=\"twitter:data2\" content=\"2 minutes\" \/>\n<script type=\"application\/ld+json\" class=\"yoast-schema-graph\">{\"@context\":\"https:\\\/\\\/schema.org\",\"@graph\":[{\"@type\":\"Article\",\"@id\":\"https:\\\/\\\/instytutpm.eu\\\/2-urodziny-instytutu-praw-migrantow-tydzien-darmowych-szkolen\\\/#article\",\"isPartOf\":{\"@id\":\"https:\\\/\\\/instytutpm.eu\\\/2-urodziny-instytutu-praw-migrantow-tydzien-darmowych-szkolen\\\/\"},\"author\":{\"name\":\"ipm-admin\",\"@id\":\"https:\\\/\\\/instytutpm.eu\\\/#\\\/schema\\\/person\\\/7ee27440e0f1c965a4f2451a7274f97f\"},\"headline\":\"2. urodziny Instytutu Praw Migrant\u00f3w. Tydzie\u0144 darmowych szkole\u0144\",\"datePublished\":\"2022-12-05T15:59:50+00:00\",\"dateModified\":\"2023-05-29T19:24:28+00:00\",\"mainEntityOfPage\":{\"@id\":\"https:\\\/\\\/instytutpm.eu\\\/2-urodziny-instytutu-praw-migrantow-tydzien-darmowych-szkolen\\\/\"},\"wordCount\":258,\"publisher\":{\"@id\":\"https:\\\/\\\/instytutpm.eu\\\/#organization\"},\"image\":{\"@id\":\"https:\\\/\\\/instytutpm.eu\\\/2-urodziny-instytutu-praw-migrantow-tydzien-darmowych-szkolen\\\/#primaryimage\"},\"thumbnailUrl\":\"https:\\\/\\\/instytutpm.eu\\\/wp-content\\\/uploads\\\/2022\\\/12\\\/urodziny-ipm.jpeg\",\"articleSection\":[\"IPM\",\"Wydarzenia\"],\"inLanguage\":\"en-US\"},{\"@type\":\"WebPage\",\"@id\":\"https:\\\/\\\/instytutpm.eu\\\/2-urodziny-instytutu-praw-migrantow-tydzien-darmowych-szkolen\\\/\",\"url\":\"https:\\\/\\\/instytutpm.eu\\\/2-urodziny-instytutu-praw-migrantow-tydzien-darmowych-szkolen\\\/\",\"name\":\"2. urodziny Instytutu Praw Migrant\u00f3w. Tydzie\u0144 darmowych szkole\u0144 - Institute Of Migrant Rights\",\"isPartOf\":{\"@id\":\"https:\\\/\\\/instytutpm.eu\\\/#website\"},\"primaryImageOfPage\":{\"@id\":\"https:\\\/\\\/instytutpm.eu\\\/2-urodziny-instytutu-praw-migrantow-tydzien-darmowych-szkolen\\\/#primaryimage\"},\"image\":{\"@id\":\"https:\\\/\\\/instytutpm.eu\\\/2-urodziny-instytutu-praw-migrantow-tydzien-darmowych-szkolen\\\/#primaryimage\"},\"thumbnailUrl\":\"https:\\\/\\\/instytutpm.eu\\\/wp-content\\\/uploads\\\/2022\\\/12\\\/urodziny-ipm.jpeg\",\"datePublished\":\"2022-12-05T15:59:50+00:00\",\"dateModified\":\"2023-05-29T19:24:28+00:00\",\"description\":\"Naszyme celem jest kszta\u0142cenie spo\u0142ecze\u0144stwa r\u00f3wnych szans \u015bwiadomego swoich praw, poprzez prowadzenie dzia\u0142alno\u015bci konsultacyjnej i szkoleniowej.\",\"breadcrumb\":{\"@id\":\"https:\\\/\\\/instytutpm.eu\\\/2-urodziny-instytutu-praw-migrantow-tydzien-darmowych-szkolen\\\/#breadcrumb\"},\"inLanguage\":\"en-US\",\"potentialAction\":[{\"@type\":\"ReadAction\",\"target\":[\"https:\\\/\\\/instytutpm.eu\\\/2-urodziny-instytutu-praw-migrantow-tydzien-darmowych-szkolen\\\/\"]}]},{\"@type\":\"ImageObject\",\"inLanguage\":\"en-US\",\"@id\":\"https:\\\/\\\/instytutpm.eu\\\/2-urodziny-instytutu-praw-migrantow-tydzien-darmowych-szkolen\\\/#primaryimage\",\"url\":\"https:\\\/\\\/instytutpm.eu\\\/wp-content\\\/uploads\\\/2022\\\/12\\\/urodziny-ipm.jpeg\",\"contentUrl\":\"https:\\\/\\\/instytutpm.eu\\\/wp-content\\\/uploads\\\/2022\\\/12\\\/urodziny-ipm.jpeg\",\"width\":720,\"height\":480,\"caption\":\"urodziny-ipm\"},{\"@type\":\"BreadcrumbList\",\"@id\":\"https:\\\/\\\/instytutpm.eu\\\/2-urodziny-instytutu-praw-migrantow-tydzien-darmowych-szkolen\\\/#breadcrumb\",\"itemListElement\":[{\"@type\":\"ListItem\",\"position\":1,\"name\":\"Home\",\"item\":\"https:\\\/\\\/instytutpm.eu\\\/en\\\/\"},{\"@type\":\"ListItem\",\"position\":2,\"name\":\"2. urodziny Instytutu Praw Migrant\u00f3w. Tydzie\u0144 darmowych szkole\u0144\"}]},{\"@type\":\"WebSite\",\"@id\":\"https:\\\/\\\/instytutpm.eu\\\/#website\",\"url\":\"https:\\\/\\\/instytutpm.eu\\\/\",\"name\":\"Instytut Praw Migrant\u00f3w\",\"description\":\"Free information support for migrants living in Poland\",\"publisher\":{\"@id\":\"https:\\\/\\\/instytutpm.eu\\\/#organization\"},\"alternateName\":\"IPM\",\"potentialAction\":[{\"@type\":\"SearchAction\",\"target\":{\"@type\":\"EntryPoint\",\"urlTemplate\":\"https:\\\/\\\/instytutpm.eu\\\/?s={search_term_string}\"},\"query-input\":{\"@type\":\"PropertyValueSpecification\",\"valueRequired\":true,\"valueName\":\"search_term_string\"}}],\"inLanguage\":\"en-US\"},{\"@type\":\"Organization\",\"@id\":\"https:\\\/\\\/instytutpm.eu\\\/#organization\",\"name\":\"Instytut Praw Migrant\u00f3w\",\"alternateName\":\"IPM\",\"url\":\"https:\\\/\\\/instytutpm.eu\\\/\",\"logo\":{\"@type\":\"ImageObject\",\"inLanguage\":\"en-US\",\"@id\":\"https:\\\/\\\/instytutpm.eu\\\/#\\\/schema\\\/logo\\\/image\\\/\",\"url\":\"https:\\\/\\\/instytutpm.eu\\\/wp-content\\\/uploads\\\/2023\\\/05\\\/ipm-logo.jpg\",\"contentUrl\":\"https:\\\/\\\/instytutpm.eu\\\/wp-content\\\/uploads\\\/2023\\\/05\\\/ipm-logo.jpg\",\"width\":238,\"height\":238,\"caption\":\"Instytut Praw Migrant\u00f3w\"},\"image\":{\"@id\":\"https:\\\/\\\/instytutpm.eu\\\/#\\\/schema\\\/logo\\\/image\\\/\"},\"sameAs\":[\"https:\\\/\\\/www.facebook.com\\\/Instytutpm\",\"https:\\\/\\\/x.com\\\/Instytutipm\"]},{\"@type\":\"Person\",\"@id\":\"https:\\\/\\\/instytutpm.eu\\\/#\\\/schema\\\/person\\\/7ee27440e0f1c965a4f2451a7274f97f\",\"name\":\"ipm-admin\",\"image\":{\"@type\":\"ImageObject\",\"inLanguage\":\"en-US\",\"@id\":\"https:\\\/\\\/instytutpm.eu\\\/wp-content\\\/uploads\\\/2023\\\/05\\\/ipm-admin_avatar-96x96.png\",\"url\":\"https:\\\/\\\/instytutpm.eu\\\/wp-content\\\/uploads\\\/2023\\\/05\\\/ipm-admin_avatar-96x96.png\",\"contentUrl\":\"https:\\\/\\\/instytutpm.eu\\\/wp-content\\\/uploads\\\/2023\\\/05\\\/ipm-admin_avatar-96x96.png\",\"caption\":\"ipm-admin\"},\"sameAs\":[\"https:\\\/\\\/instytutpm.eu\"],\"url\":\"https:\\\/\\\/instytutpm.eu\\\/en\\\/author\\\/ipm-admin\\\/\"}]}<\/script>\n<!-- \/ Yoast SEO plugin. -->","yoast_head_json":{"title":"2. urodziny Instytutu Praw Migrant\u00f3w. Tydzie\u0144 darmowych szkole\u0144 - Institute Of Migrant Rights","description":"Naszyme celem jest kszta\u0142cenie spo\u0142ecze\u0144stwa r\u00f3wnych szans \u015bwiadomego swoich praw, poprzez prowadzenie dzia\u0142alno\u015bci konsultacyjnej i szkoleniowej.","robots":{"index":"index","follow":"follow","max-snippet":"max-snippet:-1","max-image-preview":"max-image-preview:large","max-video-preview":"max-video-preview:-1"},"canonical":"https:\/\/instytutpm.eu\/2-urodziny-instytutu-praw-migrantow-tydzien-darmowych-szkolen\/","og_locale":"en_US","og_type":"article","og_title":"2. urodziny Instytutu Praw Migrant\u00f3w. Tydzie\u0144 darmowych szkole\u0144 - Institute Of Migrant Rights","og_description":"Naszyme celem jest kszta\u0142cenie spo\u0142ecze\u0144stwa r\u00f3wnych szans \u015bwiadomego swoich praw, poprzez prowadzenie dzia\u0142alno\u015bci konsultacyjnej i szkoleniowej.","og_url":"https:\/\/instytutpm.eu\/2-urodziny-instytutu-praw-migrantow-tydzien-darmowych-szkolen\/","og_site_name":"Institute Of Migrant Rights","article_publisher":"https:\/\/www.facebook.com\/Instytutpm","article_published_time":"2022-12-05T15:59:50+00:00","article_modified_time":"2023-05-29T19:24:28+00:00","og_image":[{"width":720,"height":480,"url":"https:\/\/instytutpm.eu\/wp-content\/uploads\/2022\/12\/urodziny-ipm.jpeg","type":"image\/jpeg"}],"author":"ipm-admin","twitter_card":"summary_large_image","twitter_creator":"@Instytutipm","twitter_site":"@Instytutipm","twitter_misc":{"Written by":"ipm-admin","Est. reading time":"2 minutes"},"schema":{"@context":"https:\/\/schema.org","@graph":[{"@type":"Article","@id":"https:\/\/instytutpm.eu\/2-urodziny-instytutu-praw-migrantow-tydzien-darmowych-szkolen\/#article","isPartOf":{"@id":"https:\/\/instytutpm.eu\/2-urodziny-instytutu-praw-migrantow-tydzien-darmowych-szkolen\/"},"author":{"name":"ipm-admin","@id":"https:\/\/instytutpm.eu\/#\/schema\/person\/7ee27440e0f1c965a4f2451a7274f97f"},"headline":"2. urodziny Instytutu Praw Migrant\u00f3w. Tydzie\u0144 darmowych szkole\u0144","datePublished":"2022-12-05T15:59:50+00:00","dateModified":"2023-05-29T19:24:28+00:00","mainEntityOfPage":{"@id":"https:\/\/instytutpm.eu\/2-urodziny-instytutu-praw-migrantow-tydzien-darmowych-szkolen\/"},"wordCount":258,"publisher":{"@id":"https:\/\/instytutpm.eu\/#organization"},"image":{"@id":"https:\/\/instytutpm.eu\/2-urodziny-instytutu-praw-migrantow-tydzien-darmowych-szkolen\/#primaryimage"},"thumbnailUrl":"https:\/\/instytutpm.eu\/wp-content\/uploads\/2022\/12\/urodziny-ipm.jpeg","articleSection":["IPM","Wydarzenia"],"inLanguage":"en-US"},{"@type":"WebPage","@id":"https:\/\/instytutpm.eu\/2-urodziny-instytutu-praw-migrantow-tydzien-darmowych-szkolen\/","url":"https:\/\/instytutpm.eu\/2-urodziny-instytutu-praw-migrantow-tydzien-darmowych-szkolen\/","name":"2. urodziny Instytutu Praw Migrant\u00f3w. Tydzie\u0144 darmowych szkole\u0144 - Institute Of Migrant Rights","isPartOf":{"@id":"https:\/\/instytutpm.eu\/#website"},"primaryImageOfPage":{"@id":"https:\/\/instytutpm.eu\/2-urodziny-instytutu-praw-migrantow-tydzien-darmowych-szkolen\/#primaryimage"},"image":{"@id":"https:\/\/instytutpm.eu\/2-urodziny-instytutu-praw-migrantow-tydzien-darmowych-szkolen\/#primaryimage"},"thumbnailUrl":"https:\/\/instytutpm.eu\/wp-content\/uploads\/2022\/12\/urodziny-ipm.jpeg","datePublished":"2022-12-05T15:59:50+00:00","dateModified":"2023-05-29T19:24:28+00:00","description":"Naszyme celem jest kszta\u0142cenie spo\u0142ecze\u0144stwa r\u00f3wnych szans \u015bwiadomego swoich praw, poprzez prowadzenie dzia\u0142alno\u015bci konsultacyjnej i szkoleniowej.","breadcrumb":{"@id":"https:\/\/instytutpm.eu\/2-urodziny-instytutu-praw-migrantow-tydzien-darmowych-szkolen\/#breadcrumb"},"inLanguage":"en-US","potentialAction":[{"@type":"ReadAction","target":["https:\/\/instytutpm.eu\/2-urodziny-instytutu-praw-migrantow-tydzien-darmowych-szkolen\/"]}]},{"@type":"ImageObject","inLanguage":"en-US","@id":"https:\/\/instytutpm.eu\/2-urodziny-instytutu-praw-migrantow-tydzien-darmowych-szkolen\/#primaryimage","url":"https:\/\/instytutpm.eu\/wp-content\/uploads\/2022\/12\/urodziny-ipm.jpeg","contentUrl":"https:\/\/instytutpm.eu\/wp-content\/uploads\/2022\/12\/urodziny-ipm.jpeg","width":720,"height":480,"caption":"urodziny-ipm"},{"@type":"BreadcrumbList","@id":"https:\/\/instytutpm.eu\/2-urodziny-instytutu-praw-migrantow-tydzien-darmowych-szkolen\/#breadcrumb","itemListElement":[{"@type":"ListItem","position":1,"name":"Home","item":"https:\/\/instytutpm.eu\/en\/"},{"@type":"ListItem","position":2,"name":"2. urodziny Instytutu Praw Migrant\u00f3w. Tydzie\u0144 darmowych szkole\u0144"}]},{"@type":"WebSite","@id":"https:\/\/instytutpm.eu\/#website","url":"https:\/\/instytutpm.eu\/","name":"Instytut Praw Migrant\u00f3w","description":"Free information support for migrants living in Poland","publisher":{"@id":"https:\/\/instytutpm.eu\/#organization"},"alternateName":"IPM","potentialAction":[{"@type":"SearchAction","target":{"@type":"EntryPoint","urlTemplate":"https:\/\/instytutpm.eu\/?s={search_term_string}"},"query-input":{"@type":"PropertyValueSpecification","valueRequired":true,"valueName":"search_term_string"}}],"inLanguage":"en-US"},{"@type":"Organization","@id":"https:\/\/instytutpm.eu\/#organization","name":"Instytut Praw Migrant\u00f3w","alternateName":"IPM","url":"https:\/\/instytutpm.eu\/","logo":{"@type":"ImageObject","inLanguage":"en-US","@id":"https:\/\/instytutpm.eu\/#\/schema\/logo\/image\/","url":"https:\/\/instytutpm.eu\/wp-content\/uploads\/2023\/05\/ipm-logo.jpg","contentUrl":"https:\/\/instytutpm.eu\/wp-content\/uploads\/2023\/05\/ipm-logo.jpg","width":238,"height":238,"caption":"Instytut Praw Migrant\u00f3w"},"image":{"@id":"https:\/\/instytutpm.eu\/#\/schema\/logo\/image\/"},"sameAs":["https:\/\/www.facebook.com\/Instytutpm","https:\/\/x.com\/Instytutipm"]},{"@type":"Person","@id":"https:\/\/instytutpm.eu\/#\/schema\/person\/7ee27440e0f1c965a4f2451a7274f97f","name":"ipm-admin","image":{"@type":"ImageObject","inLanguage":"en-US","@id":"https:\/\/instytutpm.eu\/wp-content\/uploads\/2023\/05\/ipm-admin_avatar-96x96.png","url":"https:\/\/instytutpm.eu\/wp-content\/uploads\/2023\/05\/ipm-admin_avatar-96x96.png","contentUrl":"https:\/\/instytutpm.eu\/wp-content\/uploads\/2023\/05\/ipm-admin_avatar-96x96.png","caption":"ipm-admin"},"sameAs":["https:\/\/instytutpm.eu"],"url":"https:\/\/instytutpm.eu\/en\/author\/ipm-admin\/"}]}},"author_meta":{"display_name":"ipm-admin","author_link":"https:\/\/instytutpm.eu\/en\/author\/ipm-admin\/"},"featured_img":"https:\/\/instytutpm.eu\/wp-content\/uploads\/2022\/12\/urodziny-ipm-600x400.jpeg","coauthors":[],"tax_additional":{"categories":{"linked":["<a href=\"https:\/\/instytutpm.eu\/en\/category\/instytut-praw-migrantow\/\" class=\"advgb-post-tax-term\">IPM<\/a>","<a href=\"https:\/\/instytutpm.eu\/en\/category\/wydarzenia\/\" class=\"advgb-post-tax-term\">Wydarzenia<\/a>"],"unlinked":["<span class=\"advgb-post-tax-term\">IPM<\/span>","<span class=\"advgb-post-tax-term\">Wydarzenia<\/span>"]}},"comment_count":"0","relative_dates":{"created":"Posted 3 years ago","modified":"Updated 3 years ago"},"absolute_dates":{"created":"Posted on 2022-12-05","modified":"Updated on 2023-05-29"},"absolute_dates_time":{"created":"Posted on 2022-12-05 16:59","modified":"Updated on 2023-05-29 21:24"},"featured_img_caption":"","series_order":"","_links":{"self":[{"href":"https:\/\/instytutpm.eu\/en\/wp-json\/wp\/v2\/posts\/1171","targetHints":{"allow":["GET"]}}],"collection":[{"href":"https:\/\/instytutpm.eu\/en\/wp-json\/wp\/v2\/posts"}],"about":[{"href":"https:\/\/instytutpm.eu\/en\/wp-json\/wp\/v2\/types\/post"}],"author":[{"embeddable":true,"href":"https:\/\/instytutpm.eu\/en\/wp-json\/wp\/v2\/users\/1"}],"replies":[{"embeddable":true,"href":"https:\/\/instytutpm.eu\/en\/wp-json\/wp\/v2\/comments?post=1171"}],"version-history":[{"count":7,"href":"https:\/\/instytutpm.eu\/en\/wp-json\/wp\/v2\/posts\/1171\/revisions"}],"predecessor-version":[{"id":1728,"href":"https:\/\/instytutpm.eu\/en\/wp-json\/wp\/v2\/posts\/1171\/revisions\/1728"}],"wp:featuredmedia":[{"embeddable":true,"href":"https:\/\/instytutpm.eu\/en\/wp-json\/wp\/v2\/media\/1724"}],"wp:attachment":[{"href":"https:\/\/instytutpm.eu\/en\/wp-json\/wp\/v2\/media?parent=1171"}],"wp:term":[{"taxonomy":"category","embeddable":true,"href":"https:\/\/instytutpm.eu\/en\/wp-json\/wp\/v2\/categories?post=1171"},{"taxonomy":"post_tag","embeddable":true,"href":"https:\/\/instytutpm.eu\/en\/wp-json\/wp\/v2\/tags?post=1171"}],"curies":[{"name":"wp","href":"https:\/\/api.w.org\/{rel}","templated":true}]}}